{"id":23865,"date":"2023-02-01T13:35:27","date_gmt":"2023-02-01T10:35:27","guid":{"rendered":"http:\/\/akdenizolaygazetesi.com\/?p=23865"},"modified":"2023-02-01T13:35:27","modified_gmt":"2023-02-01T10:35:27","slug":"toroslarin-yaylalari-beyaza-burundu","status":"publish","type":"post","link":"https:\/\/akdenizolaygazetesi.com\/?p=23865","title":{"rendered":"TOROSLAR&#8217;IN YAYLALARI BEYAZA B\u00dcR\u00dcND\u00dc"},"content":{"rendered":"<p>Mersin&#8217;in merkez il\u00e7esi Toroslar&#8217;\u0131n y\u00fcksek kesimleri, kar ya\u011f\u0131\u015f\u0131 ile beyaza b\u00fcr\u00fcnd\u00fc.<\/p>\n<p>Yaz aylar\u0131nda yemye\u015fil do\u011fas\u0131yla huzur veren yaylalar, k\u0131\u015f aylar\u0131nda da b\u00fct\u00fcn g\u00fczelli\u011fiyle kartpostall\u0131k g\u00f6r\u00fcnt\u00fc veriyor.<\/p>\n<p>Ba\u015fkan Y\u0131lmaz;  &#8220;Toroslar&#8217;da K\u0131\u015f da G\u00fczel&#8221;<\/p>\n<p>Toroslar Belediye Ba\u015fkan\u0131 Ats\u0131z Af\u015f\u0131n Y\u0131lmaz, Toroslar&#8217;\u0131n k\u0131\u015f turizmi konusunda \u00f6nemli bir potansiyele sahip oldu\u011funu belirterek,  bu y\u0131l kar ya\u011f\u0131\u015f\u0131n\u0131n biraz ge\u00e7 geldi\u011fini ancak yaz\u0131n oldu\u011fu gibi k\u0131\u015f\u0131n da do\u011fan\u0131n tad\u0131n\u0131 \u00e7\u0131karmak isteyenleri Toroslar&#8217;\u0131n yaylalar\u0131na beklediklerini s\u00f6yledi.<\/p>\n<p>Ba\u015fkan Y\u0131lmaz; &#8220;E\u015fsiz do\u011fal g\u00fczelliklere sahip yaylalar\u0131m\u0131za, mevsimin ilk kar\u0131 d\u00fc\u015ft\u00fc. Do\u011fa turizmi anlam\u0131nda insanlar\u0131m\u0131z\u0131n uzaklara gitmesine gerek yok. Toroslar\u0131m\u0131z\u0131n yaylalar\u0131 k\u0131\u015f\u0131n da ayr\u0131 bir g\u00fczel. Yaylalar\u0131m\u0131zda do\u011fa turizmini canland\u0131rmak amac\u0131yla \u00e7al\u0131\u015fmalar\u0131m\u0131z\u0131 s\u00fcrd\u00fcr\u00fcyoruz&#8221; diye konu\u015ftu.<\/p>\n","protected":false},"excerpt":{"rendered":"<p>Mersin&#8217;in merkez il\u00e7esi Toroslar&#8217;\u0131n y\u00fcksek kesimleri, kar ya\u011f\u0131\u015f\u0131 ile beyaza b\u00fcr\u00fcnd\u00fc. Yaz aylar\u0131nda yemye\u015fil do\u011fas\u0131yla huzur veren yaylalar, k\u0131\u015f aylar\u0131nda da b\u00fct\u00fcn g\u00fczelli\u011fiyle kartpostall\u0131k g\u00f6r\u00fcnt\u00fc veriyor. Ba\u015fkan Y\u0131lmaz; &#8220;Toroslar&#8217;da K\u0131\u015f &hellip; <a href=\"https:\/\/akdenizolaygazetesi.com\/?p=23865\" class=\"more-link\">Devam\u0131n\u0131 Oku&#8230;<\/a><\/p>\n","protected":false},"author":2,"featured_media":23866,"comment_status":"open","ping_status":"open","sticky":false,"template":"","format":"standard","meta":[],"categories":[3],"tags":[],"_links":{"self":[{"href":"https:\/\/akdenizolaygazetesi.com\/index.php?rest_route=\/wp\/v2\/posts\/23865"}],"collection":[{"href":"https:\/\/akdenizolaygazetesi.com\/index.php?rest_route=\/wp\/v2\/posts"}],"about":[{"href":"https:\/\/akdenizolaygazetesi.com\/index.php?rest_route=\/wp\/v2\/types\/post"}],"author":[{"embeddable":true,"href":"https:\/\/akdenizolaygazetesi.com\/index.php?rest_route=\/wp\/v2\/users\/2"}],"replies":[{"embeddable":true,"href":"https:\/\/akdenizolaygazetesi.com\/index.php?rest_route=%2Fwp%2Fv2%2Fcomments&post=23865"}],"version-history":[{"count":1,"href":"https:\/\/akdenizolaygazetesi.com\/index.php?rest_route=\/wp\/v2\/posts\/23865\/revisions"}],"predecessor-version":[{"id":23867,"href":"https:\/\/akdenizolaygazetesi.com\/index.php?rest_route=\/wp\/v2\/posts\/23865\/revisions\/23867"}],"wp:featuredmedia":[{"embeddable":true,"href":"https:\/\/akdenizolaygazetesi.com\/index.php?rest_route=\/wp\/v2\/media\/23866"}],"wp:attachment":[{"href":"https:\/\/akdenizolaygazetesi.com\/index.php?rest_route=%2Fwp%2Fv2%2Fmedia&parent=23865"}],"wp:term":[{"taxonomy":"category","embeddable":true,"href":"https:\/\/akdenizolaygazetesi.com\/index.php?rest_route=%2Fwp%2Fv2%2Fcategories&post=23865"},{"taxonomy":"post_tag","embeddable":true,"href":"https:\/\/akdenizolaygazetesi.com\/index.php?rest_route=%2Fwp%2Fv2%2Ftags&post=23865"}],"curies":[{"name":"wp","href":"https:\/\/api.w.org\/{rel}","templated":true}]}}