{"id":23876,"date":"2023-02-02T13:12:03","date_gmt":"2023-02-02T10:12:03","guid":{"rendered":"http:\/\/akdenizolaygazetesi.com\/?p=23876"},"modified":"2023-02-02T13:12:03","modified_gmt":"2023-02-02T10:12:03","slug":"buyuksehirin-ogrencileri-bilgi-yarismasinda-ter-doktu","status":"publish","type":"post","link":"https:\/\/akdenizolaygazetesi.com\/?p=23876","title":{"rendered":"B\u00dcY\u00dcK\u015eEH\u0130R&#8217;\u0130N \u00d6\u011eRENC\u0130LER\u0130 B\u0130LG\u0130 YARI\u015eMASINDA TER D\u00d6KT\u00dc"},"content":{"rendered":"<p>Mersin B\u00fcy\u00fck\u015fehir Belediye Ba\u015fkan\u0131 Vahap Se\u00e7er, B\u00fcy\u00fck\u015fehir Belediyesi E\u011fitim ve \u00d6\u011fretimi Destekleme Kurs Merkezleri&#8217;nde e\u011fitim g\u00f6ren LGS \u00f6\u011frencilerine y\u00f6nelik d\u00fczenlenen Bilgi Yar\u0131\u015fmas\u0131&#8217;na kat\u0131ld\u0131. Kongre ve Sergi Saray\u0131&#8217;nda d\u00fczenlenen yar\u0131\u015fmada Ba\u015fkan Se\u00e7er, \u00f6\u011frencilerin b\u00fcy\u00fck co\u015fkusu ile kar\u015f\u0131land\u0131. Etkinlikte Ba\u015fkan Se\u00e7er, kura \u00e7ekimi ile masalar\u0131 belirledi, ard\u0131ndan da yar\u0131\u015fmac\u0131lara tek tek ba\u015far\u0131lar dileyerek ba\u015flang\u0131\u00e7 zilini \u00e7ald\u0131 ve Bilgi Yar\u0131\u015fmas\u0131&#8217;n\u0131 ba\u015flatt\u0131. Y\u00fczlerce \u00f6\u011frencinin izledi\u011fi ve 14 kurs merkezinden 42 yar\u0131\u015fmac\u0131n\u0131n kat\u0131ld\u0131\u011f\u0131 yar\u0131\u015fman\u0131n birincisi Eski \u00d6merli \u015eubesi oldu.<br \/>\n&#8220;E\u011fitim insanl\u0131k demek, insanl\u0131\u011f\u0131n ta kendisi demek&#8221;<br \/>\nYar\u0131\u015fma \u00f6ncesi gen\u00e7lere seslenen Ba\u015fkan Se\u00e7er, &#8220;O kadar enerjiniz y\u00fcksek, o kadar g\u00fczelsiniz ki benim de enerjimi y\u00fckselttiniz. \u00c7al\u0131\u015fma \u015fevkimi art\u0131rd\u0131n\u0131z. Hep b\u00f6yle olun. Umutlu olun, hayal kurun, gelece\u011fe umutla bak\u0131n, birbirinizi sevin, say\u0131n, yard\u0131mc\u0131 olun, hayat\u0131n en g\u00fczelliklerini ya\u015fay\u0131n. Sizler ad\u0131na s\u00f6yleyece\u011fim en iyi dilekler bunlar ama sizlerin gelece\u011fini haz\u0131rlayan,  \u00fclkemizin, insanl\u0131\u011f\u0131n daha da geli\u015fmesi i\u00e7in \u00e7al\u0131\u015fan, \u00e7aba saf eden biz y\u00f6neticilerin dilekten, temenniden \u00f6te de yapmas\u0131 gerekenler var. Birincisi de e\u011fitim&#8221; dedi.<br \/>\nE\u011fitimin b\u00fcy\u00fck bir resim oldu\u011funu ifade eden Ba\u015fkan Se\u00e7er, \u00f6\u011frencilerin; \u00f6\u011fretimin yan\u0131nda kendilerini e\u011fitebilmelerinin de \u00e7ok \u00f6nemli oldu\u011funu belirterek, &#8220;E\u011fitim yoksa gerisi bo\u015ftur. E\u011fitim varsa huzur, bar\u0131\u015f, sevgi, karde\u015flik, bilim, ilim, irfan, geli\u015fme ve refah vard\u0131r. Onun i\u00e7in Ulu \u00d6nder Mustafa Kemal Atat\u00fcrk&#8217;\u00fcn s\u00f6z\u00fcn\u00fc hat\u0131rlayal\u0131m; &#8216;Hayatta en hakiki m\u00fcr\u015fit ilimdir&#8217;. \u0130limin pe\u015finden gidece\u011fiz. \u00d6\u011frenece\u011fiz, kendimizi e\u011fitece\u011fiz. E\u011fitim daha b\u00fcy\u00fck bir resim. \u00d6\u011freniriz; matemati\u011fi, kimyay\u0131, fizi\u011fi, form\u00fclleri, co\u011frafyay\u0131, tarihi \u00f6\u011freniriz ama e\u011fitim bunlar\u0131n \u00e7ok \u00f6tesinde. E\u011fitim insanl\u0131k demek, insanl\u0131\u011f\u0131n ta kendisi demek, bir arada ya\u015fama k\u00fclt\u00fcr\u00fc demek. Sizin gibi olmayanlara sayg\u0131 duymak demek. E\u011fitim; nezaket demek, b\u00fcy\u00fcklerini saymak demek, vatan sevgisi demek. \u00d6\u011frenece\u011fiz, kendimizi \u00e7ok daha iyi e\u011fitece\u011fiz ve bize sunulan bu enstr\u00fcmanlardan da faydalanaca\u011f\u0131z&#8221; diye konu\u015ftu.<br \/>\n&#8220;Bizim yapt\u0131\u011f\u0131m\u0131z her hizmet, her yat\u0131r\u0131m sizin paran\u0131z&#8221;<br \/>\nBa\u015fkan Se\u00e7er, \u00e7ocuklar ve gen\u00e7lere \u00f6\u011f\u00fct vermek yerine, hizmetlerle yan\u0131nda olmay\u0131 ve yol g\u00f6stermeyi tercih ettiklerini s\u00f6zlerine ekleyerek, &#8220;B\u00fcy\u00fcklerin k\u00fc\u00e7\u00fcklerine \u00e7ok \u00f6\u011f\u00fct vermesini istemiyorum. Sadece ba\u015fl\u0131klar verip gerisini \u00e7ocuklara b\u0131rakmak laz\u0131m. B\u00f6yle saatlerce \u00f6\u011f\u00fct vermek de a\u00e7\u0131k\u00e7as\u0131 ho\u015fuma gitmiyor ama en az\u0131ndan buras\u0131 Mersin. Belediye Ba\u015fkan\u0131 olarak buras\u0131 benim sorumluluk alan\u0131m. G\u00f6revim, yetkim dahilinde Mersin&#8217;de e\u011fitime, \u00f6\u011fretime nas\u0131l katk\u0131 verebilirim diye d\u00fc\u015f\u00fcnmek, bunun \u00e7al\u0131\u015fmas\u0131n\u0131 yapmak, bunu hayata ge\u00e7irmek benim idari bir g\u00f6revim. Siyaset\u00e7i, y\u00f6netici halk\u0131n kar\u015f\u0131s\u0131na \u00e7\u0131k\u0131yor. &#8216;Ben sizin ad\u0131n\u0131za g\u00f6rev yapmak istiyorum. Sizin ad\u0131n\u0131za b\u00fct\u00e7eyi kullanmak istiyorum&#8217; diyor. Demokrasi de budur. Bundan bin y\u0131l \u00f6nce \u0130ngiltere&#8217;de ilk ye\u015feren demokrasinin temeli de budur; kamunun kaynaklar\u0131n\u0131, halk\u0131n kaynaklar\u0131n\u0131 kullanma yetkisi, demokrasi ondan sonra \u015fekilleniyor. \u00c7\u00fcnk\u00fc bizim yapt\u0131\u011f\u0131m\u0131z her i\u015flem, eylem, hizmet, yat\u0131r\u0131m unutmay\u0131n sizin paran\u0131z, sizin kayna\u011f\u0131n\u0131z. Biz sorumluyuz. Siyaset\u00e7ilerin \u00e7ok afra tafra yapt\u0131\u011f\u0131na, kesesinden veriyormu\u015f gibi hizmetlerini anlatt\u0131\u011f\u0131na sak\u0131n kanmay\u0131n. Zaten o bizim g\u00f6revimiz. Biz sizin kar\u015f\u0131n\u0131zda ba\u011f\u0131rmak, \u00e7a\u011f\u0131rmak \u00f6fke kusmak, b\u00fcy\u00fckl\u00fck taslamak de\u011fil, son derece m\u00fctevazi olmak zorunday\u0131z. Siyaset\u00e7i olarak halk\u0131n kar\u015f\u0131s\u0131nda da haddimize bilmek zorunday\u0131z. Bunu unutmay\u0131n&#8221; ifadelerine yer verdi.<br \/>\n&#8220;Hepiniz iyisiniz, hepiniz bilgilisiniz&#8221;<br \/>\nYar\u0131\u015fma i\u00e7in; &#8216;Gayet centilmence ge\u00e7ecek \u00e7ok eminim&#8217; diyen Ba\u015fkan Se\u00e7er, &#8220;Daha sakin olan kazanacak. Asl\u0131nda hepiniz iyisiniz, hepiniz bilgilisiniz, sorulan sorulara yan\u0131t verecek birikimdesiniz hi\u00e7bir \u015f\u00fcphem yok ama burada en so\u011fukkanl\u0131 olan, &#8216;heyecanland\u0131m, unuttum&#8217; demeyen yar\u0131\u015fmay\u0131 kazanacak bu kadar. Onun i\u00e7in de s\u0131ralamaya girmezseniz sak\u0131n \u00fcz\u00fclmeyin, hi\u00e7 \u00fcz\u00fclmeyin. O an heyecan yapm\u0131\u015fs\u0131n\u0131zd\u0131r, sorular\u0131n yan\u0131tlar\u0131n\u0131 hat\u0131rlayamam\u0131\u015fs\u0131n\u0131zd\u0131r&#8221; dedi.<br \/>\n&#8220;Talep olduk\u00e7a imkanlar\u0131n\u0131z\u0131 art\u0131r\u0131r\u0131z&#8221;<br \/>\n\u00d6\u011frenciler i\u00e7in verdikleri hizmetleri anlatan Ba\u015fkan Se\u00e7er, e\u011fitimin yan\u0131 s\u0131ra beslenme noktas\u0131nda verdikleri hizmetlerden olan s\u00fct ve \u00f6\u011fle yeme\u011fi deste\u011finden bahsetti.  Ba\u015fkan Se\u00e7er, &#8220;Sizler gibi Mersin genelinde 1800 \u00f6\u011frencimiz dershanelerimize devam ediyor. Biz de talep olduk\u00e7a imkanlar\u0131n\u0131z\u0131 art\u0131r\u0131r\u0131z. Silifke ve Erdemli d\u0131\u015f\u0131nda b\u00fct\u00fcn il\u00e7elerimizde var. Bizim 19 kurs merkezimiz var. \u00c7\u00fcnk\u00fc sizin abileriniz ablalar\u0131n\u0131z da \u00fcniversiteye haz\u0131rlan\u0131yor ve \u00e7okta g\u00fczel \u00fcniversiteler kazan\u0131yorlar. Bizimle i\u015finiz bitmiyor. \u015eimdi g\u00fczel liselere ge\u00e7eceksiniz ard\u0131ndan yine biz size yard\u0131mc\u0131 olaca\u011f\u0131z, \u00e7ok g\u00fczel \u00fcniversitelere gideceksiniz. Hem Mersinimizi hem \u00fclkemizi temsil edeceksiniz. Hem Mersinimize hem \u00fclkemize ama her \u015feyden \u00f6nemlisi insanl\u0131\u011fa katk\u0131 yapacaks\u0131n\u0131z. Bilim insan\u0131 olacaks\u0131n\u0131z. Farkl\u0131 alanlarda yetkin insan olacaks\u0131n\u0131z. Merkezde ve baz\u0131 b\u00f6lgelerde 8 dersli\u011fimizde \u00e7ocuklar\u0131m\u0131za \u00f6\u011fle yeme\u011fi sunuyoruz. Di\u011fer merkezlerimizde de bunun \u00e7abas\u0131 i\u00e7erisindeyiz. \u00c7ocuklar\u0131m\u0131z\u0131n iyi beslenmesini istiyoruz. Onun i\u00e7in ilk\u00f6\u011fretim okullar\u0131nda \u00e7ocuklar\u0131m\u0131za; \u00f6zellikle eri\u015fimde sorun ya\u015fayan b\u00f6lgelerde; s\u00fct g\u00f6nderiyoruz. \u00c7ocuklar\u0131m\u0131z hayvansal protein als\u0131n. Beslenme; hem fizyolojik olarak hem zihinsel olarak da \u00e7ocuklar\u0131m\u0131z i\u00e7in \u00e7ok \u00f6nemli, \u00e7ok de\u011ferli&#8221; ifadelerine yer verdi.<br \/>\n&#8220;Bilim ve teknoloji at\u00f6lyelerinden \u00e7ok \u00f6nemli katk\u0131 alabilirsiniz&#8221;<br \/>\nTarsus&#8217;ta bulunan Kad\u0131n ve \u00c7ocuk Bilim At\u00f6lyesi gibi merkezlerin say\u0131s\u0131n\u0131 art\u0131racaklar\u0131n\u0131 ifade eden Ba\u015fkan Se\u00e7er, \u00e7ocuklara bu merkezden faydalanmalar\u0131n\u0131 \u00f6nererek, &#8220;Bilim ve teknoloji at\u00f6lyeleri; bunu duymayanlar\u0131n\u0131z duysun. \u015eu anda \u00f6rne\u011fin Tarsus&#8217;ta matematik evimiz var. Orada robotik kodlamalar yap\u0131l\u0131yor. Di\u011fer b\u00f6lgelerde de a\u00e7\u0131lacak onun haz\u0131rl\u0131\u011f\u0131n\u0131 yap\u0131yorlar. \u00c7ok \u00f6nemli katk\u0131 alabilirsiniz&#8221; dedi.<br \/>\n&#8220;Zaman i\u00e7erisinde her il\u00e7ede okuma salonlar\u0131m\u0131z olacak&#8221;<br \/>\nSalonda bulunan \u00e7ocuklara B\u00fcy\u00fck\u015fehir Belediyesi&#8217;nin okuma salonlar\u0131na gidip gitmediklerini ve en \u00e7ok hangisini sevdiklerini soran Ba\u015fkan Se\u00e7er, \u00e7ocuklardan Adres ve Halkkent yan\u0131t\u0131n\u0131 ald\u0131. Okuma Salonlar\u0131n\u0131n da say\u0131s\u0131n\u0131 art\u0131racaklar\u0131n\u0131 s\u00f6zlerine ekleyen Ba\u015fkan Se\u00e7er, &#8220;9 okuma salonumuz var, bunun say\u0131s\u0131n\u0131 art\u0131raca\u011f\u0131z. \u015eimdi merkezde ya\u015fayanlar i\u00e7in en pop\u00fcler olan Adres Okuma Salonu. Sahilde oldu\u011fu i\u00e7in \u00f6yle ama il\u00e7eden gelenler de merak etmesin her il\u00e7ede okuma salonlar\u0131m\u0131z zaman i\u00e7erisinde olacak. Tarsus&#8217;ta var, Halkkent, Adres Okuma Salonu, bulundu\u011fumuz b\u00f6lgede \u00e7ok geni\u015f bir okuma salonu var. Gelecek haftalarda da a\u00e7\u0131l\u0131\u015f\u0131n\u0131 yapaca\u011f\u0131z. Hatta \u015fu anda asl\u0131nda faal duruma da soktuk. Hal Mahallesi&#8217;nde okuma salonumuz var. Toplamda 9 okuma salonu var ama 19 olsun 29 olsun \u00e7ocuklar\u0131m\u0131z daha temiz, daha s\u0131hhi, daha s\u0131cak ortamda derslerine \u00e7al\u0131\u015fs\u0131n istiyoruz. Bu konuyu da \u00e7ok \u00f6nemsiyorum&#8221; diye konu\u015ftu.<br \/>\n&#8220;Sanatsal faaliyetleri takip edin&#8221;<br \/>\nBelediye otob\u00fcslerinin \u00f6\u011frencilere 1 TL olmas\u0131na da de\u011finen Ba\u015fkan Se\u00e7er, &#8220;Bu limonlarda biliyorsunuz Wi-Fi de var. K\u0131\u015f\u0131n s\u0131cak, yaz\u0131n so\u011fuk. 1 TL, abonman kart\u0131n olmayanlar als\u0131n&#8221; dedi. K\u00fclt\u00fcr ve sanat\u0131 \u00f6nemsediklerini ve bu do\u011frultuda hizmetleri hayata ge\u00e7irdiklerini vurgulayan Ba\u015fkan Se\u00e7er, &#8220;E\u011fer sanat ve k\u00fclt\u00fcr yoksa Atat\u00fcrk&#8217;\u00fcn dedi\u011fi gibi o toplumun hayat damarlar\u0131ndan biri kopmu\u015f demektir. Mutlaka sanat, k\u00fclt\u00fcr,  kitap, roman, \u015fiir, \u015fair olacak. O zaman e\u011fitimli toplum oluruz, o zaman sevginin, a\u015fk\u0131n de\u011ferini, k\u0131ymetini, insanl\u0131\u011f\u0131n \u015fefkatini, k\u0131ymetini \u00e7ok daha iyi biliriz. \u0130\u015fte o zaman vicdanl\u0131 insanlar olabiliriz&#8221; diye konu\u015ftu. \u00d6\u011frencilere tiyatroya da ilgi g\u00f6stermeleri \u00e7a\u011fr\u0131s\u0131nda bulunan Ba\u015fkan Se\u00e7er, \u015eehir Tiyatrosu&#8217;nun B\u00fcy\u00fck\u015fehir Kurs Merkezleri&#8217;nin tamam\u0131nda tek ki\u015filik &#8216;Ben Mimar Sinan&#8217; oyununu sahneleyece\u011fini s\u00f6yleyerek, oyunun ilgiliyle izlenece\u011fi temennisinde bulundu.  Yap\u0131lan konser ve festivallerin \u00f6\u011frenciler ve gen\u00e7ler i\u00e7in yap\u0131ld\u0131\u011f\u0131na dikkat \u00e7eken Ba\u015fkan Se\u00e7er, &#8220;Festival, tiyatro, sanat etkinlikleri, konser demek, her birinizin birbirinin fark\u0131n\u0131 g\u00f6rmeden; b\u00f6lgesel, cinsiyet, sosyo-ekonomik fark g\u00f6rmeden; bar\u0131\u015f ve huzur i\u00e7inde bir arada olmakt\u0131r. Bir arada olun, sosyalle\u015fin, biz bunu arzu ediyoruz. Sanat konusunda da k\u00fclt\u00fcr konusunda da bizim yapt\u0131\u011f\u0131m\u0131z faaliyetleri takip etmenizi istiyorum&#8221; ifadelerini kulland\u0131.<br \/>\n&#8220;Her \u015fey sizler i\u00e7in&#8221;<br \/>\nMersin&#8217;de bir \u0130klim ve \u00c7evre Bilim Merkezi yapacaklar\u0131 m\u00fcjdesini de veren Ba\u015fkan Se\u00e7er, &#8220;Haziran ay\u0131 gibi Planetaryum k\u0131sm\u0131 bitecek. Orada \u00fc\u00e7 boyutlu uzay yolculu\u011funa \u00e7\u0131kabileceksiniz. Daha sonraki a\u015famas\u0131 da k\u0131sa s\u00fcrede tamamlanacak. Orada 150&#8217;ye yak\u0131n deneyi yapma imk\u00e2n\u0131 sunaca\u011f\u0131z. Ben de heyecanla bekliyorum, bir an \u00f6nce bitirelim, \u00e7ocuklar\u0131m\u0131zla beraber a\u00e7al\u0131m oray\u0131 ve faaliyetler ba\u015flas\u0131n. \u00c7ok be\u011fenece\u011finize eminim&#8221; diye konu\u015ftu. Hizmete sunduklar\u0131 her \u015feyin \u00e7ocuklar ve gen\u00e7ler i\u00e7in oldu\u011funu vurgulayan Ba\u015fkan Se\u00e7er, &#8220;Her \u015fey sizler i\u00e7in. Herkesin ortak kayg\u0131s\u0131 siz \u00e7ocuklar\u0131m\u0131zs\u0131n\u0131z. Sizler olmazsan\u0131z bizlerin ya\u015fama nedeni olmaz. Bizler sizlerin \u00fczerinize titriyoruz. Daha iyi bir e\u011fitim, daha iyi bir gelecek, temiz bir \u00e7evre, huzurlu, g\u00fcvenli bir toplum i\u00e7in gayret sarf ediyoruz. Sizlerin iyi bir e\u011fitim almas\u0131 i\u00e7in gayret sarf ediyoruz. Bizlerin sizlere b\u0131rakaca\u011f\u0131 miras\u0131n da daha sonra sizlerin bize k\u00f6t\u00fc s\u00f6z s\u00f6ylemenize gerek olmayan miraslar olmas\u0131 i\u00e7in gayret ediyoruz. Nas\u0131l ki Ulu \u00d6nder Mustafa Kemal Atat\u00fcrk bizlere laik, demokratik bir cumhuriyet, e\u011fitimin, bilimin \u00f6ncelendi\u011fi bir \u00fclke b\u0131rakt\u0131ysa ve biz onu ve m\u00fccadele arkada\u015flar\u0131n\u0131 \u015fimdi sevgiyle sayg\u0131yla y\u00e2d ediyorsak, bize d\u00fc\u015fen de onun izinden gitmek, a\u00e7t\u0131\u011f\u0131 yolda g\u00f6sterdi\u011fin hedefe y\u00fcr\u00fcmek, \u00fclkemize katk\u0131 sunmakt\u0131r&#8221; dedi. Mersin&#8217;in bar\u0131\u015f, karde\u015flik, mutluluk, huzur kenti oldu\u011funu kimsenin unutmamas\u0131 gerekti\u011finin alt\u0131n\u0131 \u00e7izen Ba\u015fkan Se\u00e7er, y\u00f6netimde olduklar\u0131 s\u00fcrece bu anlay\u0131\u015f\u0131n devam edece\u011fini belirtti.<br \/>\nYar\u0131\u015fman\u0131n sonucunda sorular\u0131 yan\u0131tlayan Eski \u00d6merli ve Bozyaz\u0131 \u015fubeleri yedek sorular\u0131 da ayn\u0131 yan\u0131tlayarak beraberli\u011fi s\u00fcrd\u00fcrd\u00fc. Kura \u00e7ekimiyle sonu\u00e7lanan yar\u0131\u015fman\u0131n birincisi Eski \u00d6merli \u015eubesi olurken, Bozyaz\u0131 \u015eubesi ikinci ve Ayd\u0131nc\u0131k \u015eubesi \u00fc\u00e7\u00fcnc\u00fcl\u00fck elde etti. Yar\u0131\u015fmada birincilik elde eden \u00f6\u011frencilere tablet hediye edilirken; ikinci olanlara bluetooth kulakl\u0131k ve \u00fc\u00e7\u00fcnc\u00fc olan \u00f6\u011frencilere de powerbank verildi.<br \/>\n&#8220;Herkes \u00e7ok g\u00fczel m\u00fccadele etti&#8221;<br \/>\nYar\u0131\u015fman\u0131n 1&#8217;incisi olan Eski \u00d6merli Kurs Merkezi ekibindeki \u00f6\u011frencilerden Ahmet Kerem G\u00fcrda\u011fl\u0131,  &#8220;Yar\u0131\u015fmada \u00e7ok stres yapmay\u0131 bekliyordum ama hi\u00e7 stres yapmad\u0131m. Birbirimizden g\u00fc\u00e7 ald\u0131k arkada\u015flar\u0131m\u0131zla. En \u00f6nemlisi asl\u0131nda birlikte olmak. Son \u00fc\u00e7 tak\u0131m kalm\u0131\u015ft\u0131 ve onlar\u0131n da ger\u00e7ekten \u00e7ok iyi m\u00fccadele ettiklerini d\u00fc\u015f\u00fcn\u00fcyorum. Onlar da kazanabilirlerdi. Mert olmak laz\u0131m. Bencilce davranmamak laz\u0131m. Herkes \u00e7ok g\u00fczel m\u00fccadele etti, mutluyuz&#8221; dedi. 1&#8217;inci olan tak\u0131mdan Saynur Melisa Eker, &#8220;\u00c7ok iyi ge\u00e7ti, birinci olduk. \u00c7ok heyecanl\u0131yd\u0131k. Fazla zorlamad\u0131, ekip arkada\u015flar\u0131m\u0131zla yapt\u0131k. \u00c7ok g\u00fczeldi. Yedek sorulara kald\u0131k ama kazanan biz olduk&#8221; diye konu\u015ftu.<br \/>\n&#8220;Bizim i\u00e7in keyifli ve e\u011flenceliydi&#8221;<br \/>\nYar\u0131\u015fmada ikinci olan Bozyaz\u0131 \u015eubesi \u00f6\u011frencilerinden Bulem Nisa Toplu, &#8220;Sorular g\u00fczeldi, \u00f6zellikle matematikte bir soruda zorland\u0131k. Zorlanmasayd\u0131k daha iyi yapaca\u011f\u0131m\u0131z\u0131 d\u00fc\u015f\u00fcn\u00fcyorum. Bu ilk yar\u0131\u015fmam\u0131zd\u0131, arkada\u015flarla keyif ald\u0131k. Devam\u0131 olursa da kat\u0131lmay\u0131 d\u00fc\u015f\u00fcn\u00fcyoruz. Yar\u0131\u015fma \u00f6ncesi Vahap Se\u00e7er motive etti, iyiydi, motive olup girdik yar\u0131\u015fmaya&#8221; dedi. \u00dc\u00e7\u00fcnc\u00fcl\u00fck elde eden Ayd\u0131nc\u0131k \u015eubesi \u00f6\u011frencilerinden Elif \u00c7ift\u00e7i ise, &#8220;Biz yar\u0131\u015fmaya kat\u0131ld\u0131\u011f\u0131m\u0131z grupla \u00fc\u00e7\u00fcnc\u00fc olduk. Sorular \u00e7ok zor de\u011fildi, daha zorlar\u0131n\u0131 g\u00f6r\u00fcyoruz. Atmosfer olarak ilk stresliydi ama daha sonra rahatlad\u0131m \u00e7\u00f6zd\u00fck\u00e7e. Ba\u015fkan\u0131m\u0131z Vahap Se\u00e7er de \u00f6ncesinde geldi bizimle konu\u015ftu. Gayet de mant\u0131kl\u0131yd\u0131. Ben de onun s\u00f6ylediklerine kat\u0131l\u0131yorum. Bizim i\u00e7in gayet keyifli ve e\u011flenceliydi&#8221; diyerek bu tarz yar\u0131\u015fmalar\u0131n devam\u0131n\u0131 diledi. Yar\u0131\u015fmaya Kazanl\u0131 E\u011fitim ve \u00d6\u011fretimi Destekleme Kurs Merkezi&#8217;nden kat\u0131lan Ali Efe Y\u0131lmaz da &#8220;Biz bir soruyla ka\u00e7\u0131rd\u0131k ama iyi ge\u00e7ti, e\u011flendik. Tak\u0131m olarak cevaplad\u0131k. \u0130yiydi, \u00e7ok iyiydi hem de. Motive olduk. Soru \u00e7\u00f6zd\u00fck. Bu yar\u0131\u015fmalar\u0131n devam\u0131n\u0131 dilerim&#8221; dedi.<\/p>\n","protected":false},"excerpt":{"rendered":"<p>Mersin B\u00fcy\u00fck\u015fehir Belediye Ba\u015fkan\u0131 Vahap Se\u00e7er, B\u00fcy\u00fck\u015fehir Belediyesi E\u011fitim ve \u00d6\u011fretimi Destekleme Kurs Merkezleri&#8217;nde e\u011fitim g\u00f6ren LGS \u00f6\u011frencilerine y\u00f6nelik d\u00fczenlenen Bilgi Yar\u0131\u015fmas\u0131&#8217;na kat\u0131ld\u0131. Kongre ve Sergi Saray\u0131&#8217;nda d\u00fczenlenen yar\u0131\u015fmada Ba\u015fkan &hellip; <a href=\"https:\/\/akdenizolaygazetesi.com\/?p=23876\" class=\"more-link\">Devam\u0131n\u0131 Oku&#8230;<\/a><\/p>\n","protected":false},"author":2,"featured_media":23877,"comment_status":"open","ping_status":"open","sticky":false,"template":"","format":"standard","meta":[],"categories":[3,5],"tags":[],"_links":{"self":[{"href":"https:\/\/akdenizolaygazetesi.com\/index.php?rest_route=\/wp\/v2\/posts\/23876"}],"collection":[{"href":"https:\/\/akdenizolaygazetesi.com\/index.php?rest_route=\/wp\/v2\/posts"}],"about":[{"href":"https:\/\/akdenizolaygazetesi.com\/index.php?rest_route=\/wp\/v2\/types\/post"}],"author":[{"embeddable":true,"href":"https:\/\/akdenizolaygazetesi.com\/index.php?rest_route=\/wp\/v2\/users\/2"}],"replies":[{"embeddable":true,"href":"https:\/\/akdenizolaygazetesi.com\/index.php?rest_route=%2Fwp%2Fv2%2Fcomments&post=23876"}],"version-history":[{"count":1,"href":"https:\/\/akdenizolaygazetesi.com\/index.php?rest_route=\/wp\/v2\/posts\/23876\/revisions"}],"predecessor-version":[{"id":23878,"href":"https:\/\/akdenizolaygazetesi.com\/index.php?rest_route=\/wp\/v2\/posts\/23876\/revisions\/23878"}],"wp:featuredmedia":[{"embeddable":true,"href":"https:\/\/akdenizolaygazetesi.com\/index.php?rest_route=\/wp\/v2\/media\/23877"}],"wp:attachment":[{"href":"https:\/\/akdenizolaygazetesi.com\/index.php?rest_route=%2Fwp%2Fv2%2Fmedia&parent=23876"}],"wp:term":[{"taxonomy":"category","embeddable":true,"href":"https:\/\/akdenizolaygazetesi.com\/index.php?rest_route=%2Fwp%2Fv2%2Fcategories&post=23876"},{"taxonomy":"post_tag","embeddable":true,"href":"https:\/\/akdenizolaygazetesi.com\/index.php?rest_route=%2Fwp%2Fv2%2Ftags&post=23876"}],"curies":[{"name":"wp","href":"https:\/\/api.w.org\/{rel}","templated":true}]}}