{"id":23882,"date":"2023-02-02T13:16:07","date_gmt":"2023-02-02T10:16:07","guid":{"rendered":"http:\/\/akdenizolaygazetesi.com\/?p=23882"},"modified":"2023-02-02T13:16:07","modified_gmt":"2023-02-02T10:16:07","slug":"cennet-koydaki-doga-katliami-meclis-gundeminde","status":"publish","type":"post","link":"https:\/\/akdenizolaygazetesi.com\/?p=23882","title":{"rendered":"CENNET KOYDAK\u0130 DO\u011eA KATL\u0130AMI MECL\u0130S G\u00dcNDEM\u0130NDE"},"content":{"rendered":"<p>Mersin&#8217;de AKP ve MHP&#8217;li belediye meclis \u00fcyelerinin oylar\u0131yla yap\u0131la\u015fmaya a\u00e7\u0131lan Tisan Koyunda do\u011fa talan\u0131 devam ediyor. CHP Mersin Milletvekili Alpay Antmen konuyu TBMM&#8217;ye ta\u015f\u0131d\u0131.<\/p>\n<p>\u00c7evre, \u015eehircilik ve \u0130klim De\u011fi\u015fikli\u011fi Bakan\u0131 Murat Kurum taraf\u0131ndan yan\u0131tlanmas\u0131 i\u00e7in soru \u00f6nergesi veren Antmen &#8220;Bu \u00e7evre ve do\u011fa katliam\u0131na dur demeyi d\u00fc\u015f\u00fcn\u00fcyor musunuz?&#8221; diye sordu.<\/p>\n<p>Alpay Antmen, \u00f6nergesinde &#8220;Akdeniz&#8217;in incisi Mersin&#8217;in Silifke il\u00e7esinde yer alan Tisan Koyu&#8217;nun yap\u0131la\u015fmaya a\u00e7\u0131lmas\u0131  MHP&#8217;li Silifke Belediyesinin 1\/1000 \u00f6l\u00e7ekli imar plan\u0131 de\u011fi\u015fikli\u011fi teklifiyle ge\u00e7ti\u011fimiz May\u0131s ay\u0131nda B\u00fcy\u00fck\u015fehir Belediyesinde AKP ve MHP&#8217;li \u00fcyelerin oylar\u0131yla kabul edilmi\u015ftir. \u0130lgili firma plan de\u011fi\u015fikli\u011fi tamamlanmadan 1000 villal\u0131k proje haz\u0131rlam\u0131\u015f ve sat\u0131\u015flara ba\u015flam\u0131\u015ft\u0131r&#8221; dedi.<\/p>\n<p>\u015eu anda burada in\u015faat yapan firman\u0131n K\u0131y\u0131 Kanununa ve at\u0131klar\u0131n ta\u015f\u0131nmas\u0131yla ilgili y\u00f6netmeliklere a\u00e7\u0131k\u00e7a ayk\u0131r\u0131 hareket etti\u011fine de\u011finen CHP&#8217;li Vekil &#8220;Bu b\u00f6lge sadece do\u011fal g\u00fczelli\u011fiyle de\u011fil, ayn\u0131 zamanda k\u00fclt\u00fcrel ve arkeolojik zenginli\u011fe de sahiptir. Bu firma \u015fimdi bunlar\u0131 kontrols\u00fcz \u015fekilde yok etmeye ba\u015flam\u0131\u015ft\u0131r. \u0130n\u015faat esnas\u0131nda burada izinsiz \u015fekilde konkas\u00f6r tesisi ve bir beton santrali de yap\u0131lm\u0131\u015ft\u0131r. Mersin B\u00fcy\u00fck\u015fehir Belediyesi yetkilileri Kabahatler Kanununa g\u00f6re cezai i\u015flem uygulam\u0131\u015ft\u0131r ancak firma do\u011fa ve tarih talan\u0131na devam etmektedir&#8221; ifadelerini kulland\u0131.<\/p>\n<p>Alpay Antmen&#8217;in \u00f6nergesinde yer alan sorular \u015fu \u015fekilde;<\/p>\n<p>\u2013 K\u0131y\u0131 kanununa ayk\u0131r\u0131 hareket ederek do\u011fal ve tarihsel dokuyu bozan bu in\u015faata nas\u0131l halen m\u00fcsaade edilmektedir?<\/p>\n<p>\u2013 \u015eu ana kadar ka\u00e7 tane a\u011fa\u00e7 kesilmi\u015f, ne kadar bitki \u00f6rt\u00fcs\u00fc yok edilmi\u015ftir? \u0130n\u015faat nedeniyle zarar g\u00f6ren do\u011fal miktar alanlar\u0131 ne kadard\u0131r? Bunlar\u0131n i\u00e7erisinde ya\u015fayan; in\u015faat nedeniyle \u00f6len veya yer de\u011fi\u015ftirmek zorunda kalan hayvanlar hangileridir?<\/p>\n<p>\u2013 \u0130n\u015faat nedeniyle zarar g\u00f6ren arkeolojik alan miktar\u0131 nedir? Bunlar\u0131n i\u00e7erisinde ne t\u00fcr eser veya kaz\u0131 b\u00f6lgeleri yer almaktad\u0131r?<\/p>\n<p>\u2013 Mersin Silifke&#8217;nin do\u011fal ve tarihi g\u00fczelli\u011fini geri al\u0131namaz \u015fekilde yok eden bu yap\u0131la\u015fmaya izin veren ve buna yol a\u00e7an AKP ve MHP&#8217;li belediye ba\u015fkanlar\u0131 ve meclis \u00fcyeleriyle ilgili herhangi bir i\u015flem yapacak m\u0131s\u0131n\u0131z?<\/p>\n<p>&#8211;  Bu \u00e7evre ve do\u011fa katliam\u0131na dur demeyi d\u00fc\u015f\u00fcn\u00fcyor musunuz?<\/p>\n","protected":false},"excerpt":{"rendered":"<p>Mersin&#8217;de AKP ve MHP&#8217;li belediye meclis \u00fcyelerinin oylar\u0131yla yap\u0131la\u015fmaya a\u00e7\u0131lan Tisan Koyunda do\u011fa talan\u0131 devam ediyor. CHP Mersin Milletvekili Alpay Antmen konuyu TBMM&#8217;ye ta\u015f\u0131d\u0131. \u00c7evre, \u015eehircilik ve \u0130klim De\u011fi\u015fikli\u011fi Bakan\u0131 &hellip; <a href=\"https:\/\/akdenizolaygazetesi.com\/?p=23882\" class=\"more-link\">Devam\u0131n\u0131 Oku&#8230;<\/a><\/p>\n","protected":false},"author":2,"featured_media":23883,"comment_status":"open","ping_status":"open","sticky":false,"template":"","format":"standard","meta":[],"categories":[3,5],"tags":[],"_links":{"self":[{"href":"https:\/\/akdenizolaygazetesi.com\/index.php?rest_route=\/wp\/v2\/posts\/23882"}],"collection":[{"href":"https:\/\/akdenizolaygazetesi.com\/index.php?rest_route=\/wp\/v2\/posts"}],"about":[{"href":"https:\/\/akdenizolaygazetesi.com\/index.php?rest_route=\/wp\/v2\/types\/post"}],"author":[{"embeddable":true,"href":"https:\/\/akdenizolaygazetesi.com\/index.php?rest_route=\/wp\/v2\/users\/2"}],"replies":[{"embeddable":true,"href":"https:\/\/akdenizolaygazetesi.com\/index.php?rest_route=%2Fwp%2Fv2%2Fcomments&post=23882"}],"version-history":[{"count":1,"href":"https:\/\/akdenizolaygazetesi.com\/index.php?rest_route=\/wp\/v2\/posts\/23882\/revisions"}],"predecessor-version":[{"id":23884,"href":"https:\/\/akdenizolaygazetesi.com\/index.php?rest_route=\/wp\/v2\/posts\/23882\/revisions\/23884"}],"wp:featuredmedia":[{"embeddable":true,"href":"https:\/\/akdenizolaygazetesi.com\/index.php?rest_route=\/wp\/v2\/media\/23883"}],"wp:attachment":[{"href":"https:\/\/akdenizolaygazetesi.com\/index.php?rest_route=%2Fwp%2Fv2%2Fmedia&parent=23882"}],"wp:term":[{"taxonomy":"category","embeddable":true,"href":"https:\/\/akdenizolaygazetesi.com\/index.php?rest_route=%2Fwp%2Fv2%2Fcategories&post=23882"},{"taxonomy":"post_tag","embeddable":true,"href":"https:\/\/akdenizolaygazetesi.com\/index.php?rest_route=%2Fwp%2Fv2%2Ftags&post=23882"}],"curies":[{"name":"wp","href":"https:\/\/api.w.org\/{rel}","templated":true}]}}