{"id":23891,"date":"2023-02-02T17:01:02","date_gmt":"2023-02-02T14:01:02","guid":{"rendered":"http:\/\/akdenizolaygazetesi.com\/?p=23891"},"modified":"2023-02-02T17:01:02","modified_gmt":"2023-02-02T14:01:02","slug":"toroslar-belediyesi-7-tematik-kis-kamplari-kapsaminda-mersine-gelen-universiteli-gencleri-agirladi","status":"publish","type":"post","link":"https:\/\/akdenizolaygazetesi.com\/?p=23891","title":{"rendered":"TOROSLAR BELED\u0130YES\u0130, 7. TEMAT\u0130K KI\u015e KAMPLARI KAPSAMINDA MERS\u0130N&#8217;E GELEN \u00dcN\u0130VERS\u0130TEL\u0130 GEN\u00c7LER\u0130 A\u011eIRLADI"},"content":{"rendered":"<p>Toroslar Belediyesi, T\u00fcrkiye&#8217;nin d\u00f6rt bir yan\u0131ndan Mersin&#8217;e gelen G\u00fczel Sanatlar Fak\u00fcltesi \u00f6\u011frencilerini Toroslar&#8217;da a\u011f\u0131rlad\u0131.<\/p>\n<p>Gen\u00e7lik ve Spor Bakanl\u0131\u011f\u0131 Kredi ve Yurtlar Genel M\u00fcd\u00fcrl\u00fc\u011f\u00fc taraf\u0131ndan bu y\u0131l 7&#8217;ncisi d\u00fczenlenen &#8220;Tematik K\u0131\u015f Kamplar\u0131&#8221; kapsam\u0131nda farkl\u0131 \u015fehirlerden \u00fcniversite hayat\u0131na devam eden 140 \u00f6\u011frenci, Mersin \u015eehitli\u011fi ile Toroslar Belediyesinin Buluklu Mahallesi&#8217;ndeki KuvayiMilliye Karargah\u0131&#8217;n\u0131 ziyaret etti.<\/p>\n<p>30 Ocak-3 \u015eubat tarihleri aras\u0131nda Mersin dahil olmak \u00fczere 15 ilde 15 farkl\u0131 temada ger\u00e7ekle\u015ftirilen kampa kat\u0131lanlar, e\u015f zamanl\u0131 olarak \u015fehitlik ziyareti ger\u00e7ekle\u015ftirdi.<\/p>\n<p>Mersin&#8217;de d\u00fczenlenen &#8220;G\u00fczel Sanatlar&#8221; temal\u0131 kampa kat\u0131lan k\u0131z \u00f6\u011frencilere Mersin K\u0131z Yurtlar\u0131nda kalan \u00f6\u011frenciler de e\u015flik etti<\/p>\n<p>Mersin \u015eehitli\u011fi&#8217;nde bir araya gelen gen\u00e7leri ve beraberindeki heyeti, Toroslar Kaymakam\u0131 \u0130brahim \u00c7enet, Mersin Gen\u00e7lik ve Spor \u0130l M\u00fcd\u00fcr\u00fc \u00d6kke\u015f Demir, Toroslar \u00dclk\u00fc Ocaklar\u0131 Ba\u015fkan\u0131 Yunus Emre Tugay, Toroslar Belediyesi yetkilileri ve belediye meclis \u00fcyeleri kar\u015f\u0131lad\u0131.<\/p>\n<p>&#8220;DEV T\u00dcRK BAYRA\u011eI A\u00c7TILAR&#8221;<\/p>\n<p>\u00dcniversiteli gen\u00e7ler, protokol \u00fcyeleriyle birlikte \u015fehitlik \u00f6n\u00fcnde dev T\u00fcrk Bayra\u011f\u0131 a\u00e7t\u0131.<\/p>\n<p>\u015eehit yak\u0131nlar\u0131n\u0131n da bulundu\u011fu \u015fehitlik ziyareti s\u0131ras\u0131nda \u015eehit Piyade Er \u00c7etin \u00d6z\u00e7ift\u00e7i&#8217;nin sene-i devriyesi dolay\u0131s\u0131yla okunan mevlid program\u0131na da kat\u0131lan gen\u00e7lere Toroslar Belediyesi taraf\u0131ndan T\u00fcrk Bayra\u011f\u0131 takdim edilirken, t\u00fcm \u015fehitlerimiz dualarla yad edildi.<\/p>\n<p>Gen\u00e7ler daha sonra Toroslar Belediye Ba\u015fkan\u0131 Ats\u0131z Af\u015f\u0131n Y\u0131lmaz&#8217;\u0131n, kent tarihini g\u00fcn y\u00fcz\u00fcne \u00e7\u0131karan projelerinden biri olan Buluklu Mahallesi&#8217;ndeki &#8220;KuvayiMilliye Kararg\u00e2h\u0131&#8217;n\u0131&#8221; da ziyaret etti.<\/p>\n<p>Mersin&#8217;de milli m\u00fccadelenin destans\u0131 hik\u00e2yesinin ya\u015fayan bir \u00f6rne\u011fi olan foto\u011fraflar, belgeler ve etnografik eserlerle donat\u0131lan tarihi binay\u0131 gezen gen\u00e7ler, adeta ge\u00e7mi\u015fe yolculuk yapt\u0131.<\/p>\n<p>BA\u015eKAN YILMAZ; &#8220;GEN\u00c7LER\u0130M\u0130Z\u0130N BA\u015eARILARIYLA GURUR DUYUYORUZ&#8221;<\/p>\n<p>Toroslar Belediye Ba\u015fkan\u0131 Ats\u0131z Af\u015f\u0131n Y\u0131lmaz ise Tematik K\u0131\u015f Kamplar\u0131 \u00e7er\u00e7evesinde Mersin&#8217;e gelen \u00fcniversiteli gen\u00e7leri, Toroslar&#8217;da a\u011f\u0131rlamaktan b\u00fcy\u00fck mutluluk duyduklar\u0131n\u0131 s\u00f6yledi.<\/p>\n<p>Hedeflerinin bilgi \u00e7a\u011f\u0131n\u0131n b\u00fct\u00fcn geli\u015fmi\u015fliklerini kullanabilen, ara\u015ft\u0131ran, T\u00fcrk milletinin var olan de\u011ferlerini \u00f6z\u00fcmsemi\u015f bir nesil yeti\u015fmesi oldu\u011funu s\u00f6yleyen Ba\u015fkan Y\u0131lmaz; &#8220;Kredi ve Yurtlar Genel M\u00fcd\u00fcrl\u00fc\u011f\u00fc taraf\u0131ndan bu y\u0131l 7&#8217;ncisi d\u00fczenlenen Tematik K\u0131\u015f Kamplar\u0131 \u00e7er\u00e7evesinde bulunduklar\u0131 \u015fehrin tarihi ve k\u00fclt\u00fcrel mek\u00e2nlar\u0131n\u0131 g\u00f6rme f\u0131rsat\u0131n\u0131 bulan gen\u00e7lerimizi Toroslar\u0131m\u0131zda a\u011f\u0131rlad\u0131k. Gen\u00e7lerimizin e\u011flenirken \u00f6\u011frenmelerini, d\u00fcnyay\u0131 ve \u00e7evrelerini ke\u015ffetmelerini istiyoruz. Bu noktada Toroslar Belediyesi olarak gen\u00e7lerimizin her zaman yan\u0131nda olmaya, e\u011fitim, k\u00fclt\u00fcr, sanat, bilim ve sporla bulu\u015fturmaya devam edece\u011fiz&#8221; diye konu\u015ftu.<\/p>\n","protected":false},"excerpt":{"rendered":"<p>Toroslar Belediyesi, T\u00fcrkiye&#8217;nin d\u00f6rt bir yan\u0131ndan Mersin&#8217;e gelen G\u00fczel Sanatlar Fak\u00fcltesi \u00f6\u011frencilerini Toroslar&#8217;da a\u011f\u0131rlad\u0131. Gen\u00e7lik ve Spor Bakanl\u0131\u011f\u0131 Kredi ve Yurtlar Genel M\u00fcd\u00fcrl\u00fc\u011f\u00fc taraf\u0131ndan bu y\u0131l 7&#8217;ncisi d\u00fczenlenen &#8220;Tematik K\u0131\u015f &hellip; <a href=\"https:\/\/akdenizolaygazetesi.com\/?p=23891\" class=\"more-link\">Devam\u0131n\u0131 Oku&#8230;<\/a><\/p>\n","protected":false},"author":2,"featured_media":23892,"comment_status":"open","ping_status":"open","sticky":false,"template":"","format":"standard","meta":[],"categories":[3],"tags":[],"_links":{"self":[{"href":"https:\/\/akdenizolaygazetesi.com\/index.php?rest_route=\/wp\/v2\/posts\/23891"}],"collection":[{"href":"https:\/\/akdenizolaygazetesi.com\/index.php?rest_route=\/wp\/v2\/posts"}],"about":[{"href":"https:\/\/akdenizolaygazetesi.com\/index.php?rest_route=\/wp\/v2\/types\/post"}],"author":[{"embeddable":true,"href":"https:\/\/akdenizolaygazetesi.com\/index.php?rest_route=\/wp\/v2\/users\/2"}],"replies":[{"embeddable":true,"href":"https:\/\/akdenizolaygazetesi.com\/index.php?rest_route=%2Fwp%2Fv2%2Fcomments&post=23891"}],"version-history":[{"count":1,"href":"https:\/\/akdenizolaygazetesi.com\/index.php?rest_route=\/wp\/v2\/posts\/23891\/revisions"}],"predecessor-version":[{"id":23893,"href":"https:\/\/akdenizolaygazetesi.com\/index.php?rest_route=\/wp\/v2\/posts\/23891\/revisions\/23893"}],"wp:featuredmedia":[{"embeddable":true,"href":"https:\/\/akdenizolaygazetesi.com\/index.php?rest_route=\/wp\/v2\/media\/23892"}],"wp:attachment":[{"href":"https:\/\/akdenizolaygazetesi.com\/index.php?rest_route=%2Fwp%2Fv2%2Fmedia&parent=23891"}],"wp:term":[{"taxonomy":"category","embeddable":true,"href":"https:\/\/akdenizolaygazetesi.com\/index.php?rest_route=%2Fwp%2Fv2%2Fcategories&post=23891"},{"taxonomy":"post_tag","embeddable":true,"href":"https:\/\/akdenizolaygazetesi.com\/index.php?rest_route=%2Fwp%2Fv2%2Ftags&post=23891"}],"curies":[{"name":"wp","href":"https:\/\/api.w.org\/{rel}","templated":true}]}}