{"id":23894,"date":"2023-02-03T13:28:32","date_gmt":"2023-02-03T10:28:32","guid":{"rendered":"http:\/\/akdenizolaygazetesi.com\/?p=23894"},"modified":"2023-02-03T13:28:32","modified_gmt":"2023-02-03T10:28:32","slug":"izcilerle-fidan-dikim-etkinligi-gerceklestirildi","status":"publish","type":"post","link":"https:\/\/akdenizolaygazetesi.com\/?p=23894","title":{"rendered":"\u0130zcilerle fidan dikim etkinli\u011fi ger\u00e7ekle\u015ftirildi"},"content":{"rendered":"<p>T\u00fcrkiye \u0130zcilik Federasyonuna ba\u011fl\u0131 Ankara Alfa Gen\u00e7lik ve Spor Kul\u00fcb\u00fc Uzun s\u00fcreli K\u0131\u015f \u0130zci Kamp\u0131 faaliyetleri kapsam\u0131nda, 27 Ocak-3 \u015eubat 2023 tarihleri aras\u0131nda Mersin Orman Fidanl\u0131k M\u00fcd\u00fcrl\u00fc\u011f\u00fc Yerle\u015fkesinde kamp yapt\u0131lar. Kamp alan\u0131nda gen\u00e7 izcilere ormanc\u0131l\u0131k faaliyetleri hakk\u0131nda bilgilendirme yap\u0131larak izcilerimizle birlikte fidan dikim etkinli\u011fi ger\u00e7ekle\u015ftirildi.<br \/>\nMersin Fidanl\u0131k M\u00fcd\u00fcrl\u00fc\u011f\u00fcnde ger\u00e7ekle\u015ftirilen etkinli\u011fe, Mersin Orman B\u00f6lge M\u00fcd\u00fcr\u00fc Mustafa Yal\u00e7\u0131n, Mersin \u0130zci Kul\u00fcb\u00fc ba\u015fkan\u0131 Mehmet Be\u015fir Yavuz, Ankara Alfa Gen\u00e7lik ve Spor Kul\u00fcb\u00fc Ba\u015fkan\u0131 Mustafa K\u00f6\u015fker, Gazi \u00dcniversitesi Do\u00e7. Dr. \u00d6mer Asal ve izciler kat\u0131l\u0131m sa\u011flad\u0131.<br \/>\nAnkara Alfa Gen\u00e7lik ve Spor Kul\u00fcb\u00fc Ba\u015fkan\u0131 Mustafa K\u00f6\u015fker, Gazi \u00dcniversitesi Do\u00e7. Dr. \u00d6mer Asal ve \u0130zciler B\u00f6lge M\u00fcd\u00fcr\u00fc Yal\u00e7\u0131n\u2019\u0131 makam\u0131nda ziyaret ettiler. Nazik ziyaretleri i\u00e7in te\u015fekk\u00fcr ederiz.<\/p>\n","protected":false},"excerpt":{"rendered":"<p>T\u00fcrkiye \u0130zcilik Federasyonuna ba\u011fl\u0131 Ankara Alfa Gen\u00e7lik ve Spor Kul\u00fcb\u00fc Uzun s\u00fcreli K\u0131\u015f \u0130zci Kamp\u0131 faaliyetleri kapsam\u0131nda, 27 Ocak-3 \u015eubat 2023 tarihleri aras\u0131nda Mersin Orman Fidanl\u0131k M\u00fcd\u00fcrl\u00fc\u011f\u00fc Yerle\u015fkesinde kamp yapt\u0131lar. &hellip; <a href=\"https:\/\/akdenizolaygazetesi.com\/?p=23894\" class=\"more-link\">Devam\u0131n\u0131 Oku&#8230;<\/a><\/p>\n","protected":false},"author":2,"featured_media":23895,"comment_status":"open","ping_status":"open","sticky":false,"template":"","format":"standard","meta":[],"categories":[3],"tags":[],"_links":{"self":[{"href":"https:\/\/akdenizolaygazetesi.com\/index.php?rest_route=\/wp\/v2\/posts\/23894"}],"collection":[{"href":"https:\/\/akdenizolaygazetesi.com\/index.php?rest_route=\/wp\/v2\/posts"}],"about":[{"href":"https:\/\/akdenizolaygazetesi.com\/index.php?rest_route=\/wp\/v2\/types\/post"}],"author":[{"embeddable":true,"href":"https:\/\/akdenizolaygazetesi.com\/index.php?rest_route=\/wp\/v2\/users\/2"}],"replies":[{"embeddable":true,"href":"https:\/\/akdenizolaygazetesi.com\/index.php?rest_route=%2Fwp%2Fv2%2Fcomments&post=23894"}],"version-history":[{"count":1,"href":"https:\/\/akdenizolaygazetesi.com\/index.php?rest_route=\/wp\/v2\/posts\/23894\/revisions"}],"predecessor-version":[{"id":23896,"href":"https:\/\/akdenizolaygazetesi.com\/index.php?rest_route=\/wp\/v2\/posts\/23894\/revisions\/23896"}],"wp:featuredmedia":[{"embeddable":true,"href":"https:\/\/akdenizolaygazetesi.com\/index.php?rest_route=\/wp\/v2\/media\/23895"}],"wp:attachment":[{"href":"https:\/\/akdenizolaygazetesi.com\/index.php?rest_route=%2Fwp%2Fv2%2Fmedia&parent=23894"}],"wp:term":[{"taxonomy":"category","embeddable":true,"href":"https:\/\/akdenizolaygazetesi.com\/index.php?rest_route=%2Fwp%2Fv2%2Fcategories&post=23894"},{"taxonomy":"post_tag","embeddable":true,"href":"https:\/\/akdenizolaygazetesi.com\/index.php?rest_route=%2Fwp%2Fv2%2Ftags&post=23894"}],"curies":[{"name":"wp","href":"https:\/\/api.w.org\/{rel}","templated":true}]}}