{"id":23897,"date":"2023-02-03T13:30:50","date_gmt":"2023-02-03T10:30:50","guid":{"rendered":"http:\/\/akdenizolaygazetesi.com\/?p=23897"},"modified":"2023-02-03T13:30:50","modified_gmt":"2023-02-03T10:30:50","slug":"buyuksehirin-genc-basketbolculari-gelisim-kampina-davet-edildi","status":"publish","type":"post","link":"https:\/\/akdenizolaygazetesi.com\/?p=23897","title":{"rendered":"B\u00dcY\u00dcK\u015eEH\u0130R&#8217;\u0130N GEN\u00c7 BASKETBOLCULARI GEL\u0130\u015e\u0130M KAMPI&#8217;NA DAVET ED\u0130LD\u0130"},"content":{"rendered":"<p>Mersin B\u00fcy\u00fck\u015fehir Belediyesi Gen\u00e7lik ve Spor Hizmetleri Dairesi Ba\u015fkanl\u0131\u011f\u0131 b\u00fcnyesinde hizmet veren Basketbol Kurslar\u0131nda e\u011fitim g\u00f6ren iki gen\u00e7 sporcu, &#8216;FIBA Geli\u015fim Projesi&#8217; kapsam\u0131nda &#8216;Geli\u015fim Kamp\u0131&#8217;na davet edildi. Kocaeli&#8217;de 25-29 Ocak tarihleri aras\u0131nda T\u00fcrkiye Basketbol Federasyonu (TBF) koordinat\u00f6rl\u00fc\u011f\u00fcnde d\u00fczenlenen FIBA Altyap\u0131 Geli\u015fim Projesi kapsam\u0131ndaki 1. Ulusal Basketbol Kamp\u0131&#8217;na kat\u0131lan 14 ya\u015f\u0131ndaki Sidre \u00c7elik ve Lina \u0130nan, elde ettikleri ba\u015far\u0131larla hem ailelerini hem de B\u00fcy\u00fck\u015fehir&#8217;i gururland\u0131rd\u0131. Ba\u015far\u0131l\u0131 sporcular\u0131n hedefi ise, ilerleyen s\u00fcre\u00e7te Milli Tak\u0131m kadrosuna dahil olabilmek.<br \/>\nY\u0131lmaz: &#8220;Sporcular\u0131m\u0131zla \u00e7ok uzun zamand\u0131r \u00e7al\u0131\u015f\u0131yoruz&#8221;<br \/>\nMersin B\u00fcy\u00fck\u015fehir Belediyesi Gen\u00e7lik ve Spor Hizmetleri Dairesi Ba\u015fkanl\u0131\u011f\u0131 b\u00fcnyesinde antren\u00f6r olarak g\u00f6rev alan Eren Y\u0131lmaz, gen\u00e7 sporcular\u0131n ba\u015far\u0131s\u0131ndan dolay\u0131 gurur duyduklar\u0131n\u0131 s\u00f6yledi. Y\u0131lmaz, &#8220;Bizler \u00e7ocuklar\u0131m\u0131z\u0131 spora kazand\u0131r\u0131yoruz. Ayn\u0131 zamanda onlar\u0131 m\u00fcsabakalara haz\u0131rl\u0131yoruz. Sporcular\u0131m\u0131zla \u00e7ok uzun zamand\u0131r \u00e7al\u0131\u015f\u0131yoruz. Onlarla birlikte, hem bizler hem aileler b\u00fcy\u00fck emek vererek bu seviyeye geldik. Burada sadece bizim emeklerimiz yok. Mersin B\u00fcy\u00fck\u015fehir Belediyesi&#8217;nin bize sa\u011flad\u0131\u011f\u0131 imk\u00e2nlar olmasa, bu ba\u015far\u0131lar\u0131 elde edemeyiz. Bu konuda tabi ki Belediyemize te\u015fekk\u00fcr ediyoruz&#8221; dedi.<br \/>\n&#8220;Ba\u015far\u0131lar\u0131m\u0131za bir yenisini daha ekledik&#8221;<br \/>\nB\u00fcy\u00fck\u015fehir&#8217;in spor alan\u0131ndaki ba\u015far\u0131lar\u0131na bir yenisini daha ekleyerek ilerlediklerini s\u00f6yleyen Y\u0131lmaz, &#8220;Sporcular\u0131m\u0131z, T\u00fcrkiye Basketbol Federasyonu koordinat\u00f6rl\u00fc\u011f\u00fcnde d\u00fczenlenen ve FIBA Altyap\u0131 Geli\u015fim Projesi kapsam\u0131ndaki 1. Ulusal Basketbol Kamp\u0131&#8217;n\u0131n kadrosuna davet edildiler. Geni\u015f bir kadroydu bu kadro. Ge\u00e7ti\u011fimiz sene de bir sporcumuz bu kadro i\u00e7erisinde yer alm\u0131\u015ft\u0131. Bu sene 2 sporcu g\u00f6nderdik. \u0130n\u015fallah seneye 3 sporcuyla devam etmek istiyoruz. Bundan sonras\u0131nda ana kadro a\u00e7\u0131klanacak ve daha sonras\u0131nda uluslararas\u0131 turnuvalar olacak. K\u0131zlar\u0131n ana kadroda kalmak i\u00e7in b\u00fcy\u00fck \u015fanslar\u0131 oldu\u011funa inan\u0131yorum&#8221; diye konu\u015ftu.<br \/>\n&#8220;Mersin bir spor \u015fehri&#8221;<br \/>\nB\u00fcy\u00fck\u015fehir sayesinde Mersin&#8217;in bir spor \u015fehri oldu\u011funu ve hayata ge\u00e7irilen projelerin kar\u015f\u0131l\u0131\u011f\u0131n\u0131 verdi\u011fini vurgulayan Y\u0131lmaz, &#8220;Mersin&#8217;in her yerinde spor \u015fu an aktif durumda. Belediyemizin de\u011ferli antren\u00f6rleri ile birlikte, Mersin&#8217;imizin her yerinde \u00e7ocu\u011fundan tutun ya\u015fl\u0131s\u0131na kadar herkese sporu yayd\u0131\u011f\u0131m\u0131z\u0131 d\u00fc\u015f\u00fcn\u00fcyorum. Bu da bizim i\u00e7in mutluluk verici bir \u015fey. Emeklerimizin kar\u015f\u0131l\u0131\u011f\u0131n\u0131 ald\u0131k. Aileler de bu durumdan \u00e7ok mutlular. Bu da bizim i\u00e7in g\u00fczel bir \u015fey. \u0130n\u015fallah ileriki y\u0131llarda bu say\u0131m\u0131z\u0131 art\u0131rarak devam ederiz&#8221; ifadelerini kulland\u0131.<br \/>\n\u00c7elik: &#8220;B\u00fcy\u00fck\u015fehir olmasa buralarda olmazd\u0131k&#8221;<br \/>\n\u0130lk defa kampa kat\u0131ld\u0131\u011f\u0131n\u0131 ve \u00e7ok heyecanl\u0131 oldu\u011funu belirten gen\u00e7 sporcu Sidre \u00c7elik, &#8220;Bu ilk kamp\u0131md\u0131. Bu senenin benim i\u00e7in g\u00fczel bir tecr\u00fcbe oldu\u011funu d\u00fc\u015f\u00fcn\u00fcyorum. \u0130leriki senelerde bu tecr\u00fcbemden yararlanarak, daha iyi oynayaca\u011f\u0131m\u0131 d\u00fc\u015f\u00fcn\u00fcyorum. Bu benim lehime oldu. G\u00fczel bir \u015fey. Orada \u00f6\u011frendi\u011fim \u015feyleri yans\u0131taca\u011f\u0131m\u0131 d\u00fc\u015f\u00fcn\u00fcyorum&#8221; dedi. Kariyer hedefinin A Milli Tak\u0131m&#8217;da yer almak oldu\u011funu belirten \u00c7elik, &#8220;Basketbol ile ilgilenmekten dolay\u0131 \u00e7ok mutluyum. Tabi illa ki zorluklar\u0131 oluyor, ama ba\u015far\u0131l\u0131 olmak i\u00e7in bu zorluklara katlanmak gerekiyor. \u0130leride de g\u00fczel yerlerde olmak istiyorum&#8221; diye konu\u015ftu. Elde etti\u011fi ba\u015far\u0131larda Mersin B\u00fcy\u00fck\u015fehir Belediyesi&#8217;nin ve spor kurslar\u0131n\u0131n b\u00fcy\u00fck faydas\u0131 oldu\u011funu s\u00f6yleyen \u00c7elik, &#8220;Bizleri yeti\u015ftirme konusunda imk\u00e2n sa\u011fl\u0131klar\u0131 i\u00e7in te\u015fekk\u00fcr ediyorum. Onlar\u0131n \u00fczerimizde emekleri var. Hocalar\u0131ma da te\u015fekk\u00fcr ederim. Onlar olmasa zaten buralarda olamazd\u0131k. Onlar g\u00f6steriyor, uygulamak bize kal\u0131yor. Kendimi ileride Milli Tak\u0131m&#8217;da g\u00f6rmek istiyorum. \u0130lk hedefim bu zaten&#8221; ifadelerini kulland\u0131.<br \/>\n\u0130nan: &#8220;Hedefim A Milli Tak\u0131m&#8217;da yer almak&#8221;<br \/>\nGe\u00e7ti\u011fimiz sene de bu kampa davet edilen ba\u015far\u0131l\u0131 sporcu Lina \u0130nan ise, &#8220;5-6 senedir basketbol ile ilgileniyorum. \u00c7al\u0131\u015fmalar g\u00fczel gidiyor, verimli ge\u00e7iyor benim i\u00e7in. Her antrenmanda geli\u015fti\u011fimi fark ediyorum&#8221; dedi. Y\u0131llard\u0131r ger\u00e7ekle\u015ftirdi\u011fi \u00e7al\u0131\u015fmalar\u0131n kar\u015f\u0131l\u0131\u011f\u0131n\u0131 almaktan dolay\u0131 \u00e7ok mutlu oldu\u011funu vurgulayan \u0130nan, &#8220;Emeklerimin kar\u015f\u0131l\u0131\u011f\u0131n\u0131 ald\u0131\u011f\u0131m\u0131 d\u00fc\u015f\u00fcn\u00fcyorum. B\u00fcy\u00fck\u015fehir&#8217;e de te\u015fekk\u00fcr ederim. Onlar olmasa biz olmazd\u0131k&#8221; diye konu\u015ftu. Ailesinin de kendisiyle gurur duydu\u011funu s\u00f6yleyen \u0130nan, &#8220;Ailem de \u00e7ok sevindi. Bundan sonraki hedefim A Milli Tak\u0131m&#8217;da yer almak&#8221; diye konu\u015ftu.<\/p>\n","protected":false},"excerpt":{"rendered":"<p>Mersin B\u00fcy\u00fck\u015fehir Belediyesi Gen\u00e7lik ve Spor Hizmetleri Dairesi Ba\u015fkanl\u0131\u011f\u0131 b\u00fcnyesinde hizmet veren Basketbol Kurslar\u0131nda e\u011fitim g\u00f6ren iki gen\u00e7 sporcu, &#8216;FIBA Geli\u015fim Projesi&#8217; kapsam\u0131nda &#8216;Geli\u015fim Kamp\u0131&#8217;na davet edildi. Kocaeli&#8217;de 25-29 Ocak &hellip; <a href=\"https:\/\/akdenizolaygazetesi.com\/?p=23897\" class=\"more-link\">Devam\u0131n\u0131 Oku&#8230;<\/a><\/p>\n","protected":false},"author":2,"featured_media":23898,"comment_status":"open","ping_status":"open","sticky":false,"template":"","format":"standard","meta":[],"categories":[3,5],"tags":[],"_links":{"self":[{"href":"https:\/\/akdenizolaygazetesi.com\/index.php?rest_route=\/wp\/v2\/posts\/23897"}],"collection":[{"href":"https:\/\/akdenizolaygazetesi.com\/index.php?rest_route=\/wp\/v2\/posts"}],"about":[{"href":"https:\/\/akdenizolaygazetesi.com\/index.php?rest_route=\/wp\/v2\/types\/post"}],"author":[{"embeddable":true,"href":"https:\/\/akdenizolaygazetesi.com\/index.php?rest_route=\/wp\/v2\/users\/2"}],"replies":[{"embeddable":true,"href":"https:\/\/akdenizolaygazetesi.com\/index.php?rest_route=%2Fwp%2Fv2%2Fcomments&post=23897"}],"version-history":[{"count":1,"href":"https:\/\/akdenizolaygazetesi.com\/index.php?rest_route=\/wp\/v2\/posts\/23897\/revisions"}],"predecessor-version":[{"id":23899,"href":"https:\/\/akdenizolaygazetesi.com\/index.php?rest_route=\/wp\/v2\/posts\/23897\/revisions\/23899"}],"wp:featuredmedia":[{"embeddable":true,"href":"https:\/\/akdenizolaygazetesi.com\/index.php?rest_route=\/wp\/v2\/media\/23898"}],"wp:attachment":[{"href":"https:\/\/akdenizolaygazetesi.com\/index.php?rest_route=%2Fwp%2Fv2%2Fmedia&parent=23897"}],"wp:term":[{"taxonomy":"category","embeddable":true,"href":"https:\/\/akdenizolaygazetesi.com\/index.php?rest_route=%2Fwp%2Fv2%2Fcategories&post=23897"},{"taxonomy":"post_tag","embeddable":true,"href":"https:\/\/akdenizolaygazetesi.com\/index.php?rest_route=%2Fwp%2Fv2%2Ftags&post=23897"}],"curies":[{"name":"wp","href":"https:\/\/api.w.org\/{rel}","templated":true}]}}