{"id":23900,"date":"2023-02-03T13:32:44","date_gmt":"2023-02-03T10:32:44","guid":{"rendered":"http:\/\/akdenizolaygazetesi.com\/?p=23900"},"modified":"2023-02-03T13:32:44","modified_gmt":"2023-02-03T10:32:44","slug":"secer-emek-orgutleri-ile-bulustu","status":"publish","type":"post","link":"https:\/\/akdenizolaygazetesi.com\/?p=23900","title":{"rendered":"SE\u00c7ER EMEK \u00d6RG\u00dcTLER\u0130 \u0130LE BULU\u015eTU"},"content":{"rendered":"<p>Mersin B\u00fcy\u00fck\u015fehir Belediye Ba\u015fkan\u0131 Vahap Se\u00e7er, Mersin&#8217;in geli\u015fimine katk\u0131 sa\u011flamak ve kente daha kaliteli bir hizmet sunmak ad\u0131na kat\u0131l\u0131mc\u0131 anlay\u0131\u015fla ger\u00e7ekle\u015ftirdi\u011fi &#8220;Sivil Toplum Bulu\u015fmalar\u0131&#8221;na devam ediyor.<br \/>\nKongre ve Sergi Saray\u0131&#8217;nda emek \u00f6rg\u00fctleri olan sendikalar\u0131n y\u00f6netici ve \u00fcyeleriyle bir araya gelen Ba\u015fkan Se\u00e7er, sendikalar\u0131n e\u011fitim, sa\u011fl\u0131k, \u00e7evre, ula\u015f\u0131m, ekonomi gibi kent hakk\u0131ndaki talep ve \u00f6nerilerini dinleyip, sorular\u0131na yan\u0131t verdi. Toplant\u0131n\u0131n ba\u015flang\u0131c\u0131nda yapt\u0131\u011f\u0131 konu\u015fmada kent dinamikleriyle i\u015f birli\u011fi ve diyalog i\u00e7inde olman\u0131n \u00f6nemine de\u011finen Ba\u015fkan Se\u00e7er, bu t\u00fcr toplant\u0131lar\u0131n kentin geli\u015fimine b\u00fcy\u00fck katk\u0131 sundu\u011funu vurgulad\u0131.<br \/>\n&#8220;G\u00f6rev yapt\u0131\u011f\u0131m s\u00fcrece bu toplant\u0131lar\u0131 s\u00fcrd\u00fcrece\u011fim&#8221;<br \/>\nBu do\u011frultuda ger\u00e7ekle\u015ftirilen sivil toplum bulu\u015fmalar\u0131n\u0131n d\u00f6rd\u00fcnc\u00fc serisinin ikinci toplant\u0131s\u0131nda sendika temsilcileriyle bir araya geldiklerini belirten Ba\u015fkan Se\u00e7er &#8220;D\u00f6rd\u00fcnc\u00fc serinin ilk toplant\u0131s\u0131n\u0131 meslek odalar\u0131yla yapt\u0131k. Esnaflar, kad\u0131nlar, sosyal sorumluluk vak\u0131flar\u0131, y\u00f6re dernekleri ile devam edece\u011fiz. Bug\u00fcn sendikalarla beraberiz. Bundan fayda sa\u011flad\u0131\u011f\u0131m\u0131z i\u00e7in bu toplant\u0131lar\u0131 rutin hale getirdik. Belirli aral\u0131klarla Mersin&#8217;de ya\u015fayan b\u00fct\u00fcn kesimlerin, sosyoekonomik gruplar\u0131n, k\u00fclt\u00fcrel gruplar\u0131n, sosyal sorumluluk anlay\u0131\u015f\u0131yla \u00e7al\u0131\u015fan derneklerin, kentle ilgili fikirleri, sorunlara ili\u015fkin yans\u0131tt\u0131klar\u0131 bize ger\u00e7ekten \u00e7ok \u00f6nemli yarar sa\u011fl\u0131yor. Onlar\u0131n \u00f6nerileriyle, telkinleriyle yol haritam\u0131z\u0131 belirliyoruz ve yakla\u015f\u0131k olarak 4 y\u0131ll\u0131k y\u00f6netim s\u00fcremiz i\u00e7erisinde de bu toplant\u0131lardan \u00e7ok net, \u00e7ok kayda de\u011fer yarar sa\u011flad\u0131\u011f\u0131m\u0131 s\u00f6yleyebilirim&#8221; dedi.<br \/>\nToplant\u0131lardan kent dinamiklerinin de yararland\u0131\u011f\u0131na vurgu yapan Ba\u015fkan Se\u00e7er, &#8220;\u015eu duygu bile \u00e7ok \u00f6nemlidir; insan\u0131n kendisini de\u011ferli g\u00f6rmesi ya da de\u011ferli g\u00f6r\u00fclmesi. &#8216;Ben de buraday\u0131m. Benim de bu kente dair s\u00f6yleyeceklerim, fikirlerim, liyakatim, birikimim var. Birileri beni de dinliyor&#8217; anlay\u0131\u015f\u0131 bile bana g\u00f6re \u00e7ok \u00f6nemli ve de\u011ferlidir. \u00c7\u00fcnk\u00fc bunlar toplumumuzun hi\u00e7 al\u0131\u015f\u0131k oldu\u011fu \u015feyler de\u011fil a\u00e7\u0131k\u00e7as\u0131. Ben bu kentte bu g\u00f6revi yapt\u0131\u011f\u0131m s\u00fcrece de bunu s\u00fcrd\u00fcrece\u011fim&#8221; diye konu\u015ftu.<br \/>\n&#8220;\u0130deolojik g\u00f6r\u00fc\u015f \u015furada dursun, konu\u015faca\u011f\u0131m\u0131z Mersin&#8221;<br \/>\nBu toplulu\u011fun siyasal anlamda da her kesimi yans\u0131tan bir topluluk oldu\u011funu ve bulu\u015fmalara herkesi davet ettiklerini s\u00f6yleyen Se\u00e7er, &#8220;Bu falanca sendika, bu filanca sendika ayr\u0131m\u0131 yapmad\u0131k. \u0130deolojik g\u00f6r\u00fc\u015f \u015furada dursun, konu\u015faca\u011f\u0131m\u0131z Mersin, Mersin&#8217;in emek s\u0131n\u0131f\u0131, talepleri, beklentileri; bunlar oldu\u011fu i\u00e7in bir arada toplant\u0131 yapman\u0131n daha uygun oldu\u011funu d\u00fc\u015f\u00fcnd\u00fck. Toplumumuzu da asl\u0131nda genel anlamda buna haz\u0131rlamam\u0131z gerekti\u011fini d\u00fc\u015f\u00fcn\u00fcyorum. Daha do\u011frusu haz\u0131rlamaktan \u00f6te bunu hat\u0131rlatmak gerek. Yani ne oldu bize de bu kadar \u00e7ok ayr\u0131\u015ft\u0131k, ideolojik olarak kampla\u015ft\u0131k? Siyaset\u00e7ilerin siyasal s\u00f6ylemlerinden etkilendik. Oysa biz ayn\u0131 amaca hizmet ediyoruz. Emek s\u0131n\u0131f\u0131na hizmet ediyoruz. Yani sen sa\u011f sendika, ben sol sendika, \u00f6b\u00fcr\u00fc milliyet\u00e7i sendika; bunlar\u0131n ay\u0131r\u0131m\u0131 da ger\u00e7ekten 21. y\u00fczy\u0131l d\u00fcnyas\u0131nda entelekt\u00fcel, birikimli insanlara yak\u0131\u015fmayacak d\u00fc\u015f\u00fcnce \u015fekli. Entelekt\u00fcel, iyi yeti\u015fmi\u015f, e\u011fitimli insanda ayr\u0131m kavram\u0131 olmaz, ayr\u0131mc\u0131 olmaz. Yani daha enternasyonal d\u00fc\u015f\u00fcn\u00fcr. &#8216;Ben d\u00fcnya insan\u0131y\u0131m&#8217; der. Tabi ki dinine, milliyetine, k\u00fclt\u00fcr\u00fcne, h\u00fcviyetine sayg\u0131 g\u00f6sterilmesini ister ama bunu isterken kar\u015f\u0131 tarafa da bunu kendisi uygular. Benim d\u00fc\u015f\u00fcncem ve hayattaki anlay\u0131\u015f\u0131m bu. Onun i\u00e7in \u00f6nce kendi kentimizde bir siyaset\u00e7i olarak bunu sa\u011flaman\u0131n gayretini, m\u00fccadelesini verdi\u011fimi de bilmenizi istiyorum. Ayr\u0131mdan, kavgadan, siyasi kutupla\u015fmalardan ve gerginliklerden T\u00fcrkiye&#8217;de en fazla rahats\u0131z olan siyaset\u00e7ilerin ba\u015f\u0131nda geldi\u011fimi de sizlere aktarmak istiyorum&#8221; ifadelerine yer verdi.<\/p>\n<p>&#8220;Ayda 100-150 bin TL zarar eden hatlar\u0131 ben kald\u0131rd\u0131m&#8221;<br \/>\nOtob\u00fcs hatt\u0131 a\u00e7\u0131lmas\u0131 ve saatleri hakk\u0131nda y\u00f6neltilen bir soruyu yan\u0131tlayan Ba\u015fkan Se\u00e7er, bu konunun birka\u00e7 kritere g\u00f6re belirlendi\u011fini s\u00f6yledi. Otob\u00fcs saatleri i\u00e7in talep olmas\u0131 gerekti\u011fini ve saat\/yolcu say\u0131s\u0131n\u0131n yeterlili\u011fi ile efektif olmas\u0131n\u0131n mutlak oldu\u011funu belirten Se\u00e7er, &#8220;Onun d\u0131\u015f\u0131nda onaylam\u0131yoruz. Daha \u00f6nceki d\u00f6nemlerde farkl\u0131 saiklerle yap\u0131lm\u0131\u015f, tek yetkiyi \u00fczerime ald\u0131m bu konuda. &#8216;Yeni hat konaca\u011f\u0131 zaman, benden son bir olur al\u0131n&#8217; dedim. \u00c7\u00fcnk\u00fc ar\u0131yor muhtar bir hat konuyor, ar\u0131yor il\u00e7e ba\u015fkan\u0131 bir hat konuyor, ar\u0131yor hat\u0131rl\u0131 bir adam bir hat konuyor. O hat o hat\u0131rl\u0131 adam\u0131n ad\u0131na konuyor ama para sizden gidiyor, halktan gidiyor. Yani \u00f6yle hatlar iptal ettim ki, ayda 100-150 bin TL zarar eden hatlar\u0131 ben kald\u0131rd\u0131m, bombo\u015f gidiyor-geliyor. Neymi\u015f beyefendi il\u00e7e ba\u015fkan\u0131, o tarihlerde istemi\u015f, bilmem kim istemi\u015f&#8221; dedi. <\/p>\n<p>&#8220;Muazzam bir yerle\u015fke yapt\u0131k&#8221;<br \/>\nKonu\u015fmas\u0131na ge\u00e7ti\u011fimiz hafta CHP Lideri Kemal K\u0131l\u0131\u00e7daro\u011flu&#8217;nun da kat\u0131l\u0131m\u0131 ile a\u00e7\u0131l\u0131\u015f\u0131 yap\u0131lan Toplu Ta\u015f\u0131ma Yerle\u015fkesi hakk\u0131nda kat\u0131l\u0131mc\u0131lara bilgi vererek devam eden Ba\u015fkan Se\u00e7er, &#8220;Toplu ta\u015f\u0131ma filomuzu yeniledik. En son 41 otob\u00fcs\u00fc teslim ald\u0131k. Muazzam bir yerle\u015fke yapt\u0131k. Bak\u0131n o g\u00fcn bahsetti\u011fim 272 otob\u00fcs ve Toplu Ta\u015f\u0131ma Yerle\u015fkesi&#8217;nin bize maliyeti g\u00fcncel rakamlarla 1 milyar 148 milyon TL. Vallahi ticaret yapan bir adam olsam ihya olmu\u015ftum. Otob\u00fcsleri o kadar uygun \u015fartlarda ald\u0131k ki, \u00e7ok uygun. Hani &#8216;Bedava&#8217; derler ya, hem uzun vadeli hem hibe kredileri buldum Avrupa&#8217;dan. Bunlar do\u011falgazl\u0131. Bir kere \u00e7ok iyi bir toplu ta\u015f\u0131ma filomuz var. Biz geldi\u011fimizde ara\u00e7lar\u0131n ya\u015f ortalamas\u0131 17.9&#8217;du, 2.9&#8217;a d\u00fc\u015f\u00fcrd\u00fck. B\u00f6yle bir toplu ta\u015f\u0131ma a\u011f\u0131m\u0131z var. Yeterli otob\u00fcs\u00fcm\u00fcz var. Hi\u00e7bir sorunumuz yok. Hatta demode olmu\u015flar\u0131n bir k\u0131sm\u0131n\u0131 belediyelere, kurumlara ba\u011f\u0131\u015f yap\u0131yoruz&#8221; diye konu\u015ftu.<\/p>\n<p>&#8220;Plajlar halk\u0131nd\u0131r yani Hazine&#8217;nindir&#8221;<br \/>\nTarsus&#8217;a plaj talebi \u00fczerine de plajlar\u0131n Hazine&#8217;de oldu\u011funu hat\u0131rlatan Ba\u015fkan Se\u00e7er,  &#8220;Sahiller bize ait de\u011fil. Bizim i\u015fletti\u011fimiz 12 plaj var. 12 plaj\u0131n da tahsisi bize ait, kiras\u0131n\u0131 \u00f6d\u00fcyoruz. El adam\u0131 gibi biz oralar\u0131 i\u015fletiyoruz. Tarsus Plaj\u0131 da Hazine&#8217;nindir. Plajlar halk\u0131nd\u0131r yani Hazine&#8217;nindir. Oralarda tahsis vard\u0131r. Turizm tesisleri i\u00e7in yap\u0131lm\u0131\u015ft\u0131r. Oradan plaj falan olmaz. Beni onaylayanlar var. Bo\u011fulma hadiselerinin \u00e7ok oldu\u011fu \u00e7ok tehlikeli bir yerdir oras\u0131 ama muazzam bir kumsald\u0131r. \u015eimdi orada bir d\u00fczenleme yap\u0131labilir. Sana b\u00fct\u00fcn plaj\u0131 vermezler. Mesela K\u0131zkalesi plaj\u0131n\u0131n tamam\u0131n\u0131 bize vermemi\u015fler. Koordinatlar\u0131m\u0131z belli ya da Susano\u011flu; koordinatlar\u0131m\u0131z belli. Halka a\u00e7\u0131k k\u0131sm\u0131 var. Hepsini kimse kapatamaz. Koca bir plaj alan\u0131. 3 bin metrekarelik b\u00f6l\u00fcm\u00fcn\u00fc belediyeye verir, kalan 5 bin metrekarelik b\u00f6l\u00fcm\u00fcn\u00fc de halka ay\u0131r\u0131r. A\u00e7\u0131k s\u00f6yleyeyim Tarsus plaj\u0131yla ilgili \u015fu anda bir \u00e7al\u0131\u015fmam\u0131z yok, oldu\u011funu s\u00f6yleyen de hayal alemindedir. \u00c7\u00fcnk\u00fc oralar tahsisli. Karpuz ekiliyor, bostan ekiliyor, \u00e7ift\u00e7i, k\u00f6yl\u00fc oralar\u0131 i\u015fgal etmi\u015ftir. Ecri misil \u00f6d\u00fcyoruz bildi\u011fim kadar\u0131yla. Bu \u015fekilde kiralama y\u00f6ntemiyle yap\u0131yorlar&#8221; dedi.<br \/>\n\u015eehir Hastanesi&#8217;ne kre\u015f talebini de yan\u0131tlayan Ba\u015fkan Se\u00e7er, &#8220;\u015eehir Hastanesi \u00e7ok b\u00fcy\u00fck kapasiteli bir yer. \u015eehir Hastanesi do\u011frudur, yanl\u0131\u015ft\u0131r, onu tart\u0131\u015fmayaca\u011f\u0131m ama kocaman kamp\u00fcs. Orada bir kre\u015fin olmamas\u0131. Yok de\u011fil mi kre\u015f? Ba\u015ftan d\u00fc\u015f\u00fcn\u00fclmedi\u011fi i\u00e7in yani derme \u00e7atma projeler oldu\u011fu i\u00e7in \u00f6n\u00fc sonu yani nas\u0131l n\u00fckleer yap\u0131yorlar, imar yok, kanalizasyon sorunu ya\u015f\u0131yoruz, su sorunu ya\u015f\u0131yoruz \u00e7\u00fcnk\u00fc &#8216;geldik buraya n\u00fckleer yap\u0131yoruz&#8217; yahu yap\u0131yorsun da \u00f6nce buraya insan ak\u0131n\u0131 olacak, ne olacak? Kanalizasyonu ne olacak, ar\u0131tmas\u0131 ne olacak? Buraya hastane yap\u0131yorsun. Binlerce kamu \u00e7al\u0131\u015fan\u0131 var. \u015eehir Hastanesi; ad\u0131 gibi b\u00fcy\u00fck.  Bizim i\u00e7in mant\u0131kl\u0131 bir \u00f6neri olabilir. Bunlar\u0131 da yapaca\u011f\u0131n\u0131z toplant\u0131larda dile getirebilirsiniz&#8221; diye konu\u015ftu.<br \/>\nAile Sa\u011fl\u0131\u011f\u0131 Merkezleri&#8217;nin daha uygun noktalara yap\u0131lmas\u0131 y\u00f6n\u00fcndeki de\u011ferlendirmeler \u00fczerine de konu\u015fan Ba\u015fkan Se\u00e7er,  &#8220;Sizin en b\u00fcy\u00fck sorununuz olan Aile Sa\u011fl\u0131\u011f\u0131 Merkezleri ile ilgili birebirde de g\u00f6r\u00fc\u015fmelerim, spesifik \u00e7\u00f6z\u00fcm \u00fcretmeye \u00e7al\u0131\u015ft\u0131\u011f\u0131m yerler de olmu\u015ftur. Bak\u0131n Aile Sa\u011fl\u0131\u011f\u0131 Merkezleri; bizim yap\u0131p kiraya verme gibi bir konseptimiz yok ama bizim baz\u0131 binalar\u0131m\u0131z var. Ba\u015fka belediyelerden ge\u00e7mi\u015f, kurumlardan ge\u00e7mi\u015f bunlar\u0131 kullanm\u0131yoruz. Biz bunlar\u0131 \u00e7ok rahat verebiliriz. Aile Sa\u011fl\u0131\u011f\u0131 Merkezleri makro sa\u011fl\u0131k politikalar\u0131n\u0131n bir sonucudur. Biz \u015fimdi 20-21 y\u0131ld\u0131r ayn\u0131 y\u00f6netim olunca sanki mahkeme kad\u0131ya m\u00fclk gibi kafada bir \u015fey olu\u015ftu. Bir iktidar 20 y\u0131l kalabilir. Bir \u015fey demiyorum. 5 y\u0131l kal\u0131r, 10 y\u0131l kal\u0131r. Merkel 10 y\u0131l yapt\u0131 Almanya&#8217;da. Demir Leydi \u0130ngiltere&#8217;de 10 y\u0131l yapt\u0131. Bir\u00e7ok Avrupa \u00fclkesi, 3 y\u0131ll\u0131k h\u00fck\u00fcmetler, 5 y\u0131ll\u0131k h\u00fck\u00fcmetler, demokrasi b\u00f6yle bir \u015feydir. Yani 3 y\u0131l oluyor, ayn\u0131 Avrupa \u00e7emberinde 10 y\u0131l oluyor, 15 y\u0131l da oluyor. 3,5-4 ay sonra se\u00e7im var acaba yeni gelecek&#8221; ifadelerine yer verdi.<br \/>\n&#8220;Metro konusunda inan\u0131lmaz s\u0131k\u0131nt\u0131lar ya\u015fad\u0131m&#8221;<br \/>\nBa\u015fkan Se\u00e7er, Mersin Metrosu hakk\u0131ndaki &#8220;\u015eehre kar\u015f\u0131 bir muhalefet mi var Ankara&#8217;da?&#8221; sorusuna yan\u0131t vererek &#8220;3 bu\u00e7uk ay sonra se\u00e7im var. Ne olacak? Neticede 2019&#8217;da ben ba\u015fkanken Metro&#8217;yu yat\u0131r\u0131m program\u0131na ald\u0131rmak i\u00e7in u\u011fra\u015fan benim. Yapan da Say\u0131n Cumhurba\u015fkan\u0131. Hakikaten yapt\u0131 yani, hatta &#8216;finansman aramaya \u00e7\u0131ks\u0131n Ba\u015fkan&#8217; diye yetkili bir Bakan&#8217;\u0131 beni arad\u0131. Cumhurba\u015fkan\u0131m\u0131z diyor ki &#8216;Ba\u015fkan\u0131n\u0131z finansman aras\u0131n.&#8217; Ama b\u00f6yle geldi. \u0130\u015fte az \u00f6nce bu siyasi gerginlik dedim ya, geldi belediyeleri vurdu. Ba\u015fta beni vurdu. Bak\u0131n ben size s\u00f6yleyeyim, bu konuda inan\u0131lmaz s\u0131k\u0131nt\u0131lar ya\u015fad\u0131m. Kamuoyu ile payla\u015fmad\u0131m. Bir s\u00fcr\u00fc enerjimiz gidiyor. Oysa enerjimizi size hizmet olarak yans\u0131tabilirdik. Daha fazla hizmet. Yapt\u0131\u011f\u0131m\u0131z hizmetler sizin de takdirleriniz, te\u015fekk\u00fcr ediyoruz ama ger\u00e7ekten hani \u015fapkadan tav\u015fan \u00e7\u0131karma gibi bir \u015fey&#8221; dedi.<br \/>\n&#8220;Kent m\u00fcfetti\u015fi Alo 185 ve Teksin&#8217;dir&#8221;<br \/>\nSe\u00e7er, Teksin uygulamas\u0131n\u0131n \u00e7ok \u00f6nemli oldu\u011funu, oradaki t\u00fcm talep, istek ve \u015fikayetlerin kendisine rapor olarak sunuldu\u011funu belirterek, &#8220;Alo 185 Teksin&#8217;deki \u00e7al\u0131\u015fan mesai arkada\u015f\u0131m\u0131z ayn\u0131 zamanda ba\u015fkan yard\u0131mc\u0131s\u0131. Neticede \u015fikayetleri al\u0131yor ve objektif bir \u015fekilde de\u011ferlendiriyor, amirine g\u00f6nderiyor. As\u0131l kent m\u00fcfetti\u015fi Alo 185 ve Teksin&#8217;dir&#8221; dedi.<br \/>\n&#8220;Bu kentte memnuniyeti 11 bin ki\u015fi ile sa\u011fl\u0131yoruz&#8221;<br \/>\nBa\u015fkan Se\u00e7er, 11 bin personel ile kent i\u00e7in \u00e7al\u0131\u015ft\u0131klar\u0131n\u0131 ifade ederek, &#8220;Toplam 11 bin ki\u015fiyle biz bu memnuniyeti sa\u011fl\u0131yoruz. Bu insanlar\u0131n eme\u011finin \u00fcr\u00fcn\u00fc. Tabii ki burada sevk ve idare \u00f6nemli ama bu insanlar hem beyin g\u00fcc\u00fcn\u00fc kullan\u0131yor hem kol g\u00fcc\u00fcn\u00fc kullan\u0131yor, bedeniyle \u00e7al\u0131\u015f\u0131yor. Bunlar \u00e7ok \u00f6nemli. Sendika gelecek, oturacak bizle \u00e7at\u0131r \u00e7at\u0131r pazarl\u0131k edecek, hakk\u0131n\u0131 alacak. Biz hakk\u0131n\u0131 verece\u011fiz ama biz de \u00e7at\u0131r \u00e7at\u0131r kamuya hizmet bekleriz. Bunlar siyasi makamlar diye hep istismar edilmi\u015f. Emin olun ben buna m\u00fcsaade edemem. Zaten ben halk\u00e7\u0131 ba\u015fkansam asl\u0131nda halk\u0131n ad\u0131na ben diyorum ki eleman\u0131ma &#8216;\u0130\u015fini d\u00fczg\u00fcn yap.&#8217; Halk\u00e7\u0131l\u0131k b\u00f6yle olur. \u00d6yle lafta olmaz. Sen hizmetini yapacaks\u0131n o zaman helal ekmek kazan\u0131yorsun, herkes sana sayg\u0131 duyar. Biz beraber yap\u0131yoruz. Ne eme\u011fi s\u00f6m\u00fcrelim, ne farkl\u0131 bir anlay\u0131\u015fla siyaseti bize sopa olarak g\u00f6sterenlere halk\u0131n kaynaklar\u0131n\u0131 s\u00f6m\u00fcrtt\u00fcremeyiz. Herkes i\u015fini yapacak&#8221; dedi.<br \/>\nBa\u015fkan Se\u00e7er, milletvekilli\u011fi yapt\u0131\u011f\u0131 d\u00f6nemlerde her g\u00f6r\u00fc\u015ften siyaset\u00e7iyle daha iyi ileti\u015fim kurabildiklerini dile getirerek, &#8220;MHP, HDP, AK Parti o zamanki mecliste grubu bulunan partiler. Hepsi ile cenazesinde, mutlulu\u011funda g\u00f6r\u00fc\u015f\u00fcr\u00fcm. Hi\u00e7bir \u015fey b\u0131rakmad\u0131lar. Bunlar da ayn\u0131 milliyet\u00e7i adam. Bunlar da muhafazakar adam. Ne oldu T\u00fcrkiye&#8217;ye karde\u015fim? Ne yapt\u0131n\u0131z siz bu T\u00fcrkiye&#8217;ye? Nedir bu halimiz? Ben bunu a\u00e7\u0131k s\u00f6yl\u00fcyorum. Yani b\u00f6yle bir durumla \u015fu anda kar\u015f\u0131 kar\u015f\u0131yay\u0131z. Ama bunlar tabii ki a\u015f\u0131lacak. Bunu bir dost meclisinde, bir durum tespiti ve \u015fikayet olarak da kabul edebilirsiniz&#8221; diye konu\u015ftu.<br \/>\nBa\u015fkan Se\u00e7er, e\u011fitim, k\u00fclt\u00fcr, sosyal hizmet, sanat konular\u0131nda tasarruf yap\u0131lmamas\u0131 gerekti\u011fini s\u00f6yleyerek, okullardaki s\u00fct da\u011f\u0131t\u0131mlar\u0131ndan 3 \u00e7e\u015fit yeme\u011fin 6 liradan vatanda\u015fa sunuldu\u011fu Mahalle Mutfaklar\u0131na, A\u015fhane hizmetlerinden, Evde Sa\u011fl\u0131k ve Bak\u0131m \u00e7al\u0131\u015fmalar\u0131na kadar bir\u00e7ok alanda vatanda\u015flara hizmet verdiklerini anlatt\u0131. Se\u00e7er, &#8220;Bunlara para ay\u0131rmaz m\u0131 devlet? Devlet dedi\u011fin kim?  Devlet sensin, benim. Benim sosyal politikalara bak\u0131\u015f a\u00e7\u0131m b\u00f6yle&#8221; dedi. Sosyal devlet vurgusu da yapan Ba\u015fkan Se\u00e7er, &#8220;Baban\u0131z var, kimsesi yok. Bir siz buradas\u0131n\u0131z. Siz kendi karn\u0131n\u0131z\u0131 zor doyuruyorsunuz. Kim bakacak karde\u015fim? Devlet bakacak, bunun tasarrufu olmaz. Benim anlay\u0131\u015f\u0131m bu&#8221; dedi.<br \/>\n&#8220;Bu kente her yapt\u0131\u011f\u0131m\u0131z i\u015f evladiyelik&#8221;<br \/>\n\u00dcst ge\u00e7itler konusuna da de\u011finen Ba\u015fkan Se\u00e7er, 2. \u00c7evre Yolu&#8217;nun transit yol oldu\u011funu belirterek \u015funlar\u0131 s\u00f6yledi:<br \/>\n&#8220;5 y\u0131lda bir master planlar\u0131 yap\u0131l\u0131r. Biz \u015fu anda yapt\u0131r\u0131yoruz, yap\u0131l\u0131yor, bitmek \u00fczere. Bizden \u00f6nceki yap\u0131lan master plan\u0131nda 2. \u00c7evre Yolu transit yol. \u015eimdi Hal Katl\u0131 Kav\u015fa\u011f\u0131&#8217;na ba\u015flayaca\u011f\u0131z. Vatan Caddesi&#8217;ne kadar transit.  Oras\u0131 15 kilometre civar\u0131nda. \u015eu anda 6 kilometre kesintisiz gidebiliyoruz zaten. Biz belli yerlerde d\u00fczenleme yap\u0131p, katl\u0131 kav\u015fa\u011f\u0131 yapar\u0131z. Di\u011ferlerini kapat\u0131r\u0131z. Ama katl\u0131 kav\u015fak yapt\u0131\u011f\u0131m\u0131z yerlerde de mutlaka merdiven koyuyoruz. \u00d6yle b\u00f6yle de\u011fil. \u015eimdi onlar\u0131n maliyeti 20 milyon TL. D\u00fcz merdivenler de\u011fil onlar. D\u00fcnyada ondan daha moderni, daha g\u00fcvenlisi yok. Ben size s\u00f6yl\u00fcyorum. Bizim bu kente her yapt\u0131\u011f\u0131m\u0131z i\u015f ger\u00e7ekten \u00e7ok ciddi, yani hani evladiyelik deriz ya, yapt\u0131\u011f\u0131m\u0131z asfalttan, bina, merdivene, \u00fcst ge\u00e7ide kadar. \u015eimdi yeni sistem kav\u015fa\u011fa ge\u00e7tik, kanalize kav\u015faklar. 3. \u00c7evre Yolu&#8217;nun tamam\u0131n\u0131 da b\u00f6yle yapaca\u011f\u0131z&#8221;<br \/>\n&#8220;K\u00fclt\u00fcr Park&#8217;\u0131n tamam\u0131n\u0131 plaj yapaca\u011f\u0131z&#8221;<br \/>\nK\u00fclt\u00fcr Park&#8217;\u0131n tamam\u0131n\u0131 plaj yapacaklar\u0131n\u0131 kaydeden Ba\u015fkan Se\u00e7er, &#8220;\u00c7ok g\u00fczel bir \u00e7al\u0131\u015fma yapt\u0131rd\u0131k ODT\u00dc&#8217;ye.  Sahil benim de\u011fil, \u00c7evre Bakanl\u0131\u011f\u0131&#8217;n\u0131n iznini bekliyorum. \u0130ki seneyi a\u015ft\u0131. Ben gelir gelmez bunlar\u0131 yapt\u0131m. Bak\u0131n Hilton ile \u0130dman Yurdu Meydan\u0131 aras\u0131 rezalettir. Oralar belediyelerin. Kanun a\u00e7\u0131k. \u0130natla\u015fma oldu, geriden gelen davalar var Belediye ile bakanl\u0131k aras\u0131nda. Benim d\u00f6nemimde de\u011fil, \u015fimdiki Bakan d\u00f6neminde de de\u011fil, tahsis veremiyorlar. Oraya gidip bir \u015fey yapam\u0131yorum. Ge\u00e7en Meclis&#8217;te g\u00fcndeme ta\u015f\u0131d\u0131m. 2. okuma salonunu oraya yapaca\u011f\u0131m. \u00c7ocuklar \u00e7ok ra\u011fbet etti sahil oldu\u011fu i\u00e7in&#8221; dedi.<br \/>\nTrafik sorunu oldu\u011funu ancak bu konuda \u00e7ok da mesafe ald\u0131klar\u0131n\u0131 s\u00f6zlerine ekleyen Ba\u015fkan Se\u00e7er, &#8220;4. \u00c7evre Yolu&#8217;nu a\u00e7t\u0131k. Yeni bulvarlar a\u00e7\u0131yoruz \u015fimdi. Yedi Karde\u015fler, Vatan Caddesi, 3., 4. \u00c7evre Yolu&#8217;nun 18 uygulamas\u0131 devam ediyor. Vatan Caddesi&#8217;ne ba\u011flayaca\u011f\u0131z. Yeni bulvard\u0131r. Hal Katl\u0131 Kav\u015fa\u011f\u0131, Saya Katl\u0131 Kav\u015fa\u011f\u0131 ba\u015fl\u0131yor. Bu trafi\u011fin seri akma a\u00e7\u0131s\u0131ndan \u00f6nemlidir. 3. \u00c7evre Yolu yenilendi. Hem geni\u015fledi hem gayet g\u00fczel oldu&#8221; diyerek, teknik olarak uygun olan caddelere bisiklet yolu yapt\u0131klar\u0131n\u0131 s\u00f6yledi.<\/p>\n<p>&#8220;Mersin Belediyesi g\u00fc\u00e7l\u00fcd\u00fcr&#8221;<br \/>\nMetroyu yapacaklar\u0131n\u0131n alt\u0131n\u0131 \u00e7izen Se\u00e7er, &#8220;Metro yap\u0131l\u0131r. Bak\u0131n Mersin Belediyesi g\u00fc\u00e7l\u00fcd\u00fcr. \u00c7ok net s\u00f6yl\u00fcyorum. Ben acz i\u00e7inde bir belediye ba\u015fkan\u0131 de\u011filim. Bak\u0131n benim 3 y\u0131l \u00f6nce, 4 y\u0131l \u00f6nce geldi\u011fim durumla kasan\u0131n \u015fimdiki durumu bir de\u011fil. Ben a\u00e7\u0131k konu\u015fuyorum; \u00e7\u0131kan bana cevab\u0131n\u0131 versin. \u00c7\u0131ks\u0131n versin, kimsenin sesi \u00e7\u0131km\u0131yor. Borcumuz belli, harc\u0131m\u0131z belli, geldi\u011fimiz, teslim ald\u0131\u011f\u0131m\u0131z belli. Bak\u0131n her 100 lira gelirime 158 lira bor\u00e7 teslim alm\u0131\u015f\u0131m. 2019&#8217;da 1 milyar 498 milyon lira gelirim olmu\u015f. 1,5 milyar lira gelirim varm\u0131\u015f. Ne kadar bor\u00e7 devrald\u0131k belediyeyi. MESK\u0130&#8217;yi katm\u0131yorum, o ayr\u0131 bir hikaye. 2 milyar 250 milyon lira. \u015eu anda nas\u0131l durumumuz biliyor musunuz? Toplamda TL baz\u0131nda borcumuz ayn\u0131 kalm\u0131\u015f. Dolar o zaman 5.7&#8217;ymi\u015f, \u015fimdi 19 lira ama \u015fimdi de a\u015fa\u011f\u0131 yukar\u0131 2 milyar 300 milyon lira borcumuz var. Gelirimiz ne biliyor musunuz? Biz 10 milyar 600 milyon lira b\u00fct\u00e7e yapt\u0131k. Bunun da 9 milyar liras\u0131 en az gelir gelecek. Tahmini b\u00fct\u00e7emiz. A\u015fa\u011f\u0131 yukar\u0131. Fark\u0131 anlad\u0131n\u0131z m\u0131? Y\u00fczde 158 gelirin, her 100 gelirin 158 lira borcu, her 100 lira gelirin 27 lira borcu var. Tam rakam vereyim. Yani benim 100 lira gelirim var ama 27 lira borcum var. Ama yine 100 lira gelirim vard\u0131. 158 lira borcum vard\u0131. Ben Metroyu yapar\u0131m, kredi de al\u0131r\u0131m yapar\u0131m. Yeter ki normalle\u015fme olsun. Bakanl\u0131klar engellemesin, \u00e7ok k\u00f6t\u00fc bak\u0131yor finans kurumlar\u0131 T\u00fcrkiye&#8217;ye. \u015eu anda zaten krediler de ald\u0131 ba\u015f\u0131n\u0131 gitti. Onun i\u00e7in de \u00e7ok umursam\u0131yorum. Hele bakal\u0131m Allah kerim. 3-4 ay ge\u00e7sin bakal\u0131m. 200 milyon liral\u0131k harcama yapt\u0131k, onu da hesapta kitapta yoktu biz \u00f6dedik&#8221; dedi.<br \/>\n&#8220;Ula\u015f\u0131mda y\u00fczde 76 s\u00fcbvanse yap\u0131yorum&#8221;<br \/>\nUla\u015f\u0131m \u00fccretleri ile alakal\u0131 da de\u011ferlendirme yapan Ba\u015fkan Se\u00e7er, &#8220;\u015eu anda otob\u00fcs \u00fccretlerini siz pahal\u0131 buluyorsunuz ama zarar\u0131m\u0131 s\u00f6yleyeyim. Makul olan kabul; bu standartt\u0131r;  toplu ta\u015f\u0131mada belediyeler her 100 TL masraf\u0131n\u0131n 50 TL&#8217;sini toplar. \u015eu anda ben 100 TL masraf\u0131m\u0131n 24 liras\u0131n\u0131 topluyorum. Y\u00fczde 76 s\u00fcbvanse yap\u0131yorum. Ben bunu yap\u0131yorum. Bak\u0131n \u00f6\u011frenci 1 TL. Dolayl\u0131 olarak velilerin cebine gidiyor. Fark\u0131nda de\u011fil. Gelsin abonman kart\u0131 als\u0131n Mersin&#8217;in her yerinde mesafe fark\u0131 olmaks\u0131z\u0131n 1 TL yapt\u0131k. Yoksa ben de isterim. O zaman anlam\u0131 kalmaz. O zaman toplu ta\u015f\u0131may\u0131 fesh etmek laz\u0131m. Ya da devlet &#8216;ben bunu \u00fcstleniyorum&#8217; diyecek&#8221; dedi.<br \/>\n&#8220;Benim g\u00f6rev alan\u0131mda hi\u00e7 ayr\u0131cal\u0131k yok&#8221;<br \/>\nGelen soru \u00fczerine Kent Kart abonman, dolum gibi i\u015flemlerinin Teksin&#8217;e uyarland\u0131\u011f\u0131n\u0131 s\u00f6yleyen Ba\u015fkan Se\u00e7er, ibadethane peyzaj\u0131 ve asfalt taleplerini de tek tek yan\u0131tlad\u0131. Mersin B\u00fcy\u00fck\u015fehir&#8217;in g\u00f6rev alan\u0131na girmeyen pek \u00e7ok noktada asfalt \u00e7al\u0131\u015fmalar\u0131 yapt\u0131klar\u0131n\u0131 an\u0131msatan Ba\u015fkan Se\u00e7er, &#8220;\u015eevket S\u00fcmer&#8217;e, \u00c7ay&#8217;a, \u00c7ilek&#8217;e gidin, l\u00fctfen bir gidin ve yollar\u0131 g\u00f6r\u00fcn. Hepsini B\u00fcy\u00fck\u015fehir yapt\u0131. \u0130l\u00e7e belediyelerinin yerlerini bile B\u00fcy\u00fck\u015fehir yapt\u0131. Gidin G\u00fclnar&#8217;\u0131n herhangi bir grup yoluna, Tarsus&#8217;ta Yenice&#8217;ye kadar gidin bak\u0131n ne yol yapm\u0131\u015flar. Biz her yere yap\u0131yoruz. Bize oy verdi vermedi demiyoruz. Bak\u0131n ben en az oy ald\u0131\u011f\u0131m yerlerden en fazla sayg\u0131y\u0131 g\u00f6r\u00fcyorum Belediye Ba\u015fkan\u0131 olarak. Gelin buyurun Erdemli&#8217;ye gidelim, Mut&#8217;a gidelim, nereye istiyorsan\u0131z gidelim. Benim g\u00f6rev alan\u0131mda hi\u00e7 ayr\u0131cal\u0131k yok. G\u00f6rev alan\u0131m d\u0131\u015f\u0131nda \u00e7ok talepler oluyor ama bunlar benim g\u00f6rev alan\u0131m de\u011fil. \u0130l\u00e7e sokaklar\u0131 benim g\u00f6rev alan\u0131m de\u011fil. Ana cadde benim ama kar\u015f\u0131 cadde benim de\u011fil. K\u00f6y\u00fc il\u00e7eye ba\u011flayan yol benim ama i\u00e7indeki yol benim de\u011fil. Bunlar\u0131n ayr\u0131m\u0131n\u0131 yapmak laz\u0131m&#8221; ifadelerini kulland\u0131.<br \/>\n&#8220;100 bin ton asfalt benim g\u00f6rev alan\u0131m d\u0131\u015f\u0131na gitmi\u015f&#8221;<br \/>\nBa\u015fkan Se\u00e7er, g\u00f6rev alan\u0131 olmasa da baz\u0131 noktalarda vatanda\u015f\u0131n s\u0131k\u0131nt\u0131 \u00e7ekmemesi ad\u0131na asfalt \u00e7al\u0131\u015fmas\u0131 yapt\u0131klar\u0131n\u0131 ifade ederken, sosyoekonomik anlamda s\u0131k\u0131nt\u0131l\u0131 noktalara hizmet konusunda bonk\u00f6r davrand\u0131klar\u0131n\u0131 belirtti. Ba\u015fkan Se\u00e7er, &#8220;100 bin ton asfalt benim g\u00f6rev alan\u0131m d\u0131\u015f\u0131na gitmi\u015f. 700 bin ton asfalt kullanm\u0131\u015f\u0131m, 600 bin tonu kendi g\u00f6rev alan\u0131m, 100 bin ton benim alan\u0131m de\u011fil. Biz bunlar\u0131 da yap\u0131yoruz. 100 bin ton demek; yapt\u0131m, \u00e7\u0131kt\u0131m 150 milyon lira para demek. B\u00f6yle de bir durum s\u00f6z konusu. Hem okullar\u0131n hem camilerin taleplerini kar\u015f\u0131lamaya \u00e7al\u0131\u015f\u0131yoruz. Hepsini yapmam\u0131z m\u00fcmk\u00fcn de\u011fil. 1500 camiden talep gelmi\u015f ve hepsini temizlemi\u015fiz. Ge\u00e7en y\u0131l\u0131n skoru bu. Bu y\u0131l da gelir 2 bin yine yapar\u0131z. Hi\u00e7 sorun yok&#8221; dedi.<br \/>\nEmekli evi ve kre\u015f say\u0131lar\u0131n\u0131 art\u0131racaklar\u0131n\u0131 s\u00f6yleyen Ba\u015fkan Se\u00e7er, &#8220;\u015eu anda il\u00e7eler dahil 9 ayr\u0131 yerde; Akkent, \u00c7ilek, Erdemli, Kurdali, Mezitli, Yeni\u015fehir, Silifke, Bozyaz\u0131 ve G\u00fclnar&#8217;da kre\u015f a\u00e7mak i\u00e7in \u00e7al\u0131\u015fmalar var. Bir de Mezitli Viran\u015fehir&#8217;de Emekli Evi \u00e7al\u0131\u015fmas\u0131 var. Yine Anamur&#8217;da var. Hem okuma salonu, hem emekli evi yan yana&#8221; dedi.<br \/>\n&#8220;Bir\u00e7ok otogar yap\u0131lm\u0131\u015f. Bunlar kaynak israf\u0131&#8221;<br \/>\nKre\u015f ya da e\u011fitim merkezi a\u00e7arken mevcutta bo\u015f olan kamu binalar\u0131n\u0131 de\u011ferlendirdiklerini ifade eden Ba\u015fkan Se\u00e7er, &#8220;\u00c7ok bo\u015f bina var. Tahsisi al\u0131nabiliyorsa, kamu binalar\u0131n\u0131; yoksa veriyoruz kiras\u0131n\u0131 hemen kre\u015fse kre\u015f, dershane ise dershane 6 ay i\u00e7erisinde a\u00e7\u0131yoruz. Daha ekonomik oluyor. Bana g\u00f6re daha az kaynak israf\u0131 oluyor. Bir yere bir bina yap\u0131yorsun, senden sonraki belediye ba\u015fkan\u0131 geliyor; &#8216;bu uygun de\u011fil&#8217; diyor, kapat\u0131yor. Orada bina \u00e7\u00fcr\u00fcyor. \u00d6rnekler \u00e7ok var. Bir\u00e7ok otogar yap\u0131lm\u0131\u015f; G\u00fclnar otogar\u0131 bombo\u015f de\u011fil mi? Yeni yap\u0131lan Anamur otogar\u0131 bombo\u015f. \u015eimdi onu \u00e7eviriyoruz. B\u00fct\u00fcn birimlerimizi oraya alaca\u011f\u0131z. Tarsus otogar\u0131 bombo\u015f. Mersin otogar\u0131 y\u00fczde 70 dolu. Bunlar kaynak israf\u0131. Bunlardan uzak kalmak laz\u0131m&#8221; ifadelerini kulland\u0131.<\/p>\n<p>&#8220;E\u011fitimsiz toplum \u00e7\u00fcr\u00fcyen toplumdur bizim g\u00f6z\u00fcm\u00fczde&#8221;<br \/>\n\u00d6\u011frencilere her t\u00fcrl\u00fc imkan\u0131 sa\u011flaman\u0131n gayreti i\u00e7erisinde olduklar\u0131n\u0131 s\u00f6yleyen Ba\u015fkan Vahap Se\u00e7er &#8220;\u00c7ok g\u00fczel okuma salonlar\u0131m\u0131z var, 9.&#8217;sunu a\u00e7t\u0131k. \u00c7ok g\u00f6z \u00f6n\u00fcnde, fantastik bir yerde oldu\u011fu i\u00e7in ilgi \u00e7ok g\u00fczel. \u00c7orbas\u0131ym\u0131\u015f, yeme\u011fiymi\u015f; bak\u0131n \u00fcniversite kap\u0131lar\u0131nda 6 TL&#8217;ye yemek veriyoruz, \u00e7ama\u015f\u0131rhanesi, her \u015feyini veriyoruz. 1 TL&#8217;ye otob\u00fcs imkan\u0131 sa\u011fl\u0131yoruz. Dershanelerde 6 bin 500 \u00f6\u011frencimiz, 350&#8217;ye yak\u0131n \u00f6\u011fretmenimiz var. Her yerde var. \u00d6zellikle dezavantajl\u0131 noktalarda. Yenice&#8217;de de var, merkezde de var, Tarsus&#8217;ta da var ama G\u00fclnar&#8217;da, Ayd\u0131nc\u0131k&#8217;ta, Silifke&#8217;de, Anamur&#8217;da, Bozyaz\u0131&#8217;da. B\u00fct\u00fcn il\u00e7elerde var, \u00c7aml\u0131yayla zaten Tarsus&#8217;a geliyor. Biz \u00e7ocuklar\u0131m\u0131z\u0131n e\u011fitimini \u00f6nceliyoruz. E\u011fitimsiz toplum \u00e7\u00fcr\u00fcyen toplumdur bizim g\u00f6z\u00fcm\u00fczde&#8221; ifadelerini kulland\u0131.<\/p>\n<p>&#8220;Bu \u00fclkede herkes kurnaz, garip halk\u0131n d\u0131\u015f\u0131nda&#8221;<br \/>\nBisiklet yollar\u0131 yapmaya devam edeceklerini ifade eden Ba\u015fkan Se\u00e7er, Kent-Bis \u015fubelerinin de kente yayg\u0131nla\u015ft\u0131r\u0131laca\u011f\u0131n\u0131 s\u00f6yledi. Scooter kullan\u0131m\u0131n\u0131n yayg\u0131nla\u015fmas\u0131 hakk\u0131nda da B\u00fcy\u00fck\u015fehir Belediye Ba\u015fkan\u0131 olarak konuyu yak\u0131ndan takip etti\u011fini vurgulayan Ba\u015fkan Se\u00e7er &#8220;Scooter firmalar\u0131 getiriyor kamyon kamyon, izinleri yok. Biz toplat\u0131yoruz, onlar b\u0131rak\u0131yor. Benim bir karakterim var; \u00fczerime gelmi\u015fse yapmam ben, &#8216;Yapm\u0131yorum&#8217; dedim. \u015eimdi \u00e7ok \u015f\u00fck\u00fcr bir yasa \u00e7\u0131kt\u0131 \u00c7evre Bakanl\u0131\u011f\u0131&#8217;ndan, Bak\u0131yorum her tarafta scooter. Bunlar kazaya neden oluyor. Bundan sonra takip edece\u011fiz. Bize bedelini \u00f6d\u00fcyor. Bunun bir harc\u0131 var. 100 tane \u00f6d\u00fcyor, 500 tane koyuyor. Biliyorsunuz bu \u00fclkede herkes kurnaz, garip halk\u0131n d\u0131\u015f\u0131nda&#8221; diye konu\u015ftu.<\/p>\n<p>&#8220;Kesinlikle \u00e7ok g\u00fczel bir ekmek fabrikas\u0131 yapaca\u011f\u0131m&#8221;<br \/>\nHalk Ekmek konusunda y\u00f6neltilen bir soruyu cevapland\u0131ran Ba\u015fkan Se\u00e7er konu hakk\u0131nda \u015funlar\u0131 s\u00f6yledi: &#8220;Hareket alan\u0131m yok. \u015eu anda tam kapasite \u00e7al\u0131\u015f\u0131yoruz. 45 bin somun, 2 bin 600 \u00e7e\u015fit ekmek, roll ekmek 29 bin, toplam 76 bin 600 ekmek \u00e7\u0131kart\u0131yor. \u015eimdi 24 saat esas\u0131na giriyorlar. Biraz daha \u00fczerine koyacak. 43 b\u00fcfemiz var, bunlar genelde g\u00f6rece geliri d\u00fc\u015f\u00fck insanlar\u0131n alaca\u011f\u0131 yerlerde.  Bizde 2.5 TL \u015fu anda, T\u00fcrkiye&#8217;nin en ucuz ekme\u011fi. \u00c7ok yak\u0131n zamana kadar 1.5 TL&#8217;ydi. Dikkat ederseniz 5 TL oldu ekmek. Arazi sorunumuz var, belediyemizin arazisi yok. Yeni projeyi haz\u0131rlatt\u0131m, Allah nasip eder, yani aday olurum, kazan\u0131r\u0131m, Belediye Ba\u015fkanl\u0131\u011f\u0131m bir d\u00f6nem daha devam eder, g\u00f6rev s\u00fcremde bir s\u0131k\u0131nt\u0131 olmazsa, kesinlikle \u00e7ok g\u00fczel bir ekmek fabrikas\u0131 yapaca\u011f\u0131m. Ekmek fabrikas\u0131 zarar da etmeyecek. \u00d6yle bir tasarlad\u0131k ki ekmek \u00fcretecek, oradan zarar edecek ama t\u00fcrev \u00fcr\u00fcnler \u00fcretecek, ondan kar edecek. Yani yoksul, gariban adama ucuza ekmek vereceksin. Ama adam diyet yap\u0131yor, diyet ekme\u011fi ver, tam bu\u011fdayl\u0131 ver ve oradan da para kazan.&#8221;<\/p>\n<p>&#8220;Ben vatan sevgimi, zek\u00e2t\u0131m saymam onlar\u0131n vatan sevgisine&#8221;<br \/>\nB\u00fcy\u00fck\u015fehir&#8217;de ger\u00e7ekle\u015fen i\u015fe al\u0131mlarda son derece \u015feffaf olduklar\u0131n\u0131 vurgulayan Ba\u015fkan Se\u00e7er, &#8220;Bu konuyla ilgili tek c\u00fcmle s\u00f6yleyece\u011fim. Bu konu her belediyede istismar edilir. \u00c7ok net, a\u00e7\u0131k y\u00fcreklilikle ve vicdanen de rahat s\u00f6yl\u00fcyorum. E\u011fer bir istismar varsa bile bu konu en az Mersin B\u00fcy\u00fck\u015fehir&#8217;de istismar ediliyordur. Siz s\u00f6ylenenlere bakmay\u0131n. Biz ahmak falan de\u011filiz. Onlardan \u00e7ok daha zekiyiz, \u00e7ok daha \u00e7al\u0131\u015fkan\u0131z. Ben vatan sevgimi, zek\u00e2t\u0131m saymam onlar\u0131n vatan sevgisine. Ben bir eleman al\u0131rken bir kere vas\u0131flar\u0131na bakar\u0131m&#8221; dedi.<br \/>\nG\u00f6ksoy: &#8220;Bu t\u00fcr bulu\u015fmalar de\u011ferlidir, k\u0131ymetlidir&#8221;<br \/>\nD\u0130SK Genel-\u0130\u015f Mersin \u015eube Ba\u015fkan\u0131 Kemal G\u00f6ksoy, Ba\u015fkan Se\u00e7er&#8217;in STK bulu\u015fmalar\u0131n\u0131 insanlar\u0131n hem \u00f6nemsendi\u011fi hem de eksikliklerini \u00e7ok rahat dile getirdi\u011fi bir ortam oldu\u011funu belirterek &#8220;Bir belediye ba\u015fkan\u0131n\u0131n kentle sorunlar\u0131n\u0131 ortakla\u015ft\u0131rmas\u0131 bizim i\u00e7in \u00e7ok \u00f6nemli, kent i\u00e7in de \u00e7ok \u00f6nemli. Kentteki s\u0131k\u0131nt\u0131lar\u0131, sorunlar\u0131 herkes bilemez. Emek alan\u0131nda muhtarlarla, odalarla, sendikalarla, sivil toplum \u00f6rg\u00fctleriyle toplant\u0131lar yap\u0131l\u0131yor. Bu asl\u0131nda kentin b\u00fct\u00fcn\u00fcn\u00fc kapsayan bir giri\u015fimdir. Bu t\u00fcr bulu\u015fmalar bizim a\u00e7\u0131m\u0131zdan de\u011ferlidir, k\u0131ymetlidir. K\u0131ymetini bilece\u011fiz ve bu kente de\u011fer katan Vahap Se\u00e7er&#8217;in de\u011ferini bilece\u011fiz&#8221; dedi.<\/p>\n<p>Dr. \u015een: &#8220;Yapacak, s\u00f6yleyecek, de\u011fi\u015ftirebilecek \u00e7ok \u015fey var&#8221;<\/p>\n<p>Ba\u015fkan Vahap Se\u00e7er&#8217;in toplumun farkl\u0131 kesimleri ile ger\u00e7ekle\u015ftirdi\u011fi bu toplant\u0131lar\u0131 \u00e7ok de\u011ferli buldu\u011funu s\u00f6yleyen Genel Sa\u011fl\u0131k-\u0130\u015f Mersin \u015eube Ba\u015fkan\u0131 Dr. G\u00fcrb\u00fcz \u015een ise &#8220;Asl\u0131nda ben gen\u00e7li\u011fimde de Mersin B\u00fcy\u00fck\u015fehir Belediyesi&#8217;nin Kent Konseylerinde, Gen\u00e7lik Kollar\u0131nda \u00e7al\u0131\u015fmalar yapt\u0131m. Daha \u00e7ok yapmak laz\u0131m, daha \u00e7ok bir araya gelmek laz\u0131m. Daire ba\u015fkanlar\u0131 ile daha \u00e7ok bir araya gelmek laz\u0131m. Yapacak, s\u00f6yleyecek, de\u011fi\u015ftirebilecek \u00e7ok \u015fey var. Hep birlikte \u00e7ok daha g\u00fczel i\u015fler ba\u015farabiliriz diye d\u00fc\u015f\u00fcn\u00fcyorum. Sa\u011fl\u0131k \u00e7al\u0131\u015fanlar\u0131n\u0131n \u00f6zellikle son 20 y\u0131ld\u0131r \u00e7ektikleri eziyetleri herkes biliyor. Ama ge\u00e7ecek bunlar diye d\u00fc\u015f\u00fcn\u00fcyoruz biz&#8221; dedi.  <\/p>\n<p>S\u00fcmb\u00fcl: &#8220;Bu bulu\u015fmalara \u00e7ok de\u011fer veriyoruz&#8221;<br \/>\nE\u011fitim-Sen Mersin \u015eube Ba\u015fkan\u0131 Mahmut S\u00fcmb\u00fcl de &#8220;Vahap Ba\u015fkan se\u00e7ildi\u011finden bu yana kentin bile\u015fenleriyle yapt\u0131\u011f\u0131 bu bulu\u015fmalara \u00e7ok de\u011fer veriyoruz. Bizler de hem bu bulu\u015fmalara kat\u0131larak hem bunun d\u0131\u015f\u0131nda \u00f6zg\u00fcn \u00f6nerilerimizi, g\u00f6r\u00fc\u015flerimizi payla\u015farak bunlar\u0131n kentte hayat bulmas\u0131 i\u00e7in, kentin ya\u015fam\u0131na dokunabilmek i\u00e7in sendikalar olarak katk\u0131 sa\u011flamaya \u00e7al\u0131\u015f\u0131yoruz. De\u011ferli bir bulu\u015fma. \u00c7\u00fcnk\u00fc bir Belediye&#8217;nin bir rutinde yapt\u0131\u011f\u0131 i\u015fler var; bir de ger\u00e7ekten kentin ya\u015fam\u0131na dokunan, kenti de\u011fi\u015ftiren, de\u011fi\u015ftirirken bunu kentteki bile\u015fenlerle, sivil toplum \u00f6rg\u00fctleriyle, her bir bireyin kendisiyle birlikte yapmas\u0131, onlar\u0131n g\u00f6r\u00fc\u015flerini almas\u0131 \u00f6nemli. Belediyecili\u011fin sosyal, halk\u00e7\u0131, demokratik, kapsay\u0131c\u0131 boyutu bizim i\u00e7in son derece \u00f6nemli, olmazsa olmaz. Bu da onun par\u00e7alar\u0131ndan bir tanesi&#8221; dedi.<\/p>\n","protected":false},"excerpt":{"rendered":"<p>Mersin B\u00fcy\u00fck\u015fehir Belediye Ba\u015fkan\u0131 Vahap Se\u00e7er, Mersin&#8217;in geli\u015fimine katk\u0131 sa\u011flamak ve kente daha kaliteli bir hizmet sunmak ad\u0131na kat\u0131l\u0131mc\u0131 anlay\u0131\u015fla ger\u00e7ekle\u015ftirdi\u011fi &#8220;Sivil Toplum Bulu\u015fmalar\u0131&#8221;na devam ediyor. Kongre ve Sergi Saray\u0131&#8217;nda &hellip; <a href=\"https:\/\/akdenizolaygazetesi.com\/?p=23900\" class=\"more-link\">Devam\u0131n\u0131 Oku&#8230;<\/a><\/p>\n","protected":false},"author":2,"featured_media":23901,"comment_status":"open","ping_status":"open","sticky":false,"template":"","format":"standard","meta":[],"categories":[8,34,2,3,6],"tags":[],"_links":{"self":[{"href":"https:\/\/akdenizolaygazetesi.com\/index.php?rest_route=\/wp\/v2\/posts\/23900"}],"collection":[{"href":"https:\/\/akdenizolaygazetesi.com\/index.php?rest_route=\/wp\/v2\/posts"}],"about":[{"href":"https:\/\/akdenizolaygazetesi.com\/index.php?rest_route=\/wp\/v2\/types\/post"}],"author":[{"embeddable":true,"href":"https:\/\/akdenizolaygazetesi.com\/index.php?rest_route=\/wp\/v2\/users\/2"}],"replies":[{"embeddable":true,"href":"https:\/\/akdenizolaygazetesi.com\/index.php?rest_route=%2Fwp%2Fv2%2Fcomments&post=23900"}],"version-history":[{"count":1,"href":"https:\/\/akdenizolaygazetesi.com\/index.php?rest_route=\/wp\/v2\/posts\/23900\/revisions"}],"predecessor-version":[{"id":23902,"href":"https:\/\/akdenizolaygazetesi.com\/index.php?rest_route=\/wp\/v2\/posts\/23900\/revisions\/23902"}],"wp:featuredmedia":[{"embeddable":true,"href":"https:\/\/akdenizolaygazetesi.com\/index.php?rest_route=\/wp\/v2\/media\/23901"}],"wp:attachment":[{"href":"https:\/\/akdenizolaygazetesi.com\/index.php?rest_route=%2Fwp%2Fv2%2Fmedia&parent=23900"}],"wp:term":[{"taxonomy":"category","embeddable":true,"href":"https:\/\/akdenizolaygazetesi.com\/index.php?rest_route=%2Fwp%2Fv2%2Fcategories&post=23900"},{"taxonomy":"post_tag","embeddable":true,"href":"https:\/\/akdenizolaygazetesi.com\/index.php?rest_route=%2Fwp%2Fv2%2Ftags&post=23900"}],"curies":[{"name":"wp","href":"https:\/\/api.w.org\/{rel}","templated":true}]}}