{"id":23903,"date":"2023-02-03T13:34:19","date_gmt":"2023-02-03T10:34:19","guid":{"rendered":"http:\/\/akdenizolaygazetesi.com\/?p=23903"},"modified":"2023-02-03T13:34:19","modified_gmt":"2023-02-03T10:34:19","slug":"2022-yili-egitim-degerlendirme-ve-ucretsiz-yemek-hizmeti-bilgilendirme-toplantisi-yapildi","status":"publish","type":"post","link":"https:\/\/akdenizolaygazetesi.com\/?p=23903","title":{"rendered":"&#8220;2022 Y\u0131l\u0131 E\u011fitim De\u011ferlendirme ve \u00dccretsiz Yemek Hizmeti Bilgilendirme Toplant\u0131s\u0131&#8221; yap\u0131ld\u0131"},"content":{"rendered":"<p>\u0130l Milli E\u011fitim M\u00fcd\u00fcr\u00fcm\u00fcz Say\u0131n Adem KOCA taraf\u0131ndan d\u00fczenlenen &#8220;2022 Y\u0131l\u0131 E\u011fitim De\u011ferlendirme ve \u00dccretsiz Yemek Hizmeti Bilgilendirme Toplant\u0131s\u0131&#8221; Mersin Valimiz Say\u0131n Ali Hamza PEHL\u0130VAN&#8217; \u0131n te\u015frifleri ve ilimiz bas\u0131n mensuplar\u0131n\u0131n kat\u0131l\u0131mlar\u0131yla ger\u00e7ekle\u015ftirildi.<br \/>\nToplant\u0131da 2022 y\u0131l\u0131nda \u0130l Milli E\u011fitim M\u00fcd\u00fcrl\u00fc\u011f\u00fcm\u00fcz taraf\u0131ndan ger\u00e7ekle\u015ftirilen \u00e7al\u0131\u015fmalar ve \u00fccretsiz yemek hizmeti hakk\u0131nda bas\u0131n mensuplar\u0131na bir sunum ger\u00e7ekle\u015ftiren Say\u0131n Adem KOCA, &#8220;Mersin \u0130l Milli E\u011fitim M\u00fcd\u00fcrl\u00fc\u011f\u00fc olarak ilimiz genelinde t\u00fcm il\u00e7elerimizde ve t\u00fcm birimlerimizle, evlatlar\u0131m\u0131z\u0131n en iyi e\u011fitim olanaklar\u0131ndan yararlanmalar\u0131, f\u0131rsat e\u015fitli\u011fine sahip olmalar\u0131, k\u00f6kl\u00fc gelene\u011fimizden ve k\u00fclt\u00fcr\u00fcm\u00fczden beslenerek \u00e7a\u011f\u0131n gereklerine uygun nitelikte e\u011fitim almalar\u0131 i\u00e7in \u00e7al\u0131\u015f\u0131yoruz. Milli E\u011fitim Bakanl\u0131\u011f\u0131m\u0131z\u0131n &#8220;2023 T\u00fcrkiye Y\u00fczy\u0131l\u0131, E\u011fitimin Y\u00fczy\u0131l\u0131&#8221; vizyonuyla 2023 y\u0131l\u0131nda da ayn\u0131 enerjiyle, hevesle, yepyeni projelerle evlatlar\u0131m\u0131z i\u00e7in \u00e7al\u0131\u015fmaya ve \u00fcretmeye devam edece\u011fiz. \u0130limizde, at\u0131l durumdaki 108 k\u00f6y okulumuz K\u00f6y Ya\u015fam Merkezi&#8217;ne d\u00f6n\u00fc\u015ft\u00fcr\u00fclerek vatanda\u015flar\u0131m\u0131z\u0131n hizmetine sunulmu\u015ftur. T\u00fcm K\u00f6y Ya\u015fam Merkezlerimizde hayat boyu \u00f6\u011frenme kurslar\u0131m\u0131z mevcuttur. Bir\u00e7ok noktada K\u00f6y Ya\u015fam Merkezi d\u00f6n\u00fc\u015f\u00fcm \u00e7al\u0131\u015fmalar\u0131m\u0131z devam etmektedir. T\u00fcm okullar\u0131m\u0131zda ihtiya\u00e7 duyulan bak\u0131m onar\u0131m \u00e7al\u0131\u015fmalar\u0131 yap\u0131lm\u0131\u015ft\u0131r. T\u00fcm kurumlar\u0131m\u0131zda k\u00fct\u00fcphanelerimiz ve 2 milyon 500 bin kitab\u0131m\u0131z bulunmaktad\u0131r. Ayr\u0131ca 184 s\u0131f\u0131r at\u0131k k\u00fct\u00fcphanemiz vatanda\u015flar\u0131m\u0131z\u0131n hizmetine sunulmu\u015ftur. Say\u0131n Valimizin himayelerinde &#8216;Yol Arkada\u015f\u0131n\u0131z Kitap Olsun&#8217; kampanyas\u0131yla kitap say\u0131lar\u0131m\u0131z\u0131 art\u0131rma \u00e7al\u0131\u015fmalar\u0131m\u0131z devam etmektedir. ARGE \u00e7al\u0131\u015fmalar\u0131m\u0131z T\u00fcrkiye&#8217;de ses getiren projelerle s\u00fcrmekte olup farkl\u0131 alanlarda bir\u00e7ok projemiz \u00f6d\u00fcle lay\u0131k g\u00f6r\u00fclm\u00fc\u015ft\u00fcr. \u0130limizde 7 Mesleki E\u011fitim Merkezimizde 22.953 \u00f6\u011frencimiz e\u011fitim almaktad\u0131r. Bakanl\u0131\u011f\u0131m\u0131z\u0131n ba\u015flatm\u0131\u015f oldu\u011fu Aile Okulu projesi kapsam\u0131nda aile ileti\u015fimi g\u00fc\u00e7l\u00fc k\u0131lmak i\u00e7in 47.071 ailemize &#8216;Aile Okulu&#8217; e\u011fitimi verilmi\u015ftir. Ayr\u0131ca il genelinde 748 muhtar\u0131m\u0131za da aile okulu e\u011fitimleri verilmi\u015ftir. Hayat Boyu \u00d6\u011frenme birimimizde y\u00fcr\u00fctt\u00fc\u011f\u00fcm\u00fcz \u00e7al\u0131\u015fmalarla 2022 y\u0131l\u0131nda 525.000 kursiyer say\u0131s\u0131na ula\u015farak tarihi bir rekora imza att\u0131k.<br \/>\nBakanl\u0131\u011f\u0131m\u0131z\u0131n &#8220;5 Milyon \u00d6\u011frencimize \u00dccretsiz Yemek Projesi&#8221; kapsam\u0131nda 6 \u015eubat 2023 tarihi itibariyle, y\u00fcr\u00fctt\u00fc\u011f\u00fcm\u00fcz \u00e7ok y\u00f6nl\u00fc \u00e7al\u0131\u015fmalar neticesinde ilimiz genelinde 39.584 okul \u00f6ncesi e\u011fitim ve 30.183 ta\u015f\u0131mal\u0131\/pansiyon \u00f6\u011frencimiz olmak \u00fczere toplam 69.767 \u00f6\u011frencimize \u00fccretsiz yemek hizmeti sunaca\u011f\u0131z.<br \/>\nT\u00fcm \u00e7al\u0131\u015fmalar\u0131m\u0131zda bizlerden deste\u011fini esirgemeyen Valimiz Say\u0131n Ali Hamza PEHL\u0130VAN&#8217;a \u015f\u00fckranlar\u0131m\u0131z\u0131 arz ediyor, eme\u011fi ge\u00e7en t\u00fcm payda\u015flar\u0131m\u0131za ve t\u00fcm bu g\u00fczelliklerin ba\u015f mimar\u0131 de\u011ferli meslekta\u015flar\u0131ma en kalbi duygular\u0131mla te\u015fekk\u00fcr ediyorum. Hep birlikte b\u00fcy\u00fck bir aile olarak daha yapacak \u00e7ok i\u015fimiz var.&#8221; dedi.<\/p>\n","protected":false},"excerpt":{"rendered":"<p>\u0130l Milli E\u011fitim M\u00fcd\u00fcr\u00fcm\u00fcz Say\u0131n Adem KOCA taraf\u0131ndan d\u00fczenlenen &#8220;2022 Y\u0131l\u0131 E\u011fitim De\u011ferlendirme ve \u00dccretsiz Yemek Hizmeti Bilgilendirme Toplant\u0131s\u0131&#8221; Mersin Valimiz Say\u0131n Ali Hamza PEHL\u0130VAN&#8217; \u0131n te\u015frifleri ve ilimiz bas\u0131n &hellip; <a href=\"https:\/\/akdenizolaygazetesi.com\/?p=23903\" class=\"more-link\">Devam\u0131n\u0131 Oku&#8230;<\/a><\/p>\n","protected":false},"author":2,"featured_media":23904,"comment_status":"open","ping_status":"open","sticky":false,"template":"","format":"standard","meta":[],"categories":[2,3],"tags":[],"_links":{"self":[{"href":"https:\/\/akdenizolaygazetesi.com\/index.php?rest_route=\/wp\/v2\/posts\/23903"}],"collection":[{"href":"https:\/\/akdenizolaygazetesi.com\/index.php?rest_route=\/wp\/v2\/posts"}],"about":[{"href":"https:\/\/akdenizolaygazetesi.com\/index.php?rest_route=\/wp\/v2\/types\/post"}],"author":[{"embeddable":true,"href":"https:\/\/akdenizolaygazetesi.com\/index.php?rest_route=\/wp\/v2\/users\/2"}],"replies":[{"embeddable":true,"href":"https:\/\/akdenizolaygazetesi.com\/index.php?rest_route=%2Fwp%2Fv2%2Fcomments&post=23903"}],"version-history":[{"count":1,"href":"https:\/\/akdenizolaygazetesi.com\/index.php?rest_route=\/wp\/v2\/posts\/23903\/revisions"}],"predecessor-version":[{"id":23905,"href":"https:\/\/akdenizolaygazetesi.com\/index.php?rest_route=\/wp\/v2\/posts\/23903\/revisions\/23905"}],"wp:featuredmedia":[{"embeddable":true,"href":"https:\/\/akdenizolaygazetesi.com\/index.php?rest_route=\/wp\/v2\/media\/23904"}],"wp:attachment":[{"href":"https:\/\/akdenizolaygazetesi.com\/index.php?rest_route=%2Fwp%2Fv2%2Fmedia&parent=23903"}],"wp:term":[{"taxonomy":"category","embeddable":true,"href":"https:\/\/akdenizolaygazetesi.com\/index.php?rest_route=%2Fwp%2Fv2%2Fcategories&post=23903"},{"taxonomy":"post_tag","embeddable":true,"href":"https:\/\/akdenizolaygazetesi.com\/index.php?rest_route=%2Fwp%2Fv2%2Ftags&post=23903"}],"curies":[{"name":"wp","href":"https:\/\/api.w.org\/{rel}","templated":true}]}}