{"id":23906,"date":"2023-02-03T13:36:33","date_gmt":"2023-02-03T10:36:33","guid":{"rendered":"http:\/\/akdenizolaygazetesi.com\/?p=23906"},"modified":"2023-02-03T13:36:33","modified_gmt":"2023-02-03T10:36:33","slug":"akdeniz-meslek-edinme-projesi-kapsaminda-24-genc-istihdam-edildi","status":"publish","type":"post","link":"https:\/\/akdenizolaygazetesi.com\/?p=23906","title":{"rendered":"AKDEN\u0130Z MESLEK ED\u0130NME PROJES\u0130 KAPSAMINDA 24 GEN\u00c7 \u0130ST\u0130HDAM ED\u0130LD\u0130"},"content":{"rendered":"<p>Akdeniz Belediyesi taraf\u0131ndan y\u00fcr\u00fct\u00fclen ve Sanayi ve Teknoloji Bakanl\u0131\u011f\u0131 ile \u00c7ukurova Kalk\u0131nma Ajans\u0131 taraf\u0131ndan 2020 y\u0131l\u0131 Sosyal Geli\u015fmeyi Destekleme Program\u0131 kapsam\u0131nda finanse edilen \u2018Akdeniz Mesleki E\u011fitim At\u00f6lyeleri\u2019 sona erdi.<br \/>\nGen\u00e7lere meslek kazand\u0131r\u0131lmas\u0131 ve istihdam edilmelerine y\u00f6nelik ba\u015flat\u0131lan projede tamamland\u0131. Y\u00fczde 20 istihdam garantili kurslar kapsam\u0131nda, Grafik Tasar\u0131m ve Foto\u011fraf\u00e7\u0131l\u0131k, Autocad &#038; 3DsMax, Bilgisayar Destekli Muhasebe ile M\u00fc\u015fteri Hizmetleri ve Halkla ili\u015fkiler (\u00c7a\u011fr\u0131 merkezi Operat\u00f6r\u00fc) alanlar\u0131nda e\u011fitimler verildi.<br \/>\n\u201cYetkin Belgeli \u0130\u015f G\u00fcc\u00fc, Akdeniz\u2019in Dinamik G\u00fcc\u00fc\u201d hedefi ile verilen e\u011fitimler sonucunda 1\u2019i engelli olmak \u00fczere toplamda 24 gen\u00e7 istihdam edildi.<br \/>\nToplam 72 ki\u015fi e\u011fitim ald\u0131<br \/>\nProje detaylar\u0131 hakk\u0131nda bilgi veren Proje Koordinat\u00f6r\u00fc Ece Ok\u00e7u, \u201cProje E\u011fitim ve Uygulama Merkezinde Kalk\u0131nma Bakanl\u0131\u011f\u0131 ve \u00c7ukurova Kalk\u0131nma Ajansi deste\u011fiyle y\u00fcr\u00fct\u00fclen Akdeniz Mesleki E\u011fitim At\u00f6lyeleri Projesi sona erdi. Proje kapsam\u0131nda 18-29 ya\u015f aral\u0131\u011f\u0131nda 5&#8217;i engelli 72 gen\u00e7; Garafik Tasar\u0131m ve Foto\u011fraf\u00e7\u0131l\u0131k, Autocad&#038;3DsMax, Bilgisayar Destekli Muhasebe ile M\u00fc\u015fteri Hizmetleri ve Halkla ili\u015fkiler (\u00c7a\u011fr\u0131 merkezi Operat\u00f6r\u00fc)  kursu ald\u0131. Projenin ard\u0131ndan 1&#8217;i engelli toplam 24 gen\u00e7 i\u015f g\u00fcc\u00fc piyasas\u0131nda \u00e7e\u015fitli sekt\u00f6rlerde i\u015f imkan\u0131 buldu. Projenin tamamlanmas\u0131n\u0131n ard\u0131ndan merkezimizde 2\u2019nci grup e\u011fitimler devam etmektedir\u201d dedi.<br \/>\n\u201cBa\u015fkan G\u00fcltak\u2019a te\u015fekk\u00fcr ederiz\u201d<br \/>\nE\u011fitmen Esra Y\u0131lmaz ise, \u201cBu kursumuzda \u015fu anda 2\u2019nci grubumuz e\u011fitim al\u0131yor. Daha \u00f6nce bir e\u011fitimi tamamlad\u0131k. Daha \u00f6nce hi\u00e7 e\u011fitim almam\u0131\u015f \u00f6\u011frencilerimizi \u00e7ok iyi \u015fekilde yeti\u015ftirdik, iyi e\u011fitim ald\u0131lar. \u0130kinci kursumuz yeni ba\u015flad\u0131. E\u011fitimlerimiz t\u00fcm h\u0131z\u0131yla devam ediyor. Bizler i\u00e7in bu imkanlar\u0131 sa\u011flayan Akdeniz Belediye Ba\u015fkan\u0131m\u0131z Say\u0131n M. Mustafa G\u00fcltak\u2019a \u00e7ok te\u015fekk\u00fcr ediyorum\u201d ifadelerini kulland\u0131.<br \/>\n\u201cKursumuz iyi ilerliyor\u201d<br \/>\nGrafik Tasar\u0131m ve Foto\u011fraf\u00e7\u0131l\u0131k Kursu alan 23 ya\u015f\u0131ndaki \u015eevval \u00d6zharat, \u201cBiyomedikal Cihaz Teknolojisi mezunuyum ama kendimi grafik tasar\u0131m alan\u0131nda geli\u015ftirmek istiyorum. Hem bu alana ilgim vard\u0131 hem de yeni bir i\u015f imkan\u0131 sa\u011flamas\u0131 ad\u0131na ba\u015fvurdum. Kursumuz \u00e7ok iyi ilerliyor. Bu alanda kendime donan\u0131m sa\u011fl\u0131yorum\u201d diye konu\u015ftu.<br \/>\nBilgisayar ve Muhasebe kursiyelerinden Halil Tan ise, \u201cAkdeniz Belediyesinin ba\u015flatt\u0131\u011f\u0131 bu kursa kat\u0131lmam\u0131n amac\u0131, ki\u015fisel olarak kendimi geli\u015ftirmek ve i\u015f imkan\u0131na sahip olabilecek bir tecr\u00fcbe kazanmak\u201d ifadelerini kulland\u0131.<\/p>\n<p>\u201cSosyal medyada gezinirken g\u00f6rd\u00fcm ve ba\u015fvurdum\u201d<br \/>\nSosyal medya sayesinde bu kurslarla tan\u0131\u015ft\u0131klar\u0131n\u0131 kaydeden Ceren Dindar, \u201cSosyal medyada gezinirken bu kurslar\u0131n verildi\u011fini g\u00f6rd\u00fcm ve ba\u015fvurdum. Sonras\u0131nda uzman hocalar\u0131m\u0131z sayesinde e\u011fitim g\u00f6rmeye ba\u015fvurduk. Bize bu imkan\u0131 sa\u011flad\u0131klar\u0131 i\u00e7in herkese \u00e7ok te\u015fekk\u00fcr ediyorum\u201d dedi.<\/p>\n","protected":false},"excerpt":{"rendered":"<p>Akdeniz Belediyesi taraf\u0131ndan y\u00fcr\u00fct\u00fclen ve Sanayi ve Teknoloji Bakanl\u0131\u011f\u0131 ile \u00c7ukurova Kalk\u0131nma Ajans\u0131 taraf\u0131ndan 2020 y\u0131l\u0131 Sosyal Geli\u015fmeyi Destekleme Program\u0131 kapsam\u0131nda finanse edilen \u2018Akdeniz Mesleki E\u011fitim At\u00f6lyeleri\u2019 sona erdi. Gen\u00e7lere &hellip; <a href=\"https:\/\/akdenizolaygazetesi.com\/?p=23906\" class=\"more-link\">Devam\u0131n\u0131 Oku&#8230;<\/a><\/p>\n","protected":false},"author":2,"featured_media":23907,"comment_status":"open","ping_status":"open","sticky":false,"template":"","format":"standard","meta":[],"categories":[1,2,3],"tags":[],"_links":{"self":[{"href":"https:\/\/akdenizolaygazetesi.com\/index.php?rest_route=\/wp\/v2\/posts\/23906"}],"collection":[{"href":"https:\/\/akdenizolaygazetesi.com\/index.php?rest_route=\/wp\/v2\/posts"}],"about":[{"href":"https:\/\/akdenizolaygazetesi.com\/index.php?rest_route=\/wp\/v2\/types\/post"}],"author":[{"embeddable":true,"href":"https:\/\/akdenizolaygazetesi.com\/index.php?rest_route=\/wp\/v2\/users\/2"}],"replies":[{"embeddable":true,"href":"https:\/\/akdenizolaygazetesi.com\/index.php?rest_route=%2Fwp%2Fv2%2Fcomments&post=23906"}],"version-history":[{"count":1,"href":"https:\/\/akdenizolaygazetesi.com\/index.php?rest_route=\/wp\/v2\/posts\/23906\/revisions"}],"predecessor-version":[{"id":23908,"href":"https:\/\/akdenizolaygazetesi.com\/index.php?rest_route=\/wp\/v2\/posts\/23906\/revisions\/23908"}],"wp:featuredmedia":[{"embeddable":true,"href":"https:\/\/akdenizolaygazetesi.com\/index.php?rest_route=\/wp\/v2\/media\/23907"}],"wp:attachment":[{"href":"https:\/\/akdenizolaygazetesi.com\/index.php?rest_route=%2Fwp%2Fv2%2Fmedia&parent=23906"}],"wp:term":[{"taxonomy":"category","embeddable":true,"href":"https:\/\/akdenizolaygazetesi.com\/index.php?rest_route=%2Fwp%2Fv2%2Fcategories&post=23906"},{"taxonomy":"post_tag","embeddable":true,"href":"https:\/\/akdenizolaygazetesi.com\/index.php?rest_route=%2Fwp%2Fv2%2Ftags&post=23906"}],"curies":[{"name":"wp","href":"https:\/\/api.w.org\/{rel}","templated":true}]}}