{"id":23921,"date":"2023-02-04T17:08:15","date_gmt":"2023-02-04T14:08:15","guid":{"rendered":"http:\/\/akdenizolaygazetesi.com\/?p=23921"},"modified":"2023-02-04T17:08:15","modified_gmt":"2023-02-04T14:08:15","slug":"turkiyenin-ilk-dijital-imzayla-abonelik-donemi-mersinden-baslayacak","status":"publish","type":"post","link":"https:\/\/akdenizolaygazetesi.com\/?p=23921","title":{"rendered":"T\u00dcRK\u0130YE&#8217;N\u0130N \u0130LK D\u0130J\u0130TAL \u0130MZAYLA ABONEL\u0130K D\u00d6NEM\u0130 MERS\u0130N&#8217;DEN BA\u015eLAYACAK"},"content":{"rendered":"<p>Mersin B\u00fcy\u00fck\u015fehir Belediyesi&#8217;nin, &#8220;Mersin Y\u00fckseliyor, 41 Kere M\u00fcjde, 41 Yeni A\u00e7\u0131l\u0131\u015f&#8221;  mottosuyla ba\u015flatt\u0131\u011f\u0131 a\u00e7\u0131l\u0131\u015flar\u0131n 8.&#8217;si &#8216;MESK\u0130 Yeni Hizmet Binas\u0131&#8217; oldu. Mersinlilere h\u0131zl\u0131 ve konforlu hizmet vermeye ba\u015flayan Yeni Hizmet Binas\u0131&#8217;n\u0131n a\u00e7\u0131l\u0131\u015f\u0131 Mersin B\u00fcy\u00fck\u015fehir Belediye Ba\u015fkan\u0131 Vahap Se\u00e7er taraf\u0131ndan ger\u00e7ekle\u015ftirildi. A\u00e7\u0131l\u0131\u015fta konu\u015fan Ba\u015fkan Se\u00e7er, \u00c7ar\u015f\u0131 merkezini canland\u0131rmak ve cazip hale getirmek i\u00e7in \u00e7al\u0131\u015fmalar yapt\u0131klar\u0131n\u0131 belirtti.<\/p>\n<p>&#8220;G\u00fc\u00e7l\u00fc bir belediyenin g\u00fc\u00e7l\u00fc bir Sular \u0130daresi olur&#8221;<\/p>\n<p>Ba\u015fkan Se\u00e7er, Mersin i\u00e7in \u00e7ok \u00f6nemli hizmetler sunan MESK\u0130&#8217;nin hizmetlerini s\u00fcrd\u00fcrece\u011fi Yeni Hizmet Binas\u0131&#8217;n\u0131n a\u00e7\u0131l\u0131\u015f\u0131 i\u00e7in bir araya geldiklerini belirterek ba\u015flad\u0131\u011f\u0131 konu\u015fmas\u0131nda, &#8220;MESK\u0130 T\u00fcrkiye&#8217;nin en g\u00fczide kurumlar\u0131ndan bir tanesi. Zaten Mersin B\u00fcy\u00fck\u015fehir Belediyesi T\u00fcrkiye&#8217;nin en g\u00fc\u00e7l\u00fc belediyelerin ba\u015f\u0131nda geliyor. Hem hizmet etti\u011fi kentin \u00f6zellikleri, dinamikleri hem de mali g\u00fcc\u00fc, gelir kaynaklar\u0131, b\u00fcnyesinde bar\u0131nd\u0131rd\u0131\u011f\u0131 \u00f6zellikleri sebebiyle Mersin B\u00fcy\u00fck\u015fehir Belediyesi \u00e7ok \u00f6nemli bir belediyedir. G\u00fc\u00e7l\u00fc bir belediyenin g\u00fc\u00e7l\u00fc bir Sular \u0130daresi olur. Su varsa ya\u015fam var, su yoksa ya\u015fam yok. Su hayat\u0131n ta kendisi. MESK\u0130 de belediye hizmetleri i\u00e7erisinde hizmetin ta kendisi. MESK\u0130 mihenk hizmet alanlar\u0131ndan bir tanesidir&#8221; ifadelerine yer verdi.<\/p>\n<p>&#8220;MESK\u0130&#8217;ye ve MESK\u0130&#8217;nin kadrolar\u0131na g\u00fcveniyorum&#8221;<\/p>\n<p>MESK\u0130&#8217;nin 7\/24 \u00e7al\u0131\u015fan bir kurum oldu\u011funu, insanlar\u0131n su, at\u0131ksu, kanalizasyon gibi s\u00fcrekli ihtiya\u00e7 alanlar\u0131na hitap etti\u011fini belirten Se\u00e7er, Teksin uygulamas\u0131ndan gelen raporlarda en \u00e7ok talep ve iste\u011fin MESK\u0130 ile ilgili oldu\u011funu s\u00f6yledi. Se\u00e7er, &#8220;Hayat\u0131n her alan\u0131nda MESK\u0130 var. MESK\u0130&#8217;nin bir ticarethane olmad\u0131\u011f\u0131n\u0131 belirtmek isterim. MESK\u0130 yakla\u015f\u0131k 2 bin 500 ki\u015filik hizmet ordusuyla 16 bin kilometrekare alana, Anamur&#8217;dan Tarsus&#8217;a kadar hizmet veriyor. Mersin geni\u015f bir co\u011frafya. \u0130stanbul&#8217;un yakla\u015f\u0131k \u00fc\u00e7 kat\u0131 bir co\u011frafyay\u0131 konu\u015fuyoruz. Onun i\u00e7in de hizmet g\u00f6t\u00fcrmek di\u011fer kompakt kentlere g\u00f6re bir, iki t\u0131k daha zor. Maliyetli yat\u0131r\u0131mlar yap\u0131yorsunuz. Daha uzun mesafelere kanalizasyon d\u00f6\u015femek zorunda kal\u0131yorsunuz, isale hatt\u0131 yapmak zorunda kal\u0131yorsunuz. Bu da birim-vatanda\u015f ba\u015f\u0131na maliyetleri art\u0131ran unsurlard\u0131r. MESK\u0130&#8217;ye ve MESK\u0130&#8217;nin kadrolar\u0131na g\u00fcveniyorum. Orada emek veren, kol g\u00fcc\u00fcyle \u00e7al\u0131\u015fan emek\u00e7i karde\u015fimden beyin g\u00fcc\u00fcyle \u00e7al\u0131\u015fan karde\u015fime kadar hepsine te\u015fekk\u00fcr ediyorum&#8221; dedi.<\/p>\n<p>Ba\u015fkan Se\u00e7er konu\u015fmas\u0131nda suyun \u00f6nemine dikkat \u00e7ekerken, Mersinli vatanda\u015flara da tavsiye ve uyar\u0131larda bulundu. Ba\u015fkan Se\u00e7er, &#8220;Suyun de\u011ferini bilerek kullan\u0131n, suyu israf etmeyin. Elimiz y\u00fcre\u011fimizde bekliyoruz ki kar ya\u011fs\u0131n. \u0130n\u015fallah buradan dualar\u0131m\u0131z da kabul olur da bir an \u00f6nce kar ya\u011fmaya ba\u015flar. Biz de rahat bir nefes al\u0131r\u0131z. Bu nedenle su de\u011ferli&#8221; diye konu\u015ftu.<\/p>\n<p>Se\u00e7er, vatanda\u015flar\u0131 ka\u00e7ak su konusunda uyard\u0131<\/p>\n<p>Mersinli vatanda\u015flar\u0131 ka\u00e7ak su kullan\u0131m\u0131n\u0131 \u00f6nleme konusunda B\u00fcy\u00fck\u015fehir Belediyesi ile i\u015fbirli\u011fi yapmaya davet eden Ba\u015fkan Se\u00e7er, &#8220;Hi\u00e7bir siyaset\u00e7i su fiyat\u0131n\u0131n y\u00fcksek olmas\u0131n\u0131 arzu etmez. Bu, vatanda\u015f\u0131n tepkisi demektir. Onun i\u00e7in ince eler, s\u0131k dokur. Tekrar s\u00f6yl\u00fcyorum; biz bir ticarethane de\u011filiz.  Ama \u015funu unutmay\u0131n; yan yana 2 ev var, yan yana 2 fabrika var, i\u015fletme var. Biri yasalara uygun bir \u015fekilde faturas\u0131n\u0131 \u00f6d\u00fcyorsa; di\u011feri bunun tersini yap\u0131yor, ka\u00e7ak su kullan\u0131yor ve bedelini \u00f6demiyorsa o suyun bedelini kom\u015fusuna \u00f6detiyor. Bu nedenle l\u00fctfen \u00f6zellikle k\u0131rsalda bizim ana isale hatlar\u0131n\u0131 delip, arazilerini sulay\u0131p, d\u00f6n\u00fcmlerce bah\u00e7e yeti\u015ftirenlere biz aman vermeyelim&#8221; dedi.<\/p>\n<p>En b\u00fcy\u00fck giderlerinin elektrik giderleri oldu\u011funu vurgulayan Ba\u015fkan Se\u00e7er, &#8220;1 milyar lira y\u0131ll\u0131k \u015fu anda MESK\u0130&#8217;nin elektrik gideri vard\u0131r. Evinde, fabrikas\u0131nda, arazisinde ka\u00e7ak suyu tar\u0131msal su gibi kullanan vatanda\u015f\u0131n elektrik faturas\u0131n\u0131 da \u00f6demek zorunda de\u011filiz. Bu nedenle vatanda\u015flar\u0131n bize katk\u0131 sunmas\u0131n\u0131 istiyoruz&#8221; ifadelerine yer verdi.<\/p>\n<p>&#8220;Vatanda\u015flar\u0131m Ba\u015fkanlar\u0131na g\u00fcvensin&#8221;<\/p>\n<p>B\u00fcy\u00fck\u015fehir Belediye Ba\u015fkan\u0131 olarak vatanda\u015f\u0131n hakk\u0131n\u0131 ve kaynaklar\u0131n\u0131 korumak zorunda oldu\u011funu ifade eden Ba\u015fkan Se\u00e7er, &#8220;Vatanda\u015flar\u0131m Ba\u015fkanlar\u0131na g\u00fcvensin. Biz bir emanet\u00e7iyiz. Bunu unutmay\u0131n. Yapt\u0131\u011f\u0131m\u0131z b\u00fct\u00fcn hizmetler vatanda\u015flar\u0131m\u0131z\u0131n paras\u0131yla olan hizmetler. Biz vicdan\u0131m\u0131za hesap veremiyorsak bu insan i\u00e7in \u00e7ok k\u00f6t\u00fc bir durumdur. Bunun bilincinde bir Ba\u015fkan\u0131n\u0131z var. Biz bu kente en iyi \u015fekilde hizmet etmek i\u00e7in gecemizi g\u00fcnd\u00fcz\u00fcm\u00fcze kat\u0131yoruz&#8221; dedi.<\/p>\n<p>&#8220;Buray\u0131 tercih etmemizin sebebi; ula\u015f\u0131m&#8221;<\/p>\n<p>Marina Vista&#8217;n\u0131n Belediye Binas\u0131 olmas\u0131 i\u00e7in s\u00fcratle yeni \u015fekline getirildi\u011finin bilgisini payla\u015fan Ba\u015fkan Se\u00e7er, &#8220;\u0130stiklal Caddesi&#8217;nden \u00e7\u0131kt\u0131ktan sonra \u00c7aml\u0131bel&#8217;in d\u00fczenlemesi yap\u0131lacak. \u00c7ok g\u00fczel bir b\u00f6lge haline getiriyoruz oray\u0131 da. Yine buray\u0131 tercih etmemizin sebebi; ula\u015f\u0131m meselesi. Mersin&#8217;in her yerinden insanlar buraya gelir. B\u00fct\u00fcn imkanlar\u0131 haz\u0131rlayarak, bir\u00e7ok fakt\u00f6r\u00fcn devreye girmesini sa\u011flayarak \u00c7ar\u015f\u0131 Merkezi&#8217;nin canlanmas\u0131 i\u00e7in faaliyetler s\u00fcrd\u00fcr\u00fcyoruz, proje hayata ge\u00e7iriyoruz. Ge\u00e7ti\u011fimiz g\u00fcnlerde de s\u00f6yledim; &#8216;\u00c7ar\u015f\u0131 Merkezi&#8217;ni canland\u0131ral\u0131m demekle, \u00c7ar\u015f\u0131 Merkezi canlanm\u0131yor'&#8221; dedi.<\/p>\n<p>&#8220;Buras\u0131 canlanacak, esnaf\u0131m\u0131z mutlu olacak&#8221;<\/p>\n<p>MESK\u0130&#8217;nin yeni hizmet binas\u0131n\u0131n b\u00f6lgeye sa\u011flayaca\u011f\u0131 katk\u0131dan bahseden Ba\u015fkan Se\u00e7er, &#8220;Art\u0131k vatanda\u015flar\u0131m\u0131z buraya gelecek, buras\u0131 canlanacak. Ula\u015f\u0131m\u0131 da rahat. Buran\u0131n esnaf\u0131 da mutlu olacak. Ben buradan g\u00f6r\u00fcyorum esnaflar\u0131m\u0131z da mutlu. Cadde ne kadar hareketli olursa o kadar al\u0131\u015fveri\u015f olur, ne kadar \u00e7ok insan gelirse o kadar \u00e7ok al\u0131\u015fveri\u015f yaparlar&#8221; diye konu\u015ftu.<\/p>\n<p>&#8220;5 dakikada b\u00fct\u00fcn i\u015flemler bitecek&#8221;<\/p>\n<p>Hayata ge\u00e7irdikleri dijital imza yenili\u011fi ile abone i\u015flemlerinin daha h\u0131zl\u0131 ve kolay yap\u0131labilece\u011fini vurgulayan Ba\u015fkan Se\u00e7er, &#8220;Burada abone i\u015flerinin yeni konsepti \u00e7ok \u00f6nemli. Buraya geleceksiniz, numaran\u0131z\u0131 alacaks\u0131n\u0131z, hemen sizi \u00e7a\u011f\u0131racaklar. Sizden kimlik numaran\u0131z\u0131 ve i\u015flemleri haz\u0131rlay\u0131nca dijital imzan\u0131z\u0131 isteyecekler. Ba\u015fka hi\u00e7bir \u015fey yok. Maksimum 5 dakikada b\u00fct\u00fcn i\u015flemler bitecek. Son derece nezih, vatanda\u015flar\u0131m\u0131za yak\u0131\u015f\u0131r bir i\u015fletme binas\u0131&#8221; ifadelerini kulland\u0131.<\/p>\n<p>&#8220;5 ton ka\u011f\u0131t tasarrufu sa\u011flam\u0131\u015f olaca\u011f\u0131z&#8221;<\/p>\n<p>Abonelik i\u015flemlerinde dijital imzan\u0131n T\u00fcrkiye&#8217;de ilk oldu\u011funu ifade eden Ba\u015fkan Se\u00e7er, yap\u0131lan yenilikle de ka\u011f\u0131t israf\u0131n\u0131n \u00f6n\u00fcne ge\u00e7ildi\u011fini ve \u00e7evrenin korundu\u011funu s\u00f6yledi. Se\u00e7er, &#8220;Buran\u0131n bir \u00f6zelli\u011fi daha var; MESK\u0130 Abonelik Hizmetleri T\u00fcrkiye&#8217;de dijitalle\u015fmeyi ba\u015flatan ilk Abonelik Hizmetleri. Dijital imza olay\u0131 bir ilk, Mersin&#8217;de ba\u015fl\u0131yor. Bu da gayet do\u011fald\u0131r. Biliyorsunuz biz ilklerin belediyesiyiz. Bu de\u011fi\u015fikli\u011fin \u00e7evreye de yararl\u0131 oldu\u011funu s\u00f6ylemek istiyorum. 5 ton k\u00e2\u011f\u0131t tasarrufu sa\u011flam\u0131\u015f olaca\u011f\u0131z&#8221; dedi.<\/p>\n<p>&#8220;Liyakatli insanlarla y\u00fcr\u00fcyece\u011fiz&#8221;<\/p>\n<p>Ak\u0131lla, bilimle, mant\u0131kla ve liyakatli kadrolarla Mersin&#8217;e hizmet \u00fcrettiklerini s\u00f6yleyen Ba\u015fkan Se\u00e7er, &#8220;Zaten T\u00fcrkiye&#8217;nin ba\u015f\u0131na ne geliyorsa bundan geliyor. Liyakatli insanlar bir k\u00f6\u015fede oturuyor. \u00fclkenin geldi\u011fi noktay\u0131 s\u00f6ylemeye gerek yok. Eme\u011fe sayg\u0131 laz\u0131m. Kol g\u00fcc\u00fcyle, beden g\u00fcc\u00fcyle, beyin g\u00fcc\u00fcyle \u00e7al\u0131\u015f\u0131yor. Liyakatli insanlar olmazsa iyi belediye ba\u015fkanl\u0131\u011f\u0131, iyi cumhurba\u015fkanl\u0131\u011f\u0131, iyi bakan olunmuyor. Liyakatli insanlarla y\u00fcr\u00fcyece\u011fiz. T\u00fcrkiye \u00e7\u00fcr\u00fcyorsa, &#8216;bu \u00fclkede hukuksuzluk var, adaletsizlik var&#8217; diyorsak en b\u00fcy\u00fck etkenlerinden biri de liyakati unutmu\u015f olmam\u0131z. Bunu tekrar in\u015fa etmek zorunday\u0131z&#8221; diye konu\u015ftu.<\/p>\n<p>&#8220;Ben bu g\u00f6revde kald\u0131\u011f\u0131m s\u00fcrece onlar\u0131n kar\u0131n a\u011fr\u0131lar\u0131 devam edecek&#8221;<\/p>\n<p>Ba\u015fkan Se\u00e7er, onurlu ve \u015ferefli bir \u00f6nderin kurdu\u011fu bir partinin belediye ba\u015fkan\u0131 oldu\u011funu vurgulayarak, \u015funlar\u0131 s\u00f6yledi:<\/p>\n<p>&#8220;Herkesin belediye ba\u015fkan\u0131y\u0131z. Kol kanat gereriz ama T\u00fcrkiye&#8217;deki, kentimizdeki yanl\u0131\u015fl\u0131klar\u0131n da dile getirilmesini isteriz. Bizim yapt\u0131\u011f\u0131m\u0131z yanl\u0131\u015fl\u0131klar\u0131n da dile getirilmesini isteriz. Mersin B\u00fcy\u00fck\u015fehir Meclisi&#8217;nde insanlar yerinden s\u00f6z al\u0131p konu\u015famazd\u0131. B\u00f6yle bir anlay\u0131\u015fla o Meclis y\u00f6netilmiyordu, bu Belediye y\u00f6netilmiyordu. Biz bunu Meclis&#8217;e getirdik. Dedik ki; &#8216;insanlar konu\u015fsun.&#8217; Ben bundan al\u0131nganl\u0131k yapmam. \u00c7ok insan rahats\u0131z oldu. Niye rahats\u0131z oluyorsunuz? Biz halka s\u00f6z vererek gelmedik mi buraya? &#8216;Size hizmet edece\u011fiz, \u015feffaf y\u00f6netece\u011fiz, yalan s\u00f6ylemeyece\u011fiz, size hesap verece\u011fiz&#8217; bunu demedik mi? \u0130mar tart\u0131\u015fmalar\u0131n\u0131, para al\u0131\u015fveri\u015flerini d\u00f6rt duvar aras\u0131nda m\u0131 yapal\u0131m? Gelin halk\u0131n huzurunda yapal\u0131m. Niye rahats\u0131z oluyorsunuz? Benim karn\u0131m a\u011fr\u0131m\u0131yor \u00e7\u00fcnk\u00fc \u00e7i\u011f yemedim ama karn\u0131 a\u011fr\u0131yanlar rahats\u0131z oluyor. Ben bu g\u00f6revde kald\u0131\u011f\u0131m s\u00fcrece onlar\u0131n kar\u0131n a\u011fr\u0131lar\u0131 devam edecek.&#8221;<\/p>\n<p>&#8220;4 y\u0131l\u0131m\u0131z da dolu dolu \u00e7al\u0131\u015fmakla, emekle ge\u00e7ti&#8221;<\/p>\n<p>Mersin&#8217;in tart\u0131\u015fmas\u0131z her \u015feyiyle \u00f6zel ve g\u00fczel bir \u015fehir oldu\u011funu belirten Ba\u015fkan Se\u00e7er, &#8220;Mersin gelecekte \u00e7ok daha iyi olacak. Biz g\u00f6rev yapt\u0131\u011f\u0131m\u0131z s\u00fcre i\u00e7erisinde \u00f6nemli olan; vicdan\u0131m\u0131z rahat, ba\u015f\u0131m\u0131z dik g\u00f6rev s\u00fcremizi tamamlamak. Allah neyi nasip eder, vatanda\u015f neyi takdir eder bilemezsiniz. 5 y\u0131l izin ald\u0131k vatanda\u015ftan, destek ald\u0131k. Biz bunu bize yara\u015f\u0131r \u015fekilde yerine getirmeye \u00e7al\u0131\u015f\u0131yoruz. 4 y\u0131l\u0131m\u0131z da dolu dolu \u00e7al\u0131\u015fmakla, emekle ve al\u0131n teri ile ge\u00e7ti. Kalan 1 y\u0131lda da ayn\u0131 h\u0131zla devam edece\u011fiz. Hizmetlerimiz de devam edecek. MESK\u0130 ailemize yeni yerle\u015fkemiz hay\u0131rl\u0131, u\u011furlu olsun&#8221; ifadelerini kulland\u0131.<\/p>\n<p>MESK\u0130 Genel M\u00fcd\u00fcr\u00fc \u0130rfan Korkmaz da, MESK\u0130&#8217;nin yeni hizmet binas\u0131 hakk\u0131nda de\u011ferlendirmelerde bulunarak, &#8220;Mevcut binam\u0131z bilhassa abone i\u015flerimizi kapsayacak \u015fekilde yeni hizmet binas\u0131 olarak d\u00f6n\u00fc\u015ft\u00fcr\u00fclerek dizayn edildi. Yakla\u015f\u0131k bir ayd\u0131r denemelerle beraber tamamen ta\u015f\u0131may\u0131 ger\u00e7ekle\u015ftirdik. Bina alan\u0131m\u0131z 4 bin 850 metrekare civar\u0131nda, bir zemin, bodrum ve \u00fc\u00e7 kat, toplam be\u015f kattan olu\u015fmakta ve 222 \u00e7al\u0131\u015fma arkada\u015f\u0131mla \u00e7al\u0131\u015fmalar\u0131m\u0131z\u0131 s\u00fcrd\u00fcrmeye ba\u015flad\u0131k. Yeni hizmet binam\u0131z \u015fehrimize hay\u0131rl\u0131 u\u011furlu olsun&#8221; dedi.<\/p>\n","protected":false},"excerpt":{"rendered":"<p>Mersin B\u00fcy\u00fck\u015fehir Belediyesi&#8217;nin, &#8220;Mersin Y\u00fckseliyor, 41 Kere M\u00fcjde, 41 Yeni A\u00e7\u0131l\u0131\u015f&#8221; mottosuyla ba\u015flatt\u0131\u011f\u0131 a\u00e7\u0131l\u0131\u015flar\u0131n 8.&#8217;si &#8216;MESK\u0130 Yeni Hizmet Binas\u0131&#8217; oldu. Mersinlilere h\u0131zl\u0131 ve konforlu hizmet vermeye ba\u015flayan Yeni Hizmet Binas\u0131&#8217;n\u0131n &hellip; <a href=\"https:\/\/akdenizolaygazetesi.com\/?p=23921\" class=\"more-link\">Devam\u0131n\u0131 Oku&#8230;<\/a><\/p>\n","protected":false},"author":2,"featured_media":23922,"comment_status":"open","ping_status":"open","sticky":false,"template":"","format":"standard","meta":[],"categories":[34,2,3,5],"tags":[],"_links":{"self":[{"href":"https:\/\/akdenizolaygazetesi.com\/index.php?rest_route=\/wp\/v2\/posts\/23921"}],"collection":[{"href":"https:\/\/akdenizolaygazetesi.com\/index.php?rest_route=\/wp\/v2\/posts"}],"about":[{"href":"https:\/\/akdenizolaygazetesi.com\/index.php?rest_route=\/wp\/v2\/types\/post"}],"author":[{"embeddable":true,"href":"https:\/\/akdenizolaygazetesi.com\/index.php?rest_route=\/wp\/v2\/users\/2"}],"replies":[{"embeddable":true,"href":"https:\/\/akdenizolaygazetesi.com\/index.php?rest_route=%2Fwp%2Fv2%2Fcomments&post=23921"}],"version-history":[{"count":1,"href":"https:\/\/akdenizolaygazetesi.com\/index.php?rest_route=\/wp\/v2\/posts\/23921\/revisions"}],"predecessor-version":[{"id":23923,"href":"https:\/\/akdenizolaygazetesi.com\/index.php?rest_route=\/wp\/v2\/posts\/23921\/revisions\/23923"}],"wp:featuredmedia":[{"embeddable":true,"href":"https:\/\/akdenizolaygazetesi.com\/index.php?rest_route=\/wp\/v2\/media\/23922"}],"wp:attachment":[{"href":"https:\/\/akdenizolaygazetesi.com\/index.php?rest_route=%2Fwp%2Fv2%2Fmedia&parent=23921"}],"wp:term":[{"taxonomy":"category","embeddable":true,"href":"https:\/\/akdenizolaygazetesi.com\/index.php?rest_route=%2Fwp%2Fv2%2Fcategories&post=23921"},{"taxonomy":"post_tag","embeddable":true,"href":"https:\/\/akdenizolaygazetesi.com\/index.php?rest_route=%2Fwp%2Fv2%2Ftags&post=23921"}],"curies":[{"name":"wp","href":"https:\/\/api.w.org\/{rel}","templated":true}]}}