{"id":23927,"date":"2023-02-04T17:13:30","date_gmt":"2023-02-04T14:13:30","guid":{"rendered":"http:\/\/akdenizolaygazetesi.com\/?p=23927"},"modified":"2023-02-04T17:13:30","modified_gmt":"2023-02-04T14:13:30","slug":"baskan-yilmazdan-kanser-hastasi-berkaya-surpriz-dogum-gunu-kutlamasi","status":"publish","type":"post","link":"https:\/\/akdenizolaygazetesi.com\/?p=23927","title":{"rendered":"BA\u015eKAN YILMAZ&#8217;DAN, KANSER HASTASI BERKAY&#8217;A S\u00dcRPR\u0130Z DO\u011eUM G\u00dcN\u00dc KUTLAMASI"},"content":{"rendered":"<p>4 \u015eubat D\u00fcnya Kanser G\u00fcn\u00fc&#8217;nde 13&#8217;\u00fcnc\u00fc ya\u015f\u0131n\u0131 kutlayan onkoloji hastas\u0131 Berkay Kutup, Mersin&#8217;in merkez il\u00e7esi Toroslar Belediye Ba\u015fkan\u0131 Ats\u0131z Af\u015f\u0131n Y\u0131lmaz&#8217;\u0131n s\u00fcrpriz do\u011fum g\u00fcn\u00fc pastas\u0131yla duyguland\u0131.<\/p>\n<p>Optik gliom-n\u00f6rofibromatozis hastas\u0131 olan ve uzun s\u00fcredir kanser tedavisi g\u00f6ren Berkay, 8 ya\u015f\u0131ndaki k\u0131z karde\u015fi Berra ile annesi Hacer Kutup&#8217;un kat\u0131ld\u0131\u011f\u0131 do\u011fum g\u00fcn\u00fc kutlamas\u0131nda mutlulu\u011funu gizleyemedi.<\/p>\n<p>Yap\u0131lan bu s\u00fcrpriz kutlama ile \u00e7ok heyecanland\u0131\u011f\u0131n\u0131 belirten Berkay; &#8220;Ats\u0131z Ba\u015fkan\u0131ma \u00e7ok te\u015fekk\u00fcr ederim. \u0130yi ki vars\u0131n\u0131z&#8221; dedi.<\/p>\n<p>&#8220;Berkay&#8217;a, Do\u011fum G\u00fcn\u00fc Hediyesi Be\u015fikta\u015f Formas\u0131&#8221;<\/p>\n<p>Berkay&#8217;\u0131 ve ailesini Yunus Emre K\u00fclt\u00fcr Merkezi&#8217;nde a\u011f\u0131rlayan Ba\u015fkan Y\u0131lmaz, bir s\u00fcrpriz daha yaparak Berkay&#8217;a \u00e7ok sevdi\u011fi Be\u015fikta\u015f Tak\u0131m\u0131n\u0131n formas\u0131n\u0131 ve futbol topu hediye etti.13 ya\u015f\u0131na giren Berkay ise Ba\u015fkan Y\u0131lmaz&#8217;dan futbol topunu imzalamas\u0131n\u0131 istedi.<\/p>\n<p>G\u00f6z arkas\u0131nda ortaya \u00e7\u0131kan t\u00fcm\u00f6r nedeniyle kanserle sava\u015fan Berkay Kutup, tedavi s\u00fcrecinde kendisine destek veren Ba\u015fkan Y\u0131lmaz&#8217;a, her zaman yan\u0131nda oldu\u011fu i\u00e7in ayr\u0131ca te\u015fekk\u00fcr etti.<\/p>\n<p>Toroslar Belediye Ba\u015fkan\u0131 Ats\u0131z Af\u015f\u0131n Y\u0131lmaz, daha \u00f6nce de en b\u00fcy\u00fck hayalinin polis k\u0131yafeti giyip, polis arabas\u0131na binmek oldu\u011funu s\u00f6yleyen Berkay&#8217;\u0131n &#8220;polis olma&#8221; hayalini ger\u00e7ekle\u015ftirmi\u015fti.<\/p>\n<p>Berkay, elinde telsizi, \u00fczerinde polis yele\u011fi ile polis arabas\u0131na binerek, b\u00f6lgede asayi\u015f turuna \u00e7\u0131km\u0131\u015ft\u0131.<\/p>\n<p>Ba\u015fkan Y\u0131lmaz; &#8220;Berkay&#8217;\u0131n G\u00fclen Y\u00fcz\u00fc Her \u015eeye De\u011fer&#8221;<\/p>\n<p>Toroslar Belediye Ba\u015fkan\u0131 Ats\u0131z Af\u015f\u0131n Y\u0131lmaz da Berkay&#8217;\u0131n yeni ya\u015f\u0131n\u0131 kutlayarak, bir an \u00f6nce sa\u011fl\u0131\u011f\u0131na kavu\u015fmas\u0131n\u0131 diledi.<\/p>\n<p>Berkay&#8217;\u0131,  hastaneye g\u00f6t\u00fcrme ve destekleme noktas\u0131nda da ailesinin yan\u0131nda olduklar\u0131n\u0131 belirten Ba\u015fkan Y\u0131lmaz; &#8220;Berkay, \u00e7ok g\u00fc\u00e7l\u00fc bir evlad\u0131m\u0131z. \u0130n\u015fallah bu hastal\u0131\u011f\u0131 atlatacak ve sa\u011fl\u0131\u011f\u0131na kavu\u015facak. T\u0131bbi tedavinin yan\u0131nda kanser hastalar\u0131n\u0131n bu d\u00f6nemde en \u00e7ok ihtiya\u00e7 duydu\u011fu moral ve motivasyondur. Biz de Berkay&#8217;a s\u00fcrpriz yaparak mutlu olmas\u0131n\u0131 istedik.  Kendisine sa\u011fl\u0131kl\u0131 uzun \u00f6m\u00fcrler diliyoruz&#8221; diye konu\u015ftu.<\/p>\n<p>&#8220;Erken te\u015fhis, kanser tedavisinde ilk ve en \u00f6nemli ad\u0131md\u0131r&#8221; diyen Ba\u015fkan Y\u0131lmaz, t\u00fcm hastalara acil \u015fifalar dileyerek; &#8220;Kanserle m\u00fccadelede yaln\u0131z de\u011filsiniz. G\u00f6n\u00fcl ba\u011f\u0131m\u0131z ve birlikteli\u011fimiz, t\u00fcm zorluklar\u0131n \u00fcstesinden gelmemiz i\u00e7in \u00f6nemli bir vesiledir. Sevdiklerinizden ve hayattan kopmamak i\u00e7in m\u00fccadeleyi b\u0131rakmay\u0131n&#8221; ifadelerini kulland\u0131.<\/p>\n","protected":false},"excerpt":{"rendered":"<p>4 \u015eubat D\u00fcnya Kanser G\u00fcn\u00fc&#8217;nde 13&#8217;\u00fcnc\u00fc ya\u015f\u0131n\u0131 kutlayan onkoloji hastas\u0131 Berkay Kutup, Mersin&#8217;in merkez il\u00e7esi Toroslar Belediye Ba\u015fkan\u0131 Ats\u0131z Af\u015f\u0131n Y\u0131lmaz&#8217;\u0131n s\u00fcrpriz do\u011fum g\u00fcn\u00fc pastas\u0131yla duyguland\u0131. Optik gliom-n\u00f6rofibromatozis hastas\u0131 olan &hellip; <a href=\"https:\/\/akdenizolaygazetesi.com\/?p=23927\" class=\"more-link\">Devam\u0131n\u0131 Oku&#8230;<\/a><\/p>\n","protected":false},"author":2,"featured_media":23928,"comment_status":"open","ping_status":"open","sticky":false,"template":"","format":"standard","meta":[],"categories":[2,3,9],"tags":[],"_links":{"self":[{"href":"https:\/\/akdenizolaygazetesi.com\/index.php?rest_route=\/wp\/v2\/posts\/23927"}],"collection":[{"href":"https:\/\/akdenizolaygazetesi.com\/index.php?rest_route=\/wp\/v2\/posts"}],"about":[{"href":"https:\/\/akdenizolaygazetesi.com\/index.php?rest_route=\/wp\/v2\/types\/post"}],"author":[{"embeddable":true,"href":"https:\/\/akdenizolaygazetesi.com\/index.php?rest_route=\/wp\/v2\/users\/2"}],"replies":[{"embeddable":true,"href":"https:\/\/akdenizolaygazetesi.com\/index.php?rest_route=%2Fwp%2Fv2%2Fcomments&post=23927"}],"version-history":[{"count":1,"href":"https:\/\/akdenizolaygazetesi.com\/index.php?rest_route=\/wp\/v2\/posts\/23927\/revisions"}],"predecessor-version":[{"id":23929,"href":"https:\/\/akdenizolaygazetesi.com\/index.php?rest_route=\/wp\/v2\/posts\/23927\/revisions\/23929"}],"wp:featuredmedia":[{"embeddable":true,"href":"https:\/\/akdenizolaygazetesi.com\/index.php?rest_route=\/wp\/v2\/media\/23928"}],"wp:attachment":[{"href":"https:\/\/akdenizolaygazetesi.com\/index.php?rest_route=%2Fwp%2Fv2%2Fmedia&parent=23927"}],"wp:term":[{"taxonomy":"category","embeddable":true,"href":"https:\/\/akdenizolaygazetesi.com\/index.php?rest_route=%2Fwp%2Fv2%2Fcategories&post=23927"},{"taxonomy":"post_tag","embeddable":true,"href":"https:\/\/akdenizolaygazetesi.com\/index.php?rest_route=%2Fwp%2Fv2%2Ftags&post=23927"}],"curies":[{"name":"wp","href":"https:\/\/api.w.org\/{rel}","templated":true}]}}