{"id":23930,"date":"2023-02-04T17:16:39","date_gmt":"2023-02-04T14:16:39","guid":{"rendered":"http:\/\/akdenizolaygazetesi.com\/?p=23930"},"modified":"2023-02-04T17:17:41","modified_gmt":"2023-02-04T14:17:41","slug":"baskan-gultak-bilsem-ogrencilerine-ankara-gezisi-hediye-etti","status":"publish","type":"post","link":"https:\/\/akdenizolaygazetesi.com\/?p=23930","title":{"rendered":"BA\u015eKAN G\u00dcLTAK, B\u0130LSEM \u00d6\u011eRENC\u0130LER\u0130NE ANKARA GEZ\u0130S\u0130 HED\u0130YE ETT\u0130"},"content":{"rendered":"<p>Akdeniz il\u00e7esinde ya\u015fayan ve Mersin \u00dcniversitesi&#8217;ne (ME\u00dc) ba\u011fl\u0131 Bilim ve Sanat Merkezi&#8217;nde (B\u0130LSEM) e\u011fitim alan zeki ve \u00fcst\u00fcn yetenekli \u00e7ocuklar Ankara&#8217;y\u0131 gezdi.<br \/>\nAkdeniz Belediye Ba\u015fkan\u0131 M. Mustafa G\u00fcltak, \u201cAkdeniz\u2019in Parlayan Y\u0131ld\u0131zlar\u0131\u201d projesi kapsam\u0131nda e\u011fitim g\u00f6ren 25 \u00f6\u011frenciye s\u00f6mest\u0131r tatilinde Ankara gezisi hediye etti.<br \/>\nMersin \u00dcniversitesi&#8217;ne (ME\u00dc) ba\u011fl\u0131 Bilim ve Sanat Merkezi&#8217;nde (B\u0130LSEM) e\u011fitim alan zeki ve \u00fcst\u00fcn yetenekli \u00f6\u011frencilere gezi kapsam\u0131nda; An\u0131tkabir, I. TBMM (Kurtulu\u015f Sava\u015f\u0131 M\u00fczesi), II. TBMM (Cumhuriyet M\u00fczesi), Anadolu Medeniyetleri M\u00fczesi, ve Ankara Kalesi gezdirildi.<br \/>\n\u201cBa\u015fkan\u0131m\u0131z bizler i\u00e7in biz gezi ayarlad\u0131\u201d<br \/>\nB\u0130LSEM \u00f6\u011frencilerinden Macit Turhan \u00d6zcan Ankara\u2019da oldu\u011fu i\u00e7in \u00e7ok mutlu oldu\u011funu belirterek, \u201c\u015eu anda ara tatildeyiz ve Ba\u015fkan\u0131m\u0131z M. Mustafa G\u00fcltak bizler i\u00e7in bir gezi ayarlad\u0131. \u0130lk olarak An\u0131tkakabir\u2019e giderek Ata\u2019m\u0131z\u0131 ziyaret ettik. Ard\u0131ndan I. ve II. Meclis\u2019e gittik. O zamanki durumlar\u0131 ve sava\u015flar\u0131 inceledik. M\u00fczeleri gezdik. Ba\u015fkan\u0131m\u0131za \u00e7ok te\u015fekk\u00fcr ederim\u201d dedi.<br \/>\n\u00d6\u011frencilerden Ba\u015fkan G\u00fcltak\u2019a te\u015fekk\u00fcr<br \/>\nB\u0130LSEM 6. S\u0131n\u0131f \u00f6\u011frencilerinden Irmak Kapan ise, \u201cBug\u00fcn Akdeniz Belediyesi\u2019nin d\u00fczenledi\u011fi Ankara\u2019y\u0131 gezisindeyiz. \u0130lk olarak Ata\u2019m\u0131z\u0131 ziyaret etmek i\u00e7in An\u0131tkabir\u2019e gittik. Daha sonra m\u00fczeleri gezdik. Tarihimizi bize anlatt\u0131lar. \u015eimdi de Anadolu Medeniyetleri M\u00fczesi\u2019ndeyiz. Gezi \u00e7ok g\u00fczel ge\u00e7iyor. Bug\u00fcnden dolay\u0131 Ba\u015fkan\u0131m\u0131za \u00e7ok te\u015fekk\u00fcr ediyorum\u201d diye konu\u015ftu.<br \/>\n\u201c\u00c7ok mutluyum\u201d<br \/>\n10.s\u0131n\u0131f \u00f6\u011frencisi Melis Sanem de, \u201cD\u00fczenlenen geziden ger\u00e7ekten \u00e7ok memnun kald\u0131k. \u0130lk olarak An\u0131tkabir\u2019e gittik ve ben buraya gitti\u011fimiz i\u00e7in \u00e7ok mutluyum. Sonras\u0131nda ise Meclis\u2019leri ve m\u00fczeleri gezdik. M\u00fczedeki ta\u015flar \u00e7ok ilgimi \u00e7ekiyor. Bu etkinli\u011fi d\u00fczenleyen Ba\u015fkan Mustafa G\u00fcltak\u2019a Ankara\u2019dan te\u015fekk\u00fcrlerimi iletiyorum\u201d ifadelerini kulland\u0131.<\/p>\n","protected":false},"excerpt":{"rendered":"<p>Akdeniz il\u00e7esinde ya\u015fayan ve Mersin \u00dcniversitesi&#8217;ne (ME\u00dc) ba\u011fl\u0131 Bilim ve Sanat Merkezi&#8217;nde (B\u0130LSEM) e\u011fitim alan zeki ve \u00fcst\u00fcn yetenekli \u00e7ocuklar Ankara&#8217;y\u0131 gezdi. Akdeniz Belediye Ba\u015fkan\u0131 M. Mustafa G\u00fcltak, \u201cAkdeniz\u2019in Parlayan &hellip; <a href=\"https:\/\/akdenizolaygazetesi.com\/?p=23930\" class=\"more-link\">Devam\u0131n\u0131 Oku&#8230;<\/a><\/p>\n","protected":false},"author":2,"featured_media":23932,"comment_status":"open","ping_status":"open","sticky":false,"template":"","format":"standard","meta":[],"categories":[1],"tags":[],"_links":{"self":[{"href":"https:\/\/akdenizolaygazetesi.com\/index.php?rest_route=\/wp\/v2\/posts\/23930"}],"collection":[{"href":"https:\/\/akdenizolaygazetesi.com\/index.php?rest_route=\/wp\/v2\/posts"}],"about":[{"href":"https:\/\/akdenizolaygazetesi.com\/index.php?rest_route=\/wp\/v2\/types\/post"}],"author":[{"embeddable":true,"href":"https:\/\/akdenizolaygazetesi.com\/index.php?rest_route=\/wp\/v2\/users\/2"}],"replies":[{"embeddable":true,"href":"https:\/\/akdenizolaygazetesi.com\/index.php?rest_route=%2Fwp%2Fv2%2Fcomments&post=23930"}],"version-history":[{"count":2,"href":"https:\/\/akdenizolaygazetesi.com\/index.php?rest_route=\/wp\/v2\/posts\/23930\/revisions"}],"predecessor-version":[{"id":23933,"href":"https:\/\/akdenizolaygazetesi.com\/index.php?rest_route=\/wp\/v2\/posts\/23930\/revisions\/23933"}],"wp:featuredmedia":[{"embeddable":true,"href":"https:\/\/akdenizolaygazetesi.com\/index.php?rest_route=\/wp\/v2\/media\/23932"}],"wp:attachment":[{"href":"https:\/\/akdenizolaygazetesi.com\/index.php?rest_route=%2Fwp%2Fv2%2Fmedia&parent=23930"}],"wp:term":[{"taxonomy":"category","embeddable":true,"href":"https:\/\/akdenizolaygazetesi.com\/index.php?rest_route=%2Fwp%2Fv2%2Fcategories&post=23930"},{"taxonomy":"post_tag","embeddable":true,"href":"https:\/\/akdenizolaygazetesi.com\/index.php?rest_route=%2Fwp%2Fv2%2Ftags&post=23930"}],"curies":[{"name":"wp","href":"https:\/\/api.w.org\/{rel}","templated":true}]}}