{"id":23934,"date":"2023-02-04T17:19:05","date_gmt":"2023-02-04T14:19:05","guid":{"rendered":"http:\/\/akdenizolaygazetesi.com\/?p=23934"},"modified":"2023-02-04T17:19:05","modified_gmt":"2023-02-04T14:19:05","slug":"toroslar-belediyesi-ilcenin-yuksek-kesimlerinde-karla-kapanan-yollari-aciyor","status":"publish","type":"post","link":"https:\/\/akdenizolaygazetesi.com\/?p=23934","title":{"rendered":"TOROSLAR BELED\u0130YES\u0130, \u0130L\u00c7EN\u0130N Y\u00dcKSEK KES\u0130MLER\u0130NDE KARLA KAPANAN YOLLARI A\u00c7IYOR"},"content":{"rendered":"<p>Toroslar Belediyesi, yaylalarda gece g\u00fcnd\u00fcz teyakkuz halinde \u00e7al\u0131\u015f\u0131yor.<\/p>\n<p>\u0130l\u00e7enin y\u00fcksek kesimlerinde etkili olan kar ya\u011f\u0131\u015f\u0131n\u0131n ard\u0131ndan karla m\u00fccadele \u00e7al\u0131\u015fmalar\u0131n\u0131 s\u00fcrd\u00fcren belediye, ula\u015f\u0131ma kapanan yollar\u0131 i\u015f makineleriyle a\u00e7arak ara\u00e7 ve yaya trafi\u011fini rahatlat\u0131yor, olas\u0131 kar ya\u011f\u0131\u015f\u0131na kar\u015f\u0131 da tedbiri de elden b\u0131rakm\u0131yor.<\/p>\n<p>Fen \u0130\u015fleri M\u00fcd\u00fcrl\u00fc\u011f\u00fc ekipleri bu kapsamda;  Arslank\u00f6y, G\u00fczelyayla, Alanyal\u0131, G\u00f6zne, Ayvagedi\u011fi ve De\u011firmendere Mahalleleri&#8217;nde kar k\u00fcreme ve yol a\u00e7ma \u00e7al\u0131\u015fmalar\u0131 yapt\u0131.<\/p>\n<p>Ba\u015fkan Y\u0131lmaz; &#8220;\u0130\u015f Makinelerimiz ve Ekipmanlar\u0131m\u0131zla Teyakkuzday\u0131z&#8221;<\/p>\n<p>Toroslar Belediye Ba\u015fkan\u0131 Ats\u0131z Af\u015f\u0131n Y\u0131lmaz, vatanda\u015flar\u0131n herhangi bir s\u0131k\u0131nt\u0131 ya\u015famamas\u0131 i\u00e7in karla m\u00fccadele ve acil durum afet ekiplerinin 7\/24 teyakkuz halinde oldu\u011funu s\u00f6yledi.<\/p>\n<p>Ba\u015fkan Y\u0131lmaz; &#8220;\u0130l\u00e7emizin y\u00fcksek rak\u0131ml\u0131 mahallelerinde etkili olan kar ya\u011f\u0131\u015f\u0131 ile harekete ge\u00e7erek karla m\u00fccadele \u00e7al\u0131\u015fmalar\u0131m\u0131za ba\u015flad\u0131k. Ara\u00e7 ve yaya trafi\u011finin sa\u011fl\u0131kl\u0131 bir \u015fekilde ilerleyebilmesi i\u00e7in ekiplerimiz,  yol a\u00e7ma \u00e7al\u0131\u015fmalar\u0131na devam edecek. Hem\u015fehrilerimiz, herhangi bir olumsuzluk durumunda belediyemizin 0324 322 72 00 numaral\u0131 telefonunu arayarak ekiplerimize ula\u015fabilirler. Ara\u00e7 sahiplerinden de iste\u011fimiz yola tedbirli \u00e7\u0131kmalar\u0131 ve dikkatli olmalar\u0131d\u0131r&#8221; dedi.<\/p>\n","protected":false},"excerpt":{"rendered":"<p>Toroslar Belediyesi, yaylalarda gece g\u00fcnd\u00fcz teyakkuz halinde \u00e7al\u0131\u015f\u0131yor. \u0130l\u00e7enin y\u00fcksek kesimlerinde etkili olan kar ya\u011f\u0131\u015f\u0131n\u0131n ard\u0131ndan karla m\u00fccadele \u00e7al\u0131\u015fmalar\u0131n\u0131 s\u00fcrd\u00fcren belediye, ula\u015f\u0131ma kapanan yollar\u0131 i\u015f makineleriyle a\u00e7arak ara\u00e7 ve yaya &hellip; <a href=\"https:\/\/akdenizolaygazetesi.com\/?p=23934\" class=\"more-link\">Devam\u0131n\u0131 Oku&#8230;<\/a><\/p>\n","protected":false},"author":2,"featured_media":23935,"comment_status":"open","ping_status":"open","sticky":false,"template":"","format":"standard","meta":[],"categories":[3],"tags":[],"_links":{"self":[{"href":"https:\/\/akdenizolaygazetesi.com\/index.php?rest_route=\/wp\/v2\/posts\/23934"}],"collection":[{"href":"https:\/\/akdenizolaygazetesi.com\/index.php?rest_route=\/wp\/v2\/posts"}],"about":[{"href":"https:\/\/akdenizolaygazetesi.com\/index.php?rest_route=\/wp\/v2\/types\/post"}],"author":[{"embeddable":true,"href":"https:\/\/akdenizolaygazetesi.com\/index.php?rest_route=\/wp\/v2\/users\/2"}],"replies":[{"embeddable":true,"href":"https:\/\/akdenizolaygazetesi.com\/index.php?rest_route=%2Fwp%2Fv2%2Fcomments&post=23934"}],"version-history":[{"count":1,"href":"https:\/\/akdenizolaygazetesi.com\/index.php?rest_route=\/wp\/v2\/posts\/23934\/revisions"}],"predecessor-version":[{"id":23936,"href":"https:\/\/akdenizolaygazetesi.com\/index.php?rest_route=\/wp\/v2\/posts\/23934\/revisions\/23936"}],"wp:featuredmedia":[{"embeddable":true,"href":"https:\/\/akdenizolaygazetesi.com\/index.php?rest_route=\/wp\/v2\/media\/23935"}],"wp:attachment":[{"href":"https:\/\/akdenizolaygazetesi.com\/index.php?rest_route=%2Fwp%2Fv2%2Fmedia&parent=23934"}],"wp:term":[{"taxonomy":"category","embeddable":true,"href":"https:\/\/akdenizolaygazetesi.com\/index.php?rest_route=%2Fwp%2Fv2%2Fcategories&post=23934"},{"taxonomy":"post_tag","embeddable":true,"href":"https:\/\/akdenizolaygazetesi.com\/index.php?rest_route=%2Fwp%2Fv2%2Ftags&post=23934"}],"curies":[{"name":"wp","href":"https:\/\/api.w.org\/{rel}","templated":true}]}}