{"id":23941,"date":"2023-02-05T09:47:38","date_gmt":"2023-02-05T06:47:38","guid":{"rendered":"http:\/\/akdenizolaygazetesi.com\/?p=23941"},"modified":"2023-02-05T09:47:38","modified_gmt":"2023-02-05T06:47:38","slug":"secer-kiremithane-mahallesinde-ve-silifke-caddesinde-esnafla-bulustu","status":"publish","type":"post","link":"https:\/\/akdenizolaygazetesi.com\/?p=23941","title":{"rendered":"SE\u00c7ER, K\u0130REM\u0130THANE MAHALLES\u0130&#8217;NDE VE S\u0130L\u0130FKE CADDES\u0130&#8217;NDE ESNAFLA BULU\u015eTU"},"content":{"rendered":"<p>Mersin B\u00fcy\u00fck\u015fehir Belediye Ba\u015fkan\u0131 Vahap Se\u00e7er, hafta sonu mesaisini Akdeniz \u0130l\u00e7esi&#8217;ne ay\u0131rd\u0131. S\u0131k s\u0131k halk\u0131n i\u00e7inde olarak onlar\u0131n sorun ve taleplerini dinleyen ve gecesini g\u00fcnd\u00fcz\u00fcne katarak Mersin i\u00e7in hizmet \u00fcretmeye devam eden Ba\u015fkan Vahap Se\u00e7er, gitti\u011fi her noktada da vatanda\u015flar\u0131n yo\u011fun ilgi ve sevgisi ile kar\u015f\u0131land\u0131.<\/p>\n<p>Kiremithane Mahallesi&#8217;nde yer alan Cumartesi Pazar\u0131&#8217;n\u0131 gezerek hem esnaf hem de vatanda\u015flarla bulu\u015fan Ba\u015fkan Se\u00e7er, ard\u0131ndan da Silifke Caddesi esnaf\u0131n\u0131 ziyaret etti. Esnafa &#8216;Hay\u0131rl\u0131 \u0130\u015fler&#8217; dileyen Ba\u015fkan Se\u00e7er, vatanda\u015flarla da sohbet etti.<\/p>\n<p>Se\u00e7er, Kiremithane Mahallesi&#8217;nde ve Silifke Caddesi&#8217;nde esnaf ve vatanda\u015fla bulu\u015ftu <\/p>\n<p>Mersin B\u00fcy\u00fck\u015fehir Belediye Ba\u015fkan\u0131 Vahap Se\u00e7er&#8217;e saha ziyaretleri esnas\u0131nda; Cumhuriyet Halk Partisi (CHP) Mersin \u0130l Ba\u015fkan Yard\u0131mc\u0131s\u0131 Erdal Ta\u015f, CHP Akdeniz \u0130l\u00e7e Ba\u015fkan\u0131 Semih Palamut, CHP Yeni\u015fehir \u0130l\u00e7e Ba\u015fkan\u0131 Tayar Tahiro\u011flu, Mersin Muhtarlar Derne\u011fi Ba\u015fkan\u0131 ve Kiremithane Mahalle Muhtar\u0131 Ali G\u00fclgen, K\u00fclt\u00fcr Mahalle Muhtar\u0131 Ali Karadeniz, Turgutreis Mahalle Muhtar\u0131 Ahmet Eldeniz,  Bah\u00e7e Mahalle Muhtar\u0131 Mehmet Dane, Meclis \u00dcyeleri ve B\u00fcy\u00fck\u015fehir Belediyesi b\u00fcrokratlar\u0131 e\u015flik etti.<\/p>\n<p>\u0130lk olarak Kiremithane Mahallesi&#8217;nde yer alan Cumartesi Pazar\u0131&#8217;n\u0131 gezerek hem esnafa &#8216;Hay\u0131rl\u0131 \u0130\u015fler&#8217; dileyen hem de vatanda\u015flarla bir araya gelen Ba\u015fkan Vahap Se\u00e7er, ard\u0131ndan Silifke Caddesi&#8217;ne ge\u00e7ti.<\/p>\n<p>Silifke Caddesi boyunca da esnaf ziyareti yapan Ba\u015fkan Se\u00e7er, vatanda\u015flar\u0131n yo\u011fun ilgisi ve sevgisi ile kar\u015f\u0131land\u0131. <\/p>\n<p>Ba\u015fkan Vahap Se\u00e7er saha ziyaretleri s\u00fcresince, hem esnaftan hem de vatanda\u015ftan gelen talepleri de tek tek dinlerken, gerekli notlar\u0131 b\u00fcrokratlar\u0131na ald\u0131rd\u0131.<\/p>\n<p>Ba\u015fkan Se\u00e7er&#8217;in saha ziyaretlerinde B\u00fcy\u00fck\u015fehir Belediyesi personeli taraf\u0131ndan vatanda\u015flara Pazar \u00e7antas\u0131, \u00e7ocuklara da oyuncak da\u011f\u0131t\u0131m\u0131 yap\u0131ld\u0131.<\/p>\n","protected":false},"excerpt":{"rendered":"<p>Mersin B\u00fcy\u00fck\u015fehir Belediye Ba\u015fkan\u0131 Vahap Se\u00e7er, hafta sonu mesaisini Akdeniz \u0130l\u00e7esi&#8217;ne ay\u0131rd\u0131. S\u0131k s\u0131k halk\u0131n i\u00e7inde olarak onlar\u0131n sorun ve taleplerini dinleyen ve gecesini g\u00fcnd\u00fcz\u00fcne katarak Mersin i\u00e7in hizmet \u00fcretmeye &hellip; <a href=\"https:\/\/akdenizolaygazetesi.com\/?p=23941\" class=\"more-link\">Devam\u0131n\u0131 Oku&#8230;<\/a><\/p>\n","protected":false},"author":2,"featured_media":23942,"comment_status":"open","ping_status":"open","sticky":false,"template":"","format":"standard","meta":[],"categories":[8,1,2,3,5],"tags":[],"_links":{"self":[{"href":"https:\/\/akdenizolaygazetesi.com\/index.php?rest_route=\/wp\/v2\/posts\/23941"}],"collection":[{"href":"https:\/\/akdenizolaygazetesi.com\/index.php?rest_route=\/wp\/v2\/posts"}],"about":[{"href":"https:\/\/akdenizolaygazetesi.com\/index.php?rest_route=\/wp\/v2\/types\/post"}],"author":[{"embeddable":true,"href":"https:\/\/akdenizolaygazetesi.com\/index.php?rest_route=\/wp\/v2\/users\/2"}],"replies":[{"embeddable":true,"href":"https:\/\/akdenizolaygazetesi.com\/index.php?rest_route=%2Fwp%2Fv2%2Fcomments&post=23941"}],"version-history":[{"count":1,"href":"https:\/\/akdenizolaygazetesi.com\/index.php?rest_route=\/wp\/v2\/posts\/23941\/revisions"}],"predecessor-version":[{"id":23943,"href":"https:\/\/akdenizolaygazetesi.com\/index.php?rest_route=\/wp\/v2\/posts\/23941\/revisions\/23943"}],"wp:featuredmedia":[{"embeddable":true,"href":"https:\/\/akdenizolaygazetesi.com\/index.php?rest_route=\/wp\/v2\/media\/23942"}],"wp:attachment":[{"href":"https:\/\/akdenizolaygazetesi.com\/index.php?rest_route=%2Fwp%2Fv2%2Fmedia&parent=23941"}],"wp:term":[{"taxonomy":"category","embeddable":true,"href":"https:\/\/akdenizolaygazetesi.com\/index.php?rest_route=%2Fwp%2Fv2%2Fcategories&post=23941"},{"taxonomy":"post_tag","embeddable":true,"href":"https:\/\/akdenizolaygazetesi.com\/index.php?rest_route=%2Fwp%2Fv2%2Ftags&post=23941"}],"curies":[{"name":"wp","href":"https:\/\/api.w.org\/{rel}","templated":true}]}}