{"id":23954,"date":"2023-02-06T13:24:07","date_gmt":"2023-02-06T10:24:07","guid":{"rendered":"http:\/\/akdenizolaygazetesi.com\/?p=23954"},"modified":"2023-02-06T13:24:07","modified_gmt":"2023-02-06T10:24:07","slug":"baskan-yilmazdan-deprem-mesaji-destek-icin-teyakkuzdayiz","status":"publish","type":"post","link":"https:\/\/akdenizolaygazetesi.com\/?p=23954","title":{"rendered":"BA\u015eKAN YILMAZ&#8217;DAN DEPREM MESAJI; DESTEK \u0130\u00c7\u0130N TEYAKKUZDAYIZ"},"content":{"rendered":"<p>Toroslar Belediye Ba\u015fkan\u0131 Ats\u0131z Af\u015f\u0131n Y\u0131lmaz, Kahramanmara\u015f&#8217;ta meydana gelen ve Mersin olmak \u00fczere \u00fclkemizin bir\u00e7ok ilinde hissedilen depremden etkilenen t\u00fcm vatanda\u015flara ge\u00e7mi\u015f olsun dileklerini iletti.<\/p>\n<p>Toroslar Belediyesi olarak ilgili t\u00fcm birimlerin teyakkuz halinde oldu\u011funu ve deprem afet b\u00f6lgelerine gerekli deste\u011fi yapacaklar\u0131n\u0131 belirten Ba\u015fkan Y\u0131lmaz, ya\u015fanan felakette hayat\u0131n\u0131 kaybeden vatanda\u015flara Allah&#8217;tan rahmet, ailelerine sab\u0131r diledi.<\/p>\n<p>Ba\u015fkan Y\u0131lmaz; &#8220;Deprem nedeniyle Toroslar Belediyesi ana hizmet binas\u0131 otopark\u0131m\u0131z, Halkkent Mahallesi Yunus Emre K\u00fclt\u00fcr Merkezimiz, H.Okan Merzeci Mahallesi Amfi Tiyatromuzun otopark\u0131, Mehmet\u00e7ik Park\u0131m\u0131z ve Raziye Oskay Spor Kompleksimiz, Portakal Mahallesi Fikri Dilsiz Park\u0131m\u0131z, \u00c7avu\u015flu Mahalle Muhtarl\u0131\u011f\u0131 yan\u0131, Zeki Ayan Mahallesi Pazar yeri ile muhtelif ye\u015fil alanlar vatanda\u015flar\u0131m\u0131z\u0131n kullan\u0131m\u0131na a\u00e7\u0131k olacakt\u0131r. Ekiplerimiz, destek i\u00e7in teyakkuzda. Devletimizin t\u00fcm kurumlar\u0131yla birlikte depremden etkilenen vatanda\u015flar\u0131m\u0131z\u0131n yan\u0131nda olaca\u011f\u0131z. Dayan\u0131\u015fma i\u00e7inde bu s\u00fcreci de atlataca\u011f\u0131z in\u015fallah. Hayat\u0131n\u0131 kaybeden vatanda\u015flar\u0131m\u0131za Allah&#8217;tan rahmet, yaral\u0131lar\u0131m\u0131za acil \u015fifalar diliyorum. Milletimizin ba\u015f\u0131 sa\u011f olsun&#8221; diye konu\u015ftu.<\/p>\n","protected":false},"excerpt":{"rendered":"<p>Toroslar Belediye Ba\u015fkan\u0131 Ats\u0131z Af\u015f\u0131n Y\u0131lmaz, Kahramanmara\u015f&#8217;ta meydana gelen ve Mersin olmak \u00fczere \u00fclkemizin bir\u00e7ok ilinde hissedilen depremden etkilenen t\u00fcm vatanda\u015flara ge\u00e7mi\u015f olsun dileklerini iletti. Toroslar Belediyesi olarak ilgili t\u00fcm &hellip; <a href=\"https:\/\/akdenizolaygazetesi.com\/?p=23954\" class=\"more-link\">Devam\u0131n\u0131 Oku&#8230;<\/a><\/p>\n","protected":false},"author":2,"featured_media":23955,"comment_status":"open","ping_status":"open","sticky":false,"template":"","format":"standard","meta":[],"categories":[2,3],"tags":[],"_links":{"self":[{"href":"https:\/\/akdenizolaygazetesi.com\/index.php?rest_route=\/wp\/v2\/posts\/23954"}],"collection":[{"href":"https:\/\/akdenizolaygazetesi.com\/index.php?rest_route=\/wp\/v2\/posts"}],"about":[{"href":"https:\/\/akdenizolaygazetesi.com\/index.php?rest_route=\/wp\/v2\/types\/post"}],"author":[{"embeddable":true,"href":"https:\/\/akdenizolaygazetesi.com\/index.php?rest_route=\/wp\/v2\/users\/2"}],"replies":[{"embeddable":true,"href":"https:\/\/akdenizolaygazetesi.com\/index.php?rest_route=%2Fwp%2Fv2%2Fcomments&post=23954"}],"version-history":[{"count":1,"href":"https:\/\/akdenizolaygazetesi.com\/index.php?rest_route=\/wp\/v2\/posts\/23954\/revisions"}],"predecessor-version":[{"id":23956,"href":"https:\/\/akdenizolaygazetesi.com\/index.php?rest_route=\/wp\/v2\/posts\/23954\/revisions\/23956"}],"wp:featuredmedia":[{"embeddable":true,"href":"https:\/\/akdenizolaygazetesi.com\/index.php?rest_route=\/wp\/v2\/media\/23955"}],"wp:attachment":[{"href":"https:\/\/akdenizolaygazetesi.com\/index.php?rest_route=%2Fwp%2Fv2%2Fmedia&parent=23954"}],"wp:term":[{"taxonomy":"category","embeddable":true,"href":"https:\/\/akdenizolaygazetesi.com\/index.php?rest_route=%2Fwp%2Fv2%2Fcategories&post=23954"},{"taxonomy":"post_tag","embeddable":true,"href":"https:\/\/akdenizolaygazetesi.com\/index.php?rest_route=%2Fwp%2Fv2%2Ftags&post=23954"}],"curies":[{"name":"wp","href":"https:\/\/api.w.org\/{rel}","templated":true}]}}