{"id":23960,"date":"2023-02-06T13:40:19","date_gmt":"2023-02-06T10:40:19","guid":{"rendered":"http:\/\/akdenizolaygazetesi.com\/?p=23960"},"modified":"2023-02-06T13:40:19","modified_gmt":"2023-02-06T10:40:19","slug":"deprem-bolgesine-arama-kurtarma-personeli-gida-battaniye-ve-cadir-gonderdik","status":"publish","type":"post","link":"https:\/\/akdenizolaygazetesi.com\/?p=23960","title":{"rendered":"\u201cDEPREM B\u00d6LGES\u0130NE ARAMA-KURTARMA PERSONEL\u0130, GIDA, BATTAN\u0130YE VE \u00c7ADIR G\u00d6NDERD\u0130K\u201d"},"content":{"rendered":"<p>Akdeniz Belediye Ba\u015fkan\u0131 M. Mustafa G\u00fcltak, merkez \u00fcss\u00fc Kahramanmara\u015f Pazarc\u0131k olan 7,4 \u015fiddetindeki depremden etkilenen vatanda\u015flar i\u00e7in teyakkuza ge\u00e7tiklerini; b\u00f6lgeye arama kurtarma \u00e7al\u0131\u015fmalar\u0131na destek vermek \u00fczere personel ve i\u015f makinesi deste\u011fi, g\u0131da, \u00e7ad\u0131r ve battaniye g\u00f6nderdiklerini belirtti. Ba\u015fkan G\u00fcltak, depremden etkilenen vatanda\u015flar i\u00e7in yard\u0131m kampanyas\u0131 ba\u015flatt\u0131klar\u0131n\u0131 da kaydetti. <\/p>\n<p>Akdeniz Belediye Meclisi\u2019nin 6 \u015eubat 2023 tarihli birle\u015fimi, merkez \u00fcss\u00fc Kahramanmara\u015f Pazarc\u0131k olan ve can kay\u0131plar\u0131na neden olan 7,4 \u015fiddetindeki b\u00fcy\u00fck deprem nedeniyle, yasa gere\u011fi yap\u0131lan a\u00e7\u0131l\u0131\u015ftan k\u0131sa s\u00fcre sonra kapand\u0131. Akdeniz Belediye Ba\u015fkan\u0131 M. Mustafa G\u00fcltak, deprem nedeniyle yapt\u0131\u011f\u0131 a\u00e7\u0131klamada ya\u015fam\u0131n\u0131 yitiren vatanda\u015flara rahmet, yak\u0131nlar\u0131na sab\u0131r ve ba\u015fsa\u011fl\u0131\u011f\u0131, yaral\u0131lara \u015fifalar diledi. <\/p>\n<p>\u201cB\u00f6lgeye onlarca personel ve i\u015f makineleri g\u00f6nderdik\u201d<\/p>\n<p>Depremden etkilenen vatanda\u015flara ula\u015ft\u0131r\u0131lmak \u00fczere elektrikli soba, battaniye ve bebek bezi toplamak i\u00e7in yard\u0131m kampanyas\u0131 ba\u015flatt\u0131klar\u0131n\u0131 belirten Ba\u015fkan G\u00fcltak, \u201cDevletimiz, sabah\u0131n 4\u2019\u00fcnden itibaren t\u00fcm g\u00fcc\u00fc ve ekipleriyle birlikte yo\u011fun bir m\u00fcdahale, arama-kurtarma faaliyeti i\u00e7inde. Ben de sabah 4 sular\u0131nda Say\u0131n Valimiz ve Say\u0131n Kaymakam\u0131m\u0131z ile telefonla g\u00f6r\u00fc\u015fmeler yapt\u0131m. Sonu\u00e7 itibariyle Afet ve Acil Durum Y\u00f6netimi Ba\u015fkanl\u0131\u011f\u0131\u2019ndan (AFAD) gelen talimat do\u011frultusunda makine ikmal saham\u0131zdan 30 personelimizle birlikte 2 adet kaz\u0131c\u0131 y\u00fckleyici lastik tekerlekli kep\u00e7e, 1 paletli eskavat\u00f6r, 4 damperli kamyon, i\u015f makinelerinin nakliyesi i\u00e7in 2 t\u0131r, 1 kamyonet ve 1 minib\u00fcs K\u0131r\u0131khan b\u00f6lgesine g\u00f6nderdik.  Zab\u0131ta M\u00fcd\u00fcrl\u00fc\u011f\u00fcm\u00fczde acil kurtarma konusunda uzman 13 personelimizi yine AFAD\u2019\u0131n koordinesinde Gaziantep\u2019e g\u00f6nderdik. Depremden etkilenen Mersinliler i\u00e7in de Millet Bah\u00e7esi\u2019nde \u00e7ad\u0131rlar kurduk. Mahalle k\u00fclt\u00fcr ve sanat evlerimizi, taziye evlerimizi ve belediye konferans salonumuzu insanlar\u0131m\u0131za a\u00e7t\u0131k. Belediyemize, \u00e7ad\u0131rlara ve k\u00fclt\u00fcr evlerine gelen vatanda\u015flar\u0131m\u0131za yiyecek ve s\u0131cak i\u00e7ecek ikram ettik\u201d dedi. <\/p>\n<p>\u201cYa\u015fad\u0131\u011f\u0131 binada s\u0131k\u0131nt\u0131 olan vatanda\u015flar bize ula\u015fs\u0131n\u201d<br \/>\nKaymakaml\u0131k ve muhtarl\u0131klardan ald\u0131klar\u0131 bilgilere g\u00f6re Mersin\u2019de a\u011f\u0131r hasarl\u0131 bina olmad\u0131\u011f\u0131 bilgisini ald\u0131klar\u0131n\u0131 kaydeden Ba\u015fkan G\u00fcltak, \u201cVatanda\u015flar\u0131m\u0131z, bu durumu \u00e7evre \u015fehircilik il m\u00fcd\u00fcrl\u00fc\u011f\u00fcne, kaymakaml\u0131\u011f\u0131m\u0131za ve bize iletti\u011fi takdirde uzmanlar taraf\u0131ndan hemen gerekli incelemeler yap\u0131l\u0131p binada s\u0131k\u0131nt\u0131 olup olmad\u0131\u011f\u0131 tespit edilir. E\u011fer vatanda\u015flar\u0131m\u0131z \u00e7ok tedirgin iseler mutlaka bize ula\u015fs\u0131nlar. Bizler de ekipleri yollayal\u0131m ve binalar\u0131 kontrol edelim ki herhangi bir ma\u011fduriyet olu\u015fmas\u0131n\u201d diye konu\u015ftu.<br \/>\n\u201cKentsel d\u00f6n\u00fc\u015f\u00fcm\u00fcn \u00f6nemi bir kez daha ortaya \u00e7\u0131kt\u0131\u201d<br \/>\nT\u00fcrkiye\u2019nin deprem ku\u015fa\u011f\u0131 \u00fczerinde yer alan bir \u00fclke oldu\u011funa dikkat \u00e7eken Akdeniz Belediye Ba\u015fkan\u0131 Mustafa G\u00fcltak; bu nedenle de g\u00f6reve geldi\u011fi ilk g\u00fcnden beri kentsel d\u00f6n\u00fc\u015f\u00fcm\u00fcn \u00f6nemi ve aciliyetine dikkat \u00e7ekti\u011fini hat\u0131rlatt\u0131\u011f\u0131 konu\u015fmas\u0131n\u0131 \u015f\u00f6yle s\u00fcrd\u00fcrd\u00fc; \u201cDeprem ku\u015fa\u011f\u0131nda olmamam\u0131za ra\u011fmen \u00e7ok ciddi salland\u0131k. Mersin ve Mersin gibi illerin tek kurtulu\u015fu kentsel d\u00f6n\u00fc\u015f\u00fcmdedir. Umar\u0131m ya\u015fad\u0131\u011f\u0131m\u0131z bu ac\u0131n\u0131n ard\u0131ndan herkes \u00fczerine d\u00fc\u015fen vazifeyi y\u00fcklenir. Bu \u015fehri d\u00fczeltmemiz laz\u0131m.<br \/>\nDeniz kumu ve az \u00e7imento ile yap\u0131lm\u0131\u015f in\u015faatlarda belki \u015fu an hasar g\u00f6r\u00fcnm\u00fcyor ama ileride olmayaca\u011f\u0131 anlam\u0131na gelmez. Dolay\u0131s\u0131yla b\u00fct\u00fcn belediyelerin, bu konuda \u00e7al\u0131\u015fmalar\u0131n\u0131 h\u0131zland\u0131rmas\u0131 laz\u0131m. Elimizden geldi\u011fi kadar\u0131yla t\u00fcm imkanlar\u0131m\u0131zla deprem b\u00f6lgesinde, AFAD ile birlikte hareket ediyoruz. Ayr\u0131ca K\u0131z\u0131lay, Ye\u015filay ve di\u011fer kurumlarla birlikte toplad\u0131\u011f\u0131m\u0131z yard\u0131mlar\u0131 da en k\u0131sa s\u00fcrede b\u00f6lgeye g\u00f6nderece\u011fiz.\u201d<br \/>\n\u00d6te yandan, Akdeniz Belediyesi\u2019nin ba\u015flatt\u0131\u011f\u0131 yard\u0131m kampanyas\u0131na elektrikli soba, battaniye ve \u00e7ocuk bezi ula\u015ft\u0131rmak isteyen vatanda\u015flar, 0552 7690802 ve 0552 7690805 numaral\u0131 telefonlar\u0131 arayabilir veya ula\u015ft\u0131rmak istedikleri yard\u0131m malzemelerini \u0130hsaniye Mahallesi 4926 sokak No:1\/A adresinde bulunan K\u00fclt\u00fcr ve Sosyal \u0130\u015fler M\u00fcd\u00fcrl\u00fc\u011f\u00fc binas\u0131na (Eski \u00dcniversite Hastanesi Acil Binas\u0131) teslim edebilir. <\/p>\n","protected":false},"excerpt":{"rendered":"<p>Akdeniz Belediye Ba\u015fkan\u0131 M. Mustafa G\u00fcltak, merkez \u00fcss\u00fc Kahramanmara\u015f Pazarc\u0131k olan 7,4 \u015fiddetindeki depremden etkilenen vatanda\u015flar i\u00e7in teyakkuza ge\u00e7tiklerini; b\u00f6lgeye arama kurtarma \u00e7al\u0131\u015fmalar\u0131na destek vermek \u00fczere personel ve i\u015f makinesi &hellip; <a href=\"https:\/\/akdenizolaygazetesi.com\/?p=23960\" class=\"more-link\">Devam\u0131n\u0131 Oku&#8230;<\/a><\/p>\n","protected":false},"author":2,"featured_media":23961,"comment_status":"open","ping_status":"open","sticky":false,"template":"","format":"standard","meta":[],"categories":[3,5],"tags":[],"_links":{"self":[{"href":"https:\/\/akdenizolaygazetesi.com\/index.php?rest_route=\/wp\/v2\/posts\/23960"}],"collection":[{"href":"https:\/\/akdenizolaygazetesi.com\/index.php?rest_route=\/wp\/v2\/posts"}],"about":[{"href":"https:\/\/akdenizolaygazetesi.com\/index.php?rest_route=\/wp\/v2\/types\/post"}],"author":[{"embeddable":true,"href":"https:\/\/akdenizolaygazetesi.com\/index.php?rest_route=\/wp\/v2\/users\/2"}],"replies":[{"embeddable":true,"href":"https:\/\/akdenizolaygazetesi.com\/index.php?rest_route=%2Fwp%2Fv2%2Fcomments&post=23960"}],"version-history":[{"count":1,"href":"https:\/\/akdenizolaygazetesi.com\/index.php?rest_route=\/wp\/v2\/posts\/23960\/revisions"}],"predecessor-version":[{"id":23962,"href":"https:\/\/akdenizolaygazetesi.com\/index.php?rest_route=\/wp\/v2\/posts\/23960\/revisions\/23962"}],"wp:featuredmedia":[{"embeddable":true,"href":"https:\/\/akdenizolaygazetesi.com\/index.php?rest_route=\/wp\/v2\/media\/23961"}],"wp:attachment":[{"href":"https:\/\/akdenizolaygazetesi.com\/index.php?rest_route=%2Fwp%2Fv2%2Fmedia&parent=23960"}],"wp:term":[{"taxonomy":"category","embeddable":true,"href":"https:\/\/akdenizolaygazetesi.com\/index.php?rest_route=%2Fwp%2Fv2%2Fcategories&post=23960"},{"taxonomy":"post_tag","embeddable":true,"href":"https:\/\/akdenizolaygazetesi.com\/index.php?rest_route=%2Fwp%2Fv2%2Ftags&post=23960"}],"curies":[{"name":"wp","href":"https:\/\/api.w.org\/{rel}","templated":true}]}}