{"id":23963,"date":"2023-02-06T13:42:18","date_gmt":"2023-02-06T10:42:18","guid":{"rendered":"http:\/\/akdenizolaygazetesi.com\/?p=23963"},"modified":"2023-02-06T13:42:18","modified_gmt":"2023-02-06T10:42:18","slug":"mersin-buyuksehirden-deprem-bolgelerine-acil-destek","status":"publish","type":"post","link":"https:\/\/akdenizolaygazetesi.com\/?p=23963","title":{"rendered":"MERS\u0130N B\u00dcY\u00dcK\u015eEH\u0130R&#8217;DEN DEPREM B\u00d6LGELER\u0130NE AC\u0130L DESTEK"},"content":{"rendered":"<p>Merkez \u00fcss\u00fc Kahramanmara\u015f&#8217;\u0131n Pazarc\u0131k il\u00e7esi olan, sabah saat 04.17&#8217;de meydana gelen ve 7,4 b\u00fcy\u00fckl\u00fc\u011f\u00fcndeki depremin ac\u0131 sonu\u00e7lar\u0131 oldu. Mersin&#8217;de ve T\u00fcrkiye&#8217;nin bir\u00e7ok farkl\u0131 ilinde de hissedilen depremde yaralar\u0131n sar\u0131lmas\u0131 i\u00e7in, Mersin&#8217;den de ekipler yola \u00e7\u0131kt\u0131. 10 ildeki vatanda\u015flar\u0131n etkilendi\u011fi deprem i\u00e7in Mersin B\u00fcy\u00fck\u015fehir Belediyesi ekipleri an\u0131nda harekete ge\u00e7ti.<br \/>\nMersin&#8217;de vatanda\u015flar\u0131n kullan\u0131m\u0131na a\u00e7\u0131lan tesisler<br \/>\nB\u00fcy\u00fck\u015fehir Belediyesi, Mersin&#8217;de de hissedilen deprem \u00fczerine; Macit \u00d6zcan Spor Tesisi, Ata E\u011fitim Merkezi, Yeni\u015fehir Spor Salonu, Halkkent Sosyal Ya\u015fam Merkezi, Yal\u0131nayak Hal Mahallesi Sosyal Ya\u015fam Merkezi, T\u0131rm\u0131l Mesleki E\u011fitim Merkezi ve Yeni\u015fehir Pazar Yeri&#8217;ni vatanda\u015flara a\u00e7t\u0131.<br \/>\nYine bug\u00fcn saat 12.00 itibariyle depremden etkilenen illere; 61&#8217;i \u0130tfaiye Dairesi Ba\u015fkanl\u0131\u011f\u0131&#8217;ndan olmak \u00fczere toplam 94 personel, 19 itfaiye arac\u0131, 3 kamyon, 1 su tankeri, 5 kamyonet, 7 ta\u015f\u0131y\u0131c\u0131 t\u0131r, 1 donan\u0131m arac\u0131, 2 jenerat\u00f6r, 3 minib\u00fcs, 1 mobil mutfak ve 1 WC&#8217;den olu\u015fan teknik personel ve ekipman deste\u011fi g\u00f6nderdi.<br \/>\nB\u00fcy\u00fck\u015fehir, depremden etkilenen vatanda\u015flar i\u00e7in ayr\u0131ca 1000 koli su, 410 adet battaniye ve 12 bin 200 adet kumanya yard\u0131m\u0131 g\u00f6nderdi.<br \/>\nSu ve s\u0131cak \u00e7orba da\u011f\u0131t\u0131m alanlar\u0131<br \/>\nAyr\u0131ca Mersin B\u00fcy\u00fck\u015fehir Belediyesi ekipleri Yeni\u015fehir&#8217;de Forum AVM \u00f6n\u00fc ile Sayapark AVM kar\u015f\u0131s\u0131 ve Macit \u00d6zcan Spor Tesisleri&#8217;nde, Mezitli&#8217;de Menderes Per\u015fembe Pazar\u0131, Akdeniz Mahallesi Cuma Pazar\u0131, Toroslar&#8217;da Osmaniye Kuvayi Milliye Bulvar\u0131, Osmaniye Mahallesi Atat\u00fcrk \u0130lk\u00f6\u011fretim Okulu, Kurdali Mahallesi,  Mersinli Ahmet Bulvar\u0131, Mu\u015flular Derne\u011fi, Akdeniz&#8217;de Yenimahalle 5320 Sokak ile Nusratiye Mahallesi 112. Cadde, Tarsus&#8217;ta Rasim Dokur Fabrikas\u0131 Baca \u00f6n\u00fc, \u015eehitishak Mahallesi Kas\u0131m Ekenler Bulvar\u0131 100. Y\u0131l civar\u0131, \u015eahin Mahallesi Re\u015fat Nuri Caddesi No 81, Duatepe K\u00f6yl\u00fc Garaj\u0131, Ergenekon Mahallesi Toros Koleji \u00e7evresinde su ve s\u0131cak \u00e7orba da\u011f\u0131t\u0131m\u0131 yapt\u0131.<br \/>\nDepremden etkilenen \u00e7ocuklar i\u00e7in Merci \u00d6\u011frenci Dan\u0131\u015fmanl\u0131k Merkezi psikologlar\u0131 ve PDR uzmanlar\u0131 haz\u0131rl\u0131k yapt\u0131. Mersin B\u00fcy\u00fck\u015fehir Belediyesi, depremin \u00e7ocuklar \u00fczerindeki etkilerini azaltmak i\u00e7in psikolojik destek veriyor.<br \/>\nYine B\u00fcy\u00fck\u015fehir, ba\u015flatt\u0131\u011f\u0131 \u015fartl\u0131 destek kampanyas\u0131yla Mersinlilerin depremin etkili oldu\u011fu b\u00f6lgelerde ya\u015fayan vatanda\u015flara desteklerini ula\u015ft\u0131racak.<br \/>\nTeksin uygulamas\u0131, ALO 185 ve 0 324 185 00 00 \u00fczerinden ileti\u015fim kurularak sa\u011flanacak destekler, vatanda\u015flara ula\u015ft\u0131r\u0131lacak.<br \/>\nAyn\u0131 zamanda B\u00fcy\u00fck\u015fehir \u00f6\u011frenci yurdu ile anla\u015fma sa\u011flad\u0131\u011f\u0131 otellerde depremzede vatanda\u015flara bar\u0131nma olana\u011f\u0131 sa\u011flanacak. Bu konuda da Teksin Mersin arac\u0131l\u0131\u011f\u0131yla yard\u0131mlar ula\u015ft\u0131r\u0131lacak.<\/p>\n","protected":false},"excerpt":{"rendered":"<p>Merkez \u00fcss\u00fc Kahramanmara\u015f&#8217;\u0131n Pazarc\u0131k il\u00e7esi olan, sabah saat 04.17&#8217;de meydana gelen ve 7,4 b\u00fcy\u00fckl\u00fc\u011f\u00fcndeki depremin ac\u0131 sonu\u00e7lar\u0131 oldu. Mersin&#8217;de ve T\u00fcrkiye&#8217;nin bir\u00e7ok farkl\u0131 ilinde de hissedilen depremde yaralar\u0131n sar\u0131lmas\u0131 i\u00e7in, &hellip; <a href=\"https:\/\/akdenizolaygazetesi.com\/?p=23963\" class=\"more-link\">Devam\u0131n\u0131 Oku&#8230;<\/a><\/p>\n","protected":false},"author":2,"featured_media":23964,"comment_status":"open","ping_status":"open","sticky":false,"template":"","format":"standard","meta":[],"categories":[2,3],"tags":[],"_links":{"self":[{"href":"https:\/\/akdenizolaygazetesi.com\/index.php?rest_route=\/wp\/v2\/posts\/23963"}],"collection":[{"href":"https:\/\/akdenizolaygazetesi.com\/index.php?rest_route=\/wp\/v2\/posts"}],"about":[{"href":"https:\/\/akdenizolaygazetesi.com\/index.php?rest_route=\/wp\/v2\/types\/post"}],"author":[{"embeddable":true,"href":"https:\/\/akdenizolaygazetesi.com\/index.php?rest_route=\/wp\/v2\/users\/2"}],"replies":[{"embeddable":true,"href":"https:\/\/akdenizolaygazetesi.com\/index.php?rest_route=%2Fwp%2Fv2%2Fcomments&post=23963"}],"version-history":[{"count":1,"href":"https:\/\/akdenizolaygazetesi.com\/index.php?rest_route=\/wp\/v2\/posts\/23963\/revisions"}],"predecessor-version":[{"id":23965,"href":"https:\/\/akdenizolaygazetesi.com\/index.php?rest_route=\/wp\/v2\/posts\/23963\/revisions\/23965"}],"wp:featuredmedia":[{"embeddable":true,"href":"https:\/\/akdenizolaygazetesi.com\/index.php?rest_route=\/wp\/v2\/media\/23964"}],"wp:attachment":[{"href":"https:\/\/akdenizolaygazetesi.com\/index.php?rest_route=%2Fwp%2Fv2%2Fmedia&parent=23963"}],"wp:term":[{"taxonomy":"category","embeddable":true,"href":"https:\/\/akdenizolaygazetesi.com\/index.php?rest_route=%2Fwp%2Fv2%2Fcategories&post=23963"},{"taxonomy":"post_tag","embeddable":true,"href":"https:\/\/akdenizolaygazetesi.com\/index.php?rest_route=%2Fwp%2Fv2%2Ftags&post=23963"}],"curies":[{"name":"wp","href":"https:\/\/api.w.org\/{rel}","templated":true}]}}