{"id":23966,"date":"2023-02-06T16:29:25","date_gmt":"2023-02-06T13:29:25","guid":{"rendered":"http:\/\/akdenizolaygazetesi.com\/?p=23966"},"modified":"2023-02-06T16:29:25","modified_gmt":"2023-02-06T13:29:25","slug":"buyuksehir-yaralarin-sarilmasi-icin-tum-imkanlarini-seferber-etti","status":"publish","type":"post","link":"https:\/\/akdenizolaygazetesi.com\/?p=23966","title":{"rendered":"B\u00dcY\u00dcK\u015eEH\u0130R YARALARIN SARILMASI \u0130\u00c7\u0130N T\u00dcM \u0130MK\u00c2NLARINI SEFERBER ETT\u0130"},"content":{"rendered":"<p>Mersin B\u00fcy\u00fck\u015fehir Belediye Ba\u015fkan\u0131 Vahap Se\u00e7er, merkez \u00fcss\u00fc Kahramanmara\u015f&#8217;\u0131n Pazarc\u0131k il\u00e7esi olan 7,4 b\u00fcy\u00fckl\u00fc\u011f\u00fcndeki deprem sonras\u0131nda depremzedeler i\u00e7in belediyenin t\u00fcm imk\u00e2nlar\u0131n\u0131n seferber edildi\u011fini s\u00f6yledi.<br \/>\nMersin&#8217;de de hissedilen depremin kentte yaralanma veya \u00f6l\u00fcme sebebiyet vermedi\u011finin belirlenmesinin ard\u0131ndan, hemen \u00e7evre iller ile irtibata ge\u00e7tiklerini aktaran Ba\u015fkan Se\u00e7er, sabah\u0131n erken saatlerinden itibaren ekiplerin depremden zarar g\u00f6ren il ve il\u00e7elere yard\u0131m etmek i\u00e7in yola \u00e7\u0131kt\u0131klar\u0131n\u0131 s\u00f6yledi.<br \/>\n&#8220;Gere\u011fini yapt\u0131k ve yapmaya da devam edece\u011fiz&#8221;<br \/>\nEkiplerin en k\u0131sa s\u00fcrede yola \u00e7\u0131kt\u0131\u011f\u0131n\u0131 s\u00f6yleyen Ba\u015fkan Se\u00e7er, &#8220;Dikkatimiz orada. Sabah erken saatlerde bizim arkada\u015flar\u0131m\u0131z AFAD&#8217;la s\u00fcrekli irtibat halindeydi ama di\u011fer taraftan da Partimizin Genel Ba\u015fkan\u0131 Say\u0131n Kemal K\u0131l\u0131\u00e7daro\u011flu direkt bizlerle g\u00f6r\u00fc\u015fme sa\u011flad\u0131 ve a\u011f\u0131r hasar g\u00f6ren b\u00f6lgelere derhal yard\u0131m ula\u015ft\u0131rmam\u0131z konusunda, katk\u0131 sunmam\u0131z konusunda bizleri talimatland\u0131rd\u0131. Bizim de zaten haz\u0131rl\u0131\u011f\u0131m\u0131z vard\u0131, hatta yola \u00e7\u0131kmak \u00fczereydi. Onlar\u0131n da talimatlar\u0131 do\u011frultusunda biz gere\u011fini yapt\u0131k ve yapmaya da devam edece\u011fiz&#8221; dedi.<br \/>\n&#8220;As\u0131l \u00f6nemli olan bu s\u00fcrecin iyi sevk ve idare edilmesi&#8221;<br \/>\nHasar\u0131n geni\u015f bir alana yay\u0131ld\u0131\u011f\u0131n\u0131 ifade eden Ba\u015fkan Se\u00e7er, &#8220;\u00d6zellikle k\u0131rsal b\u00f6lgelerde tablonun ne olaca\u011f\u0131 konusunda endi\u015felerimiz var. Umar\u0131z en az hasarla, en az can kayb\u0131yla bu badireyi hep beraber atlat\u0131r\u0131z ama burada as\u0131l \u00f6nemli olan bu s\u00fcrecin iyi sevk ve idare edilmesi. Tamam, ekiplerimiz afet b\u00f6lgesine gidiyor, insan kaynaklar\u0131m\u0131z\u0131, iyi e\u011fitilmi\u015f arama kurtarma ekiplerimizi, ara\u00e7, gere\u00e7, i\u015f makinesi, g\u0131da, battaniye g\u00f6nderiyoruz. Her \u015fey tamam ama bunlar\u0131n organizasyonu, sevk ve idaresi \u00e7ok \u00f6nemli&#8221; ifadelerine yer verdi.<br \/>\n&#8220;Biz AFAD&#8217;la s\u00fcrekli temas halindeyiz&#8221;<br \/>\nBa\u015fkan Se\u00e7er, deprem gibi afet an\u0131nda farkl\u0131 bir\u00e7ok kurum ve kurulu\u015flar\u0131n koordinasyon ve organizasyon noktas\u0131nda ya\u015fad\u0131\u011f\u0131 aksakl\u0131klar\u0131n sorulmas\u0131 \u00fczerine ise, &#8220;Burada zaten parti ayr\u0131m\u0131 yapmak, d\u00fc\u015f\u00fcnmek s\u00f6z konusu de\u011fil. Burada \u00f6nemli olan devletin b\u00fct\u00fcn kurumlar\u0131n\u0131n i\u015f birli\u011fi. Neticede burada parti, merkezi y\u00f6netim, yerel y\u00f6netim ayr\u0131m\u0131 olmadan bunun i\u015f birli\u011fi halinde y\u00fcr\u00fct\u00fclmesi gerekiyor. Biz AFAD&#8217;la s\u00fcrekli temas halindeyiz. Onlar\u0131n bizden talebi, y\u00f6nlendirmeleri bizim i\u00e7in \u00e7ok \u00f6nemli. Biz de istiyoruz ki bu yard\u0131mlar\u0131 ula\u015ft\u0131r\u0131rken ne yapt\u0131\u011f\u0131m\u0131z\u0131 bilelim, birbirimizin aya\u011f\u0131na dola\u015fmas\u0131n. Bu sefer yard\u0131m yapal\u0131m ya da h\u0131zl\u0131 fayda sa\u011flayal\u0131m derken bu zarara d\u00f6n\u00fc\u015febilir. B\u00f6yle de bir tabloyla kar\u015f\u0131la\u015f\u0131labilir. Daha \u00f6nceki afetler de bu tabloyu g\u00f6rd\u00fck maalesef. Umut ediyorum b\u00f6yle tablolarla kar\u015f\u0131la\u015fmay\u0131z ve hep beraber i\u015f birli\u011fi i\u00e7erisinde bu yaralar\u0131 sarar\u0131z&#8221; diye konu\u015ftu.<br \/>\n&#8220;\u00c7evre illerden vatanda\u015flar\u0131n Mersin&#8217;de misafir edilmesi konusunda \u00f6n haz\u0131rl\u0131k yap\u0131yoruz&#8221;<br \/>\nHava \u015fartlar\u0131ndan dolay\u0131 bar\u0131nma ve g\u0131da temini konusunda s\u0131k\u0131nt\u0131 ya\u015fanabilece\u011fini ifade eden Ba\u015fkan Se\u00e7er, &#8220;Bu \u00e7ok net g\u00f6r\u00fcnen bir durum. \u00d6zellikle o b\u00f6lgelerde belki s\u00fcratle \u00e7ad\u0131r kurulamaz, insanlar kapal\u0131 bir alana ba\u015flar\u0131n\u0131n sokulmas\u0131 sa\u011flanamaz ama biz \u015f\u00f6yle de bir tedbir ald\u0131k; burada misafirhanelerimiz hatta otellerimizle arkada\u015flar\u0131m\u0131z\u0131n g\u00f6r\u00fc\u015fmesi y\u00f6n\u00fcnde talimat verdim. Bize yak\u0131n olan ve yo\u011fun hasar alan b\u00f6lgelerin ba\u015f\u0131nda Mara\u015f ve Hatay geliyor. \u00d6zellikle Mara\u015f&#8217;tan, k\u0131rsal b\u00f6lgelerinden vatanda\u015flar\u0131n buraya nakledilmesi konusunda, ge\u00e7ici olarak misafir edilmeleri konusunda da bir \u00f6n haz\u0131rl\u0131k yap\u0131yoruz&#8221; dedi.<br \/>\n&#8220;\u0130\u015fbirli\u011fi halinde bu s\u00fcreci y\u00fcr\u00fctmeye gayret ettik&#8221;<br \/>\nKendisine ula\u015fan bilgiler \u0131\u015f\u0131\u011f\u0131nda Mersin&#8217;de ciddi bir hasar\u0131n s\u00f6z konusu olmad\u0131\u011f\u0131 bilgisini de payla\u015fan Ba\u015fkan Se\u00e7er \u015funlar\u0131 kaydetti:<br \/>\n&#8220;Mutlaka muhtelif, sorunlu binalarda \u00e7atlamalar olabilir. Can kayb\u0131m\u0131z da yok. Zaten merkez \u00fcss\u00fcne uzak bir noktada say\u0131l\u0131r\u0131z ama hissetti\u011fimiz deprem son derece g\u00fc\u00e7l\u00fc bir deprem oldu. \u00c7ok netti. Ben o saatlerde zaten uyan\u0131kt\u0131m ve bunu ya\u015fad\u0131m. Yani 1,5 dakika s\u00fcren bir sars\u0131nt\u0131 ile uyand\u0131 vatanda\u015flar\u0131m\u0131z. Zaten sars\u0131nt\u0131 an\u0131 itibariyle de olaya do\u011fal olarak m\u00fcdahil olduk Belediye olarak. Arkada\u015flar\u0131m\u0131z AFAD ile de temasa ge\u00e7tiler. \u0130\u015fbirli\u011fi halinde bu s\u00fcreci y\u00fcr\u00fctmeye gayret ettik. Hava ya\u011f\u0131\u015fl\u0131 ve so\u011fuk. Bu olumsuz bir durum. Tesislerimizi, deprem riski ta\u015f\u0131mayan yerleri, tek katl\u0131 spor alanlar\u0131n\u0131 a\u00e7t\u0131k, vatanda\u015flar\u0131m\u0131z\u0131 oraya davet ettik. Toplanma alanlar\u0131na da su ve s\u0131cak \u00e7orbay\u0131 arkada\u015flar\u0131m\u0131z zaman yitirmeden ula\u015ft\u0131rd\u0131lar.&#8221;<br \/>\n&#8220;Kendi b\u00f6lgemizde mevcut durum \u00e7er\u00e7evesinde g\u00f6revimizi yerine getiriyoruz&#8221;<br \/>\nB\u00fcy\u00fck\u015fehir ekiplerinin \u00e7ok h\u0131zl\u0131 bir \u015fekilde organize olarak depremin y\u0131k\u0131c\u0131 etkisinin ya\u015fand\u0131\u011f\u0131 Kahramanmara\u015f, Adana, Malatya, Antakya ve Ad\u0131yaman&#8217;a destek i\u00e7in yola \u00e7\u0131kt\u0131\u011f\u0131n\u0131 da s\u00f6zlerine ekleyen Ba\u015fkan Se\u00e7er &#8220;Depremin ard\u0131ndan hemen arkada\u015flar\u0131mla g\u00f6r\u00fc\u015ft\u00fcm; &#8216;Ekiplerimiz haz\u0131r olsun, di\u011fer b\u00f6lgelerde hasar g\u00f6r\u00fcn\u00fcyor&#8217; diye. Hemen haz\u0131r oldular. \u0130lk etapta 95 personel, 35 ara\u00e7, 1 Mobil Mutfak, 1 Mobil WC; Hatay, Pazarc\u0131k, Ad\u0131yaman, Malatya, Adana; o b\u00f6lgelere gittiler. Hatta arama-kurtarma \u00e7al\u0131\u015fmalar\u0131na da ba\u015flad\u0131lar. Bizim ilk ara\u00e7lar\u0131m\u0131z saat 06.30&#8217;da \u00e7\u0131kt\u0131. Yang\u0131n olaylar\u0131 da oldu. K\u0131r\u0131khan yard\u0131m istedi. B\u00fcy\u00fck bir do\u011falgaz patlamas\u0131 vard\u0131, yang\u0131n vard\u0131, \u0130tfaiye ekiplerimiz oraya gitti sabah \u00e7ok erken saatlerde. Depremin hemen ard\u0131ndan. Yine Adana&#8217;da b\u00fcy\u00fck bir sentetik elyaf fabrikas\u0131nda yang\u0131n vard\u0131, oraya m\u00fcdahale ettiler. Adana \u0130tfaiyesi ile beraber kontrol alt\u0131na ald\u0131rlar yang\u0131n\u0131. O saatten beri zaten ayaktay\u0131z ve Mersin B\u00fcy\u00fck\u015fehir Belediyesi olarak kendi b\u00f6lgemizde, mevcut durum \u00e7er\u00e7evesinde, g\u00f6revimizi yerine getiriyoruz. Ama kom\u015fu illerimizde \u00e7ok ciddi hasar, \u00e7ok ciddi sorunlar var. Arkada\u015flar\u0131m\u0131z takviye ekipleri de zaten haz\u0131r ediyorlar. \u0130\u015f makinesi, kamyon ve yo\u011fun bir yiyecek, i\u00e7ecek, bar\u0131nma yeri, \u00e7ad\u0131r, battaniye ihtiyac\u0131 var. Onlar\u0131 kar\u015f\u0131lamak i\u00e7in \u015fu anda \u00e7al\u0131\u015fmalar\u0131n\u0131 s\u00fcrd\u00fcr\u00fcyorlar&#8221; ifadelerini kulland\u0131.<\/p>\n","protected":false},"excerpt":{"rendered":"<p>Mersin B\u00fcy\u00fck\u015fehir Belediye Ba\u015fkan\u0131 Vahap Se\u00e7er, merkez \u00fcss\u00fc Kahramanmara\u015f&#8217;\u0131n Pazarc\u0131k il\u00e7esi olan 7,4 b\u00fcy\u00fckl\u00fc\u011f\u00fcndeki deprem sonras\u0131nda depremzedeler i\u00e7in belediyenin t\u00fcm imk\u00e2nlar\u0131n\u0131n seferber edildi\u011fini s\u00f6yledi. Mersin&#8217;de de hissedilen depremin kentte yaralanma &hellip; <a href=\"https:\/\/akdenizolaygazetesi.com\/?p=23966\" class=\"more-link\">Devam\u0131n\u0131 Oku&#8230;<\/a><\/p>\n","protected":false},"author":2,"featured_media":23967,"comment_status":"open","ping_status":"open","sticky":false,"template":"","format":"standard","meta":[],"categories":[2,3,5],"tags":[],"_links":{"self":[{"href":"https:\/\/akdenizolaygazetesi.com\/index.php?rest_route=\/wp\/v2\/posts\/23966"}],"collection":[{"href":"https:\/\/akdenizolaygazetesi.com\/index.php?rest_route=\/wp\/v2\/posts"}],"about":[{"href":"https:\/\/akdenizolaygazetesi.com\/index.php?rest_route=\/wp\/v2\/types\/post"}],"author":[{"embeddable":true,"href":"https:\/\/akdenizolaygazetesi.com\/index.php?rest_route=\/wp\/v2\/users\/2"}],"replies":[{"embeddable":true,"href":"https:\/\/akdenizolaygazetesi.com\/index.php?rest_route=%2Fwp%2Fv2%2Fcomments&post=23966"}],"version-history":[{"count":1,"href":"https:\/\/akdenizolaygazetesi.com\/index.php?rest_route=\/wp\/v2\/posts\/23966\/revisions"}],"predecessor-version":[{"id":23968,"href":"https:\/\/akdenizolaygazetesi.com\/index.php?rest_route=\/wp\/v2\/posts\/23966\/revisions\/23968"}],"wp:featuredmedia":[{"embeddable":true,"href":"https:\/\/akdenizolaygazetesi.com\/index.php?rest_route=\/wp\/v2\/media\/23967"}],"wp:attachment":[{"href":"https:\/\/akdenizolaygazetesi.com\/index.php?rest_route=%2Fwp%2Fv2%2Fmedia&parent=23966"}],"wp:term":[{"taxonomy":"category","embeddable":true,"href":"https:\/\/akdenizolaygazetesi.com\/index.php?rest_route=%2Fwp%2Fv2%2Fcategories&post=23966"},{"taxonomy":"post_tag","embeddable":true,"href":"https:\/\/akdenizolaygazetesi.com\/index.php?rest_route=%2Fwp%2Fv2%2Ftags&post=23966"}],"curies":[{"name":"wp","href":"https:\/\/api.w.org\/{rel}","templated":true}]}}