{"id":23969,"date":"2023-02-06T16:31:14","date_gmt":"2023-02-06T13:31:14","guid":{"rendered":"http:\/\/akdenizolaygazetesi.com\/?p=23969"},"modified":"2023-02-06T16:31:14","modified_gmt":"2023-02-06T13:31:14","slug":"vatandaslara-sicak-corba-ikram-edildi","status":"publish","type":"post","link":"https:\/\/akdenizolaygazetesi.com\/?p=23969","title":{"rendered":"&#8220;Vatanda\u015flara S\u0131cak \u00c7orba \u0130kram Edildi&#8221;"},"content":{"rendered":"<p>Toroslar Belediyesi, merkez \u00fcss\u00fc Kahramanmara\u015f&#8217;\u0131n Pazarc\u0131k il\u00e7esi olan ve Mersin olmak \u00fczere 10 ili etkileyen 7.7 b\u00fcy\u00fckl\u00fc\u011f\u00fcndeki depremin ard\u0131ndan harekete ge\u00e7ti.<\/p>\n<p>Depremden etkilenen vatanda\u015flar\u0131n can g\u00fcvenli\u011fini korumak ve so\u011fuk havadan etkilenmemelerini sa\u011flamak amac\u0131yla hizmet binalar\u0131n\u0131 ve tesislerini vatanda\u015flara a\u00e7an belediye, deprem sonras\u0131 evlerine giremeyen vatanda\u015flara s\u0131cak \u00e7orba ikram\u0131nda bulundu.<\/p>\n<p>Haz\u0131rlanan s\u0131cak \u00e7orbalar, ana hizmet binas\u0131 \u00f6n\u00fc ve belirlenen muhtelif noktalar\u0131n yan\u0131 s\u0131ra sokakta ve arabalar\u0131nda bekleyen vatanda\u015flara ula\u015ft\u0131r\u0131ld\u0131.<\/p>\n<p>&#8220;Afet B\u00f6lgesine Yard\u0131m Kampanyas\u0131 Ba\u015flat\u0131ld\u0131&#8221;<\/p>\n<p>Toroslar Belediyesi, afet b\u00f6lgesine ula\u015ft\u0131rmak \u00fczere yard\u0131m kampanyas\u0131 da ba\u015flatt\u0131. Yard\u0131mlar, Yunus Emre K\u00fclt\u00fcr Merkezi&#8217;nde toplan\u0131yor.<\/p>\n<p>Yard\u0131mda bulunmak isteyen vatanda\u015flar; Battaniye, \u0131s\u0131t\u0131c\u0131, haz\u0131r g\u0131da, bebek bezi, hasta bezi, hijyen malzemesi, tuvalet ka\u011f\u0131d\u0131, bere, eldiven, uyku tulumu (\u00e7ocuk), uzay battaniye, cep \u0131s\u0131t\u0131c\u0131s\u0131, sentetik i\u00e7lik (bebek-\u00e7ocuk), eldiven (k\u0131\u015fl\u0131k), polar ara katman, k\u0131\u015fl\u0131k bot gibi temel ihtiya\u00e7 malzemelerini Halkkent Mahallesi&#8217;nde bulunan Toroslar Belediyesi Yunus Emre K\u00fclt\u00fcr Merkezi&#8217;ne iletebilirler.<\/p>\n<p>Ba\u015fkan Y\u0131lmaz; &#8220;Ge\u00e7mi\u015f olsun T\u00fcrkiye!&#8221;<\/p>\n<p>Toroslar Belediye Ba\u015fkan\u0131 Ats\u0131z Af\u015f\u0131n Y\u0131lmaz; &#8220;Bu zor g\u00fcnleri hep birlikte dayan\u0131\u015fma ile atlataca\u011f\u0131z&#8221; dedi.<\/p>\n<p>Merkez \u00fcss\u00fc Kahramanmara\u015f&#8217;ta meydana gelen, Mersin olmak \u00fcze \u00e7evre illerde de ya\u015fanan depremden dolay\u0131 \u00e7ok b\u00fcy\u00fck \u00fcz\u00fcnt\u00fc duyduklar\u0131n\u0131 belirten Ba\u015fkan Y\u0131lmaz, depremden etkilenen ve yard\u0131m kampanyas\u0131na kat\u0131lmak isteyen vatanda\u015flar\u0131n Belediyenin 0324 322 72 00 numaral\u0131 telefonundan Afet Masas\u0131na ula\u015fabileceklerini de s\u00f6yledi.<\/p>\n<p>&#8220;Depremden etkilenen \u00e7evre illerimizdeki afet b\u00f6lgelerine, gerekli ihtiya\u00e7 malzemelerini g\u00f6nderiyoruz&#8221; diyen Ba\u015fkan Y\u0131lmaz; &#8220;Depremde hayat\u0131n\u0131 kaybeden vatanda\u015flar\u0131m\u0131za Allah&#8217;tan rahmet, yaral\u0131lar\u0131m\u0131za acil \u015fifalar diliyorum. G\u00fcn, yaralar\u0131m\u0131z\u0131 birlikte sarman\u0131n, yard\u0131mla\u015fma ve dayan\u0131\u015fman\u0131n g\u00fcn\u00fcd\u00fcr. Toroslar Belediyesi olarak t\u00fcm ekiplerimizi seferber ettik. Depremden etkilenen vatanda\u015flar\u0131m\u0131z\u0131n yan\u0131nday\u0131z&#8221; \u015feklinde konu\u015ftu.<\/p>\n","protected":false},"excerpt":{"rendered":"<p>Toroslar Belediyesi, merkez \u00fcss\u00fc Kahramanmara\u015f&#8217;\u0131n Pazarc\u0131k il\u00e7esi olan ve Mersin olmak \u00fczere 10 ili etkileyen 7.7 b\u00fcy\u00fckl\u00fc\u011f\u00fcndeki depremin ard\u0131ndan harekete ge\u00e7ti. Depremden etkilenen vatanda\u015flar\u0131n can g\u00fcvenli\u011fini korumak ve so\u011fuk havadan &hellip; <a href=\"https:\/\/akdenizolaygazetesi.com\/?p=23969\" class=\"more-link\">Devam\u0131n\u0131 Oku&#8230;<\/a><\/p>\n","protected":false},"author":2,"featured_media":23970,"comment_status":"open","ping_status":"open","sticky":false,"template":"","format":"standard","meta":[],"categories":[1,2,3,5],"tags":[],"_links":{"self":[{"href":"https:\/\/akdenizolaygazetesi.com\/index.php?rest_route=\/wp\/v2\/posts\/23969"}],"collection":[{"href":"https:\/\/akdenizolaygazetesi.com\/index.php?rest_route=\/wp\/v2\/posts"}],"about":[{"href":"https:\/\/akdenizolaygazetesi.com\/index.php?rest_route=\/wp\/v2\/types\/post"}],"author":[{"embeddable":true,"href":"https:\/\/akdenizolaygazetesi.com\/index.php?rest_route=\/wp\/v2\/users\/2"}],"replies":[{"embeddable":true,"href":"https:\/\/akdenizolaygazetesi.com\/index.php?rest_route=%2Fwp%2Fv2%2Fcomments&post=23969"}],"version-history":[{"count":1,"href":"https:\/\/akdenizolaygazetesi.com\/index.php?rest_route=\/wp\/v2\/posts\/23969\/revisions"}],"predecessor-version":[{"id":23971,"href":"https:\/\/akdenizolaygazetesi.com\/index.php?rest_route=\/wp\/v2\/posts\/23969\/revisions\/23971"}],"wp:featuredmedia":[{"embeddable":true,"href":"https:\/\/akdenizolaygazetesi.com\/index.php?rest_route=\/wp\/v2\/media\/23970"}],"wp:attachment":[{"href":"https:\/\/akdenizolaygazetesi.com\/index.php?rest_route=%2Fwp%2Fv2%2Fmedia&parent=23969"}],"wp:term":[{"taxonomy":"category","embeddable":true,"href":"https:\/\/akdenizolaygazetesi.com\/index.php?rest_route=%2Fwp%2Fv2%2Fcategories&post=23969"},{"taxonomy":"post_tag","embeddable":true,"href":"https:\/\/akdenizolaygazetesi.com\/index.php?rest_route=%2Fwp%2Fv2%2Ftags&post=23969"}],"curies":[{"name":"wp","href":"https:\/\/api.w.org\/{rel}","templated":true}]}}