{"id":23972,"date":"2023-02-07T12:12:51","date_gmt":"2023-02-07T09:12:51","guid":{"rendered":"http:\/\/akdenizolaygazetesi.com\/?p=23972"},"modified":"2023-02-07T12:12:51","modified_gmt":"2023-02-07T09:12:51","slug":"baskan-secer-ulusca-bu-badireyi-hep-birlikte-atlatacagimiza-inancim-tamdir","status":"publish","type":"post","link":"https:\/\/akdenizolaygazetesi.com\/?p=23972","title":{"rendered":"BA\u015eKAN SE\u00c7ER: &#8220;ULUS\u00c7A BU BAD\u0130REY\u0130 HEP B\u0130RL\u0130KTE ATLATACA\u011eIMIZA \u0130NANCIM TAMDIR&#8221;"},"content":{"rendered":"<p>T\u00fcm T\u00fcrkiye&#8217;nin yan\u0131 s\u0131ra d\u00fcnyan\u0131n da g\u00f6zya\u015flar\u0131 ile takip etti\u011fi Kahramanmara\u015f depremlerinin ard\u0131ndan bir taraftan enkaz alt\u0131nda kalanlar\u0131 arama \u00e7al\u0131\u015fmalar\u0131 s\u00fcrerken, di\u011fer taraftan ise yaralar sar\u0131lmaya devam ediliyor.<\/p>\n<p>Mersin B\u00fcy\u00fck\u015fehir Belediyesi de t\u00fcm ekip ve ekipmanlar\u0131 ile depremin ac\u0131 bilan\u00e7osunun hissedildi\u011fi il ve il\u00e7elerde arama kurtarma \u00e7al\u0131\u015fmalar\u0131na destek, g\u00f6z\u00fc ya\u015fl\u0131 vatanda\u015flara omuz vermeye devam ediyor.  Ba\u015fkan Se\u00e7er, Macit \u00d6zcan Spor Tesisleri i\u00e7inde olu\u015fturulan Kriz Masas\u0131&#8217;na giderek belediye ve MESK\u0130 y\u00f6neticilerinden son geli\u015fmeler hakk\u0131nda bilgi ald\u0131.<\/p>\n<p>&#8220;Belediye olarak her t\u00fcrl\u00fc deste\u011fi veriyoruz&#8221;<br \/>\nB\u00fcrokratlar\u0131 ile yapt\u0131\u011f\u0131 toplant\u0131n\u0131n ard\u0131ndan bir a\u00e7\u0131klama yapan Ba\u015fkan Se\u00e7er &#8220;Enkaz alt\u0131nda kurtar\u0131lmay\u0131 bekleyen vatanda\u015flar\u0131m\u0131z\u0131n kurtar\u0131lmas\u0131 i\u00e7in seferber olan kurumlar\u0131m\u0131z ile birlikte belediye olarak biz de her t\u00fcrl\u00fc deste\u011fi veriyoruz. \u0130limizde \u015fu ana kadar ciddi bir hasar ve can kayb\u0131 olmam\u0131\u015ft\u0131r. Ancak art\u00e7\u0131 depremlerin devam etmesi korku ve pani\u011fe neden olmakta hasarl\u0131 ve risk ta\u015f\u0131yan binalarda tehlike olu\u015fturmaktad\u0131r. Bu sebeple vatanda\u015flar\u0131m\u0131z\u0131n bu tip binalarda kalmamalar\u0131n\u0131, g\u00f6sterilen en yak\u0131n alanlar\u0131na gitmelerini istiyoruz&#8221; dedi.<\/p>\n<p>\u0130l genelinde 34 noktada yer alan toplanma alanlar\u0131 ve tesislerde vatanda\u015flara s\u0131cak \u00e7orba -ekmek, \u00e7ay ve su ikram\u0131 yap\u0131ld\u0131\u011f\u0131n\u0131 ifade eden Ba\u015fkan Se\u00e7er, ihtiyaca g\u00f6re yeni toplanma alanlar\u0131n\u0131n da ilave edilece\u011fini s\u00f6yledi.<\/p>\n<p>&#8220;Ekiplerimiz aral\u0131ks\u0131z \u00e7al\u0131\u015fmaktad\u0131r&#8221;<br \/>\n\u015eiddetli depremin ya\u015fand\u0131\u011f\u0131 Hatay, Kahramanmara\u015f, Ad\u0131yaman ve Malatya illerinde toplam 154 personel, 65 ara\u00e7, 39 i\u015f makinas\u0131, 1 mobil mutfak, 2 mobil WC ile birlikte; battaniye, g\u0131da malzemeleri, bebek ihtiya\u00e7 malzemeleri, yemek ve su gibi temel ihtiya\u00e7 maddelerinin g\u00f6nderildi\u011fini belirten Ba\u015fkan Se\u00e7er &#8220;Ekiplerimiz ula\u015ft\u0131klar\u0131 yerlerde sabah saatlerinden bu yana arama kurtarma \u00e7al\u0131\u015fmalar\u0131na ba\u015flam\u0131\u015f olup \u00e7al\u0131\u015fmalar aral\u0131ks\u0131z devam etmektedir. T\u00fcm bu \u00e7al\u0131\u015fmalar\u0131 ilgili kurum ve kurulu\u015flarla i\u015fbirli\u011fi yaparak s\u00fcrd\u00fcrmekteyiz&#8221; ifadelerini kulland\u0131.<\/p>\n<p>&#8220;Ulus\u00e7a bu badireyi hep birlikte atlataca\u011f\u0131m\u0131za inanc\u0131m tamd\u0131r&#8221;<br \/>\nDeprem b\u00f6lgesine destek vermek isteyen Mersinlilerden yo\u011fun telefon ald\u0131klar\u0131n\u0131 da s\u00f6zlerine ekleyen Ba\u015fkan Se\u00e7er vatanda\u015flara \u00e7a\u011fr\u0131da bulunarak &#8220;Yapaca\u011f\u0131n\u0131z destekleri Teksin Alo 185 hatt\u0131 \u00fczerinden bilgi alarak iletebilirsiniz. Ayr\u0131ca ana arterlerimizdeki hatlar\u0131m\u0131zda toplu ta\u015f\u0131ma hizmetlerimiz 24 saat devam edecektir. Tekrar t\u00fcm vatanda\u015flar\u0131m\u0131za ge\u00e7mi\u015f olsun dileklerimizi iletiyor, vefat edenlere Allah&#8217;tan rahmet, yaral\u0131lara acil \u015fifalar, enkaz alt\u0131ndaki vatanda\u015flar\u0131m\u0131z\u0131n \u00e7\u0131kar\u0131lmas\u0131 i\u00e7in canla ba\u015fla \u00e7al\u0131\u015fan g\u00f6revlilere kolayl\u0131klar diliyorum. Birlik ve beraberlik i\u00e7erisinde ulus\u00e7a bu badireyi hep birlikte atlataca\u011f\u0131m\u0131za inanc\u0131m tamd\u0131r&#8221; dedi.<\/p>\n<p>B\u00fcy\u00fck\u015fehir olarak belirledikleri toplanma alanlar\u0131nda \u00e7ad\u0131r kurma \u00e7al\u0131\u015fmalar\u0131n\u0131n da devam etti\u011fini kaydeden Ba\u015fkan Se\u00e7er ayr\u0131ca Mersin B\u00fcy\u00fck\u015fehir Belediyesi&#8217;ne ait kurumlarda g\u00f6revli personellerden, hamile ve engelli kamu g\u00f6revlileri ile 10 ya\u015f ve alt\u0131 \u00e7ocuk sahibi olan kad\u0131n personellerin 6 \u015eubat 2023 pazartesi g\u00fcn\u00fcnden itibaren 5 g\u00fcn s\u00fcre ile idari izinli olduklar\u0131n\u0131 a\u00e7\u0131klad\u0131.<\/p>\n<p>Mersin B\u00fcy\u00fck\u015fehir Belediyesi taraf\u0131ndan \u00e7ad\u0131r kurulan mahalleler;<\/p>\n<p>Mersin Merkez; Macit \u00d6zcan Spor Kompleksi, Forum, Mezitli Opet Arkas\u0131 Pazar yeri, Ortado\u011fu Hastanesi, Toros Devlet Hastanesi, Alsancak Mahallesi, \u015eehir Hastanesi, Bar\u0131\u015f Mahallesi,50. Y\u0131l Mahallesi, Mevlana Mahallesi, Bah\u00e7e Mahallesi, \u00c7ilek Mahallesi G\u00fcney Ortaokulu, \u015eevket S\u00fcmer Mahallesi, Mente\u015f Mahallesi Muhtarl\u0131k yan\u0131, G\u00fcneykent Mahallesi Sosyal Ya\u015fam Merkezi, Yal\u0131nayak Mahallesi Cumhuriyet Meydan\u0131, Mezitli Kapal\u0131 Per\u015fembe Pazar\u0131, Cami\u015ferif Mahallesi, Toroslar Mahallesi Muhtarl\u0131k Yan\u0131, G\u00fcvenevler Sitesi, Bat\u0131kent Mahallesi, Kurdali Mahallesi, Sa\u011fl\u0131k Mahallesi Adnan Kahveci Park\u0131, Mezitli Mezarl\u0131k yolu,<br \/>\nKaraduvar Mahallesi, \u00c7ankaya Mahallesi, Akkent Mahallesi, Turgut Reis Mahallesi, 75. Y\u0131l Mahallesi Mezitli, Arpa\u00e7sakarlar Mahallesi, Deniz Mahallesi Gazipa\u015fa Caddesi, E\u011fri\u00e7am Mahallesi, Mithat Toro\u011flu Mahallesi, G\u00fcne\u015f Mahallesi 5 bin 819 Sokak, Akbelen Mahallesi S. \u00c7akmako\u011flu Ortaokulu.<\/p>\n<p>Tarsus; \u0130smet Pa\u015fa Mahallesi Baca \u00d6n\u00fc, Dua Tepe Mahallesi K\u00f6yl\u00fc Garaj\u0131, An\u0131t Mahallesi Pazar Yeri, 82 Evler Mahallesi Yeni Hastane Bah\u00e7esi, Ye\u015filyurt Mahallesi Pir Sultan Abdal Park\u0131, Gaziler Mahallesi 1874 Sokak, \u00d6\u011fretmenler Mahallesi CarrefourSa Kar\u015f\u0131s\u0131, Atat\u00fcrk Mahallesi, \u00c7a\u011flayan Mahallesi.<\/p>\n<p>Erdemli; Merkez Mahallesi kermes alan\u0131, Erdemli Saim G\u00f6k\u00fc\u015f Park\u0131, Karg\u0131p\u0131nar\u0131 Atat\u00fcrk Park\u0131 &#8211; Anadolu Lisesi yan\u0131, B\u00fcy\u00fck\u015fehir Belediyesi \u015eantiyesi -Toki yan\u0131. <\/p>\n<p>Silifke; Demokrasi Park\u0131 \u0130lhan Akg\u00fcn Caddesi, Mukaddem Mahallesi kapal\u0131 pazar yan\u0131, Silifke \u015eehir Stadyumu, Atakent An\u0131rtma Tesisi yan\u0131 futbol sahas\u0131.<\/p>\n<p>Mut; B\u00fcy\u00fck\u015fehir \u015eantiyesi, Kapal\u0131 Spor Salonu, Cumhuriyet Meydan\u0131, K\u00fclt\u00fcr Mahallesi Park\u0131, Do\u011fanc\u0131 Mahallesi Park\u0131, G\u00fcll\u00fck Mahallesi Park\u0131, Meydan Mahallesi Sevgi Park\u0131, Adliye Binas\u0131 Arkas\u0131ndaki Alan.<\/p>\n<p>Mersin B\u00fcy\u00fck\u015fehir Belediyesi taraf\u0131ndan toplanma alan\u0131 olarak kullan\u0131ma a\u00e7\u0131lan tesisler ise \u015f\u00f6yle;<\/p>\n<p>Yeni\u015fehir Macit \u00d6zcan Spor Tesisleri,  Yeni\u015fehir Kapal\u0131 Spor Salonu, Yeni\u015fehir Pazar Yeri, Toroslar Ata E\u011fitim Merkezi, Toroslar Halkkent Sosyal Ya\u015fam Merkezi,  Toroslar Toplu Ta\u015f\u0131ma Yerle\u015fkesi, Akdeniz Hal Mahallesi Sosyal Ya\u015fam Merkezi, Akdeniz T\u0131rm\u0131l Mesleki E\u011fitim Merkezi, Mezitli- Yeni\u015fehir K\u00fclt\u00fcr Park \u0130\u00e7i Belediyeye ait t\u00fcm kafeler.<\/p>\n","protected":false},"excerpt":{"rendered":"<p>T\u00fcm T\u00fcrkiye&#8217;nin yan\u0131 s\u0131ra d\u00fcnyan\u0131n da g\u00f6zya\u015flar\u0131 ile takip etti\u011fi Kahramanmara\u015f depremlerinin ard\u0131ndan bir taraftan enkaz alt\u0131nda kalanlar\u0131 arama \u00e7al\u0131\u015fmalar\u0131 s\u00fcrerken, di\u011fer taraftan ise yaralar sar\u0131lmaya devam ediliyor. Mersin B\u00fcy\u00fck\u015fehir &hellip; <a href=\"https:\/\/akdenizolaygazetesi.com\/?p=23972\" class=\"more-link\">Devam\u0131n\u0131 Oku&#8230;<\/a><\/p>\n","protected":false},"author":2,"featured_media":23973,"comment_status":"open","ping_status":"open","sticky":false,"template":"","format":"standard","meta":[],"categories":[34,1,2,3],"tags":[],"_links":{"self":[{"href":"https:\/\/akdenizolaygazetesi.com\/index.php?rest_route=\/wp\/v2\/posts\/23972"}],"collection":[{"href":"https:\/\/akdenizolaygazetesi.com\/index.php?rest_route=\/wp\/v2\/posts"}],"about":[{"href":"https:\/\/akdenizolaygazetesi.com\/index.php?rest_route=\/wp\/v2\/types\/post"}],"author":[{"embeddable":true,"href":"https:\/\/akdenizolaygazetesi.com\/index.php?rest_route=\/wp\/v2\/users\/2"}],"replies":[{"embeddable":true,"href":"https:\/\/akdenizolaygazetesi.com\/index.php?rest_route=%2Fwp%2Fv2%2Fcomments&post=23972"}],"version-history":[{"count":1,"href":"https:\/\/akdenizolaygazetesi.com\/index.php?rest_route=\/wp\/v2\/posts\/23972\/revisions"}],"predecessor-version":[{"id":23974,"href":"https:\/\/akdenizolaygazetesi.com\/index.php?rest_route=\/wp\/v2\/posts\/23972\/revisions\/23974"}],"wp:featuredmedia":[{"embeddable":true,"href":"https:\/\/akdenizolaygazetesi.com\/index.php?rest_route=\/wp\/v2\/media\/23973"}],"wp:attachment":[{"href":"https:\/\/akdenizolaygazetesi.com\/index.php?rest_route=%2Fwp%2Fv2%2Fmedia&parent=23972"}],"wp:term":[{"taxonomy":"category","embeddable":true,"href":"https:\/\/akdenizolaygazetesi.com\/index.php?rest_route=%2Fwp%2Fv2%2Fcategories&post=23972"},{"taxonomy":"post_tag","embeddable":true,"href":"https:\/\/akdenizolaygazetesi.com\/index.php?rest_route=%2Fwp%2Fv2%2Ftags&post=23972"}],"curies":[{"name":"wp","href":"https:\/\/api.w.org\/{rel}","templated":true}]}}