{"id":23975,"date":"2023-02-07T12:14:14","date_gmt":"2023-02-07T09:14:14","guid":{"rendered":"http:\/\/akdenizolaygazetesi.com\/?p=23975"},"modified":"2023-02-07T12:14:14","modified_gmt":"2023-02-07T09:14:14","slug":"deprem-sonrasi-degerlendirme-toplantisi","status":"publish","type":"post","link":"https:\/\/akdenizolaygazetesi.com\/?p=23975","title":{"rendered":"DEPREM SONRASI DE\u011eERLEND\u0130RME TOPLANTISI"},"content":{"rendered":"<p>Milli E\u011fitim Bakanl\u0131\u011f\u0131m\u0131z Genel M\u00fcd\u00fcr\u00fc Say\u0131n Fehmi Rasim \u00c7EL\u0130K&#8217;in te\u015frifleri ve ba\u015fkanl\u0131\u011f\u0131nda \u00fclkemizde ya\u015fanan deprem felaketi sonras\u0131 Mersin&#8217;de e\u011fitim \u00f6\u011fretim kurumlar\u0131n\u0131n genel durumu hakk\u0131nda de\u011ferlendirme toplant\u0131s\u0131 ger\u00e7ekle\u015ftirildi. <\/p>\n<p>\u0130l Milli E\u011fitim M\u00fcd\u00fcr\u00fcm\u00fcz Say\u0131n Adem KOCA, &#8220;\u0130l genelinde okullar\u0131m\u0131zda an itibariyle e\u011fitim \u00f6\u011fretime engel olu\u015fturacak herhangi bir hasar meydana gelmemi\u015ftir. Y\u00fczy\u0131l\u0131n felaketini ya\u015fad\u0131\u011f\u0131m\u0131z \u015fu g\u00fcnlerde dayan\u0131\u015fma i\u00e7inde yaralar\u0131m\u0131z\u0131 sarmaya \u00e7al\u0131\u015faca\u011f\u0131z. Hayat\u0131n\u0131 kaybeden vatanda\u015flar\u0131m\u0131za Allah&#8217;tan rahmet, yaral\u0131 vatanda\u015flar\u0131m\u0131za acil \u015fifalar diliyorum. T\u00fcm milletimize ge\u00e7mi\u015f olsun.&#8221; dedi.<\/p>\n","protected":false},"excerpt":{"rendered":"<p>Milli E\u011fitim Bakanl\u0131\u011f\u0131m\u0131z Genel M\u00fcd\u00fcr\u00fc Say\u0131n Fehmi Rasim \u00c7EL\u0130K&#8217;in te\u015frifleri ve ba\u015fkanl\u0131\u011f\u0131nda \u00fclkemizde ya\u015fanan deprem felaketi sonras\u0131 Mersin&#8217;de e\u011fitim \u00f6\u011fretim kurumlar\u0131n\u0131n genel durumu hakk\u0131nda de\u011ferlendirme toplant\u0131s\u0131 ger\u00e7ekle\u015ftirildi. \u0130l Milli E\u011fitim &hellip; <a href=\"https:\/\/akdenizolaygazetesi.com\/?p=23975\" class=\"more-link\">Devam\u0131n\u0131 Oku&#8230;<\/a><\/p>\n","protected":false},"author":2,"featured_media":23976,"comment_status":"open","ping_status":"open","sticky":false,"template":"","format":"standard","meta":[],"categories":[2,3],"tags":[],"_links":{"self":[{"href":"https:\/\/akdenizolaygazetesi.com\/index.php?rest_route=\/wp\/v2\/posts\/23975"}],"collection":[{"href":"https:\/\/akdenizolaygazetesi.com\/index.php?rest_route=\/wp\/v2\/posts"}],"about":[{"href":"https:\/\/akdenizolaygazetesi.com\/index.php?rest_route=\/wp\/v2\/types\/post"}],"author":[{"embeddable":true,"href":"https:\/\/akdenizolaygazetesi.com\/index.php?rest_route=\/wp\/v2\/users\/2"}],"replies":[{"embeddable":true,"href":"https:\/\/akdenizolaygazetesi.com\/index.php?rest_route=%2Fwp%2Fv2%2Fcomments&post=23975"}],"version-history":[{"count":1,"href":"https:\/\/akdenizolaygazetesi.com\/index.php?rest_route=\/wp\/v2\/posts\/23975\/revisions"}],"predecessor-version":[{"id":23977,"href":"https:\/\/akdenizolaygazetesi.com\/index.php?rest_route=\/wp\/v2\/posts\/23975\/revisions\/23977"}],"wp:featuredmedia":[{"embeddable":true,"href":"https:\/\/akdenizolaygazetesi.com\/index.php?rest_route=\/wp\/v2\/media\/23976"}],"wp:attachment":[{"href":"https:\/\/akdenizolaygazetesi.com\/index.php?rest_route=%2Fwp%2Fv2%2Fmedia&parent=23975"}],"wp:term":[{"taxonomy":"category","embeddable":true,"href":"https:\/\/akdenizolaygazetesi.com\/index.php?rest_route=%2Fwp%2Fv2%2Fcategories&post=23975"},{"taxonomy":"post_tag","embeddable":true,"href":"https:\/\/akdenizolaygazetesi.com\/index.php?rest_route=%2Fwp%2Fv2%2Ftags&post=23975"}],"curies":[{"name":"wp","href":"https:\/\/api.w.org\/{rel}","templated":true}]}}