{"id":23984,"date":"2023-02-07T16:01:39","date_gmt":"2023-02-07T13:01:39","guid":{"rendered":"http:\/\/akdenizolaygazetesi.com\/?p=23984"},"modified":"2023-02-07T16:01:39","modified_gmt":"2023-02-07T13:01:39","slug":"baskan-yilmaz-acil-durum-afet-ekibini-ve-is-makinelerini-deprem-bolgesine-gonderdi","status":"publish","type":"post","link":"https:\/\/akdenizolaygazetesi.com\/?p=23984","title":{"rendered":"BA\u015eKAN YILMAZ, AC\u0130L DURUM AFET EK\u0130B\u0130N\u0130 ve \u0130\u015e MAK\u0130NELER\u0130N\u0130 DEPREM B\u00d6LGES\u0130NE G\u00d6NDERD\u0130"},"content":{"rendered":"<p>Mersin&#8217;in merkez il\u00e7esi Toroslar Belediye Ba\u015fkan\u0131 Ats\u0131z Af\u015f\u0131n Y\u0131lmaz; 15 ki\u015filik Acil Durum Afet Ekibini ve i\u015f makinelerini, depremden en \u00e7ok etkilenen illerden biri olan Hatay&#8217;\u0131n K\u0131r\u0131khan \u0130l\u00e7esine g\u00f6nderdi.<\/p>\n<p>T\u00fcrkiye, tarihinin en b\u00fcy\u00fck depremlerini ya\u015fad\u0131. Kahramanmara\u015f&#8217;ta meydana gelen ve 10 ili etkileyen 7.7 ve 7.6&#8217;l\u0131k depremlerin ard\u0131ndan Toroslar Belediyesinin Acil Durum Afet Ekibi de deprem b\u00f6lgesinde AFAD&#8217;\u0131n arama kurtarma \u00e7al\u0131\u015fmalar\u0131na dahil oldu.<\/p>\n<p>Ba\u015fkan Y\u0131lmaz, Fen \u0130\u015fleri \u015eantiyesinde personelini; &#8220;Yolunuz a\u00e7\u0131k olsun. Rabbim, hepimize g\u00fc\u00e7 kuvvet versin&#8221; diyerek dualarla u\u011furlad\u0131.<\/p>\n<p>Toroslar Kaymakam\u0131 \u0130brahim \u00c7enet, MHP Toroslar \u0130l\u00e7e Ba\u015fkan\u0131 H\u00fcsn\u00fc Do\u011fan, meclis \u00fcyeleri, ba\u015fkan yard\u0131mc\u0131lar\u0131 ve birim m\u00fcd\u00fcrlerinin de kat\u0131ld\u0131\u011f\u0131 u\u011furlaman\u0131n ard\u0131ndan 3 i\u015f makinesi, 3 kamyon ve 2 yard\u0131mc\u0131 ekip ile birlikte 15 ki\u015filik ekip, deprem b\u00f6lgesine ula\u015ft\u0131.<\/p>\n<p>&#8220;Yaralar\u0131m\u0131z\u0131 Hep Birlikte Saraca\u011f\u0131z&#8221;<\/p>\n<p>Depremzedeler i\u00e7in ba\u015flatt\u0131klar\u0131 yard\u0131m kampanyas\u0131n\u0131n ard\u0131ndan arama kurtarma ve yard\u0131m \u00e7al\u0131\u015fmalar\u0131na destek olmak amac\u0131yla deprem b\u00f6lgesine ekiplerini g\u00f6nderdiklerini belirten Toroslar Belediye Ba\u015fkan\u0131 Ats\u0131z Af\u015f\u0131n Y\u0131lmaz; &#8220;Acil Durum Afet Ekiplerimiz, i\u015f makineleri ve ara\u00e7 gere\u00e7leriyle deprem b\u00f6lgesinde arama kurtarma \u00e7al\u0131\u015fmalar\u0131na dahil oldu.  Depremin a\u00e7t\u0131\u011f\u0131 yaray\u0131 hep birlikte saraca\u011f\u0131z&#8221; dedi.<\/p>\n<p>&#8220;\u00dclkemize, milletimize ge\u00e7mi\u015f olsun&#8221; diyen Ba\u015fkan Y\u0131lmaz; &#8220;Toroslar Belediyesi olarak Hatay&#8217;a yard\u0131m noktas\u0131nda ekibimizi g\u00f6nderdik. G\u00f6\u00e7\u00fck alt\u0131nda kalan vatanda\u015flar\u0131m\u0131z\u0131n bir an \u00f6nce sevdiklerine ula\u015fmas\u0131 en b\u00fcy\u00fck temennimiz.  Deprem b\u00f6lgesine yard\u0131m eli uzatmak i\u00e7in ilgili m\u00fcd\u00fcrl\u00fcklerimiz de \u00e7al\u0131\u015fmalar\u0131n\u0131 aral\u0131ks\u0131z s\u00fcrd\u00fcr\u00fcyor. Depremde hayat\u0131n\u0131 kaybeden vatanda\u015flar\u0131m\u0131za Allah&#8217;tan rahmet, yaral\u0131lar\u0131m\u0131za acil \u015fifalar diliyorum&#8221; ifadelerini kulland\u0131.<\/p>\n","protected":false},"excerpt":{"rendered":"<p>Mersin&#8217;in merkez il\u00e7esi Toroslar Belediye Ba\u015fkan\u0131 Ats\u0131z Af\u015f\u0131n Y\u0131lmaz; 15 ki\u015filik Acil Durum Afet Ekibini ve i\u015f makinelerini, depremden en \u00e7ok etkilenen illerden biri olan Hatay&#8217;\u0131n K\u0131r\u0131khan \u0130l\u00e7esine g\u00f6nderdi. T\u00fcrkiye, &hellip; <a href=\"https:\/\/akdenizolaygazetesi.com\/?p=23984\" class=\"more-link\">Devam\u0131n\u0131 Oku&#8230;<\/a><\/p>\n","protected":false},"author":2,"featured_media":23985,"comment_status":"open","ping_status":"open","sticky":false,"template":"","format":"standard","meta":[],"categories":[2,3],"tags":[],"_links":{"self":[{"href":"https:\/\/akdenizolaygazetesi.com\/index.php?rest_route=\/wp\/v2\/posts\/23984"}],"collection":[{"href":"https:\/\/akdenizolaygazetesi.com\/index.php?rest_route=\/wp\/v2\/posts"}],"about":[{"href":"https:\/\/akdenizolaygazetesi.com\/index.php?rest_route=\/wp\/v2\/types\/post"}],"author":[{"embeddable":true,"href":"https:\/\/akdenizolaygazetesi.com\/index.php?rest_route=\/wp\/v2\/users\/2"}],"replies":[{"embeddable":true,"href":"https:\/\/akdenizolaygazetesi.com\/index.php?rest_route=%2Fwp%2Fv2%2Fcomments&post=23984"}],"version-history":[{"count":1,"href":"https:\/\/akdenizolaygazetesi.com\/index.php?rest_route=\/wp\/v2\/posts\/23984\/revisions"}],"predecessor-version":[{"id":23986,"href":"https:\/\/akdenizolaygazetesi.com\/index.php?rest_route=\/wp\/v2\/posts\/23984\/revisions\/23986"}],"wp:featuredmedia":[{"embeddable":true,"href":"https:\/\/akdenizolaygazetesi.com\/index.php?rest_route=\/wp\/v2\/media\/23985"}],"wp:attachment":[{"href":"https:\/\/akdenizolaygazetesi.com\/index.php?rest_route=%2Fwp%2Fv2%2Fmedia&parent=23984"}],"wp:term":[{"taxonomy":"category","embeddable":true,"href":"https:\/\/akdenizolaygazetesi.com\/index.php?rest_route=%2Fwp%2Fv2%2Fcategories&post=23984"},{"taxonomy":"post_tag","embeddable":true,"href":"https:\/\/akdenizolaygazetesi.com\/index.php?rest_route=%2Fwp%2Fv2%2Ftags&post=23984"}],"curies":[{"name":"wp","href":"https:\/\/api.w.org\/{rel}","templated":true}]}}