{"id":23990,"date":"2023-02-07T16:05:27","date_gmt":"2023-02-07T13:05:27","guid":{"rendered":"http:\/\/akdenizolaygazetesi.com\/?p=23990"},"modified":"2023-02-07T16:05:27","modified_gmt":"2023-02-07T13:05:27","slug":"el-ele-bu-sureci-atlatacagiz","status":"publish","type":"post","link":"https:\/\/akdenizolaygazetesi.com\/?p=23990","title":{"rendered":"&#8220;El Ele, Bu S\u00fcreci Atlataca\u011f\u0131z&#8221;"},"content":{"rendered":"<p>Toroslar Belediye Ba\u015fkan\u0131 Ats\u0131z Af\u015f\u0131n Y\u0131lmaz, merkez \u00fcss\u00fc Kahramanmara\u015f&#8217;ta meydana gelen, Mersin olmak \u00fczere \u00e7evre illerde de ya\u015fanan depremin ard\u0131ndan il\u00e7ede 50 ayr\u0131 noktada olu\u015fturduklar\u0131 Acil Toplanma Alanlar\u0131 ile Mersin 112 Acil \u00c7a\u011fr\u0131 Merkezi&#8217;ni ziyaret etti.<\/p>\n<p>Toroslar Kaymakaml\u0131\u011f\u0131 ile birlikte haz\u0131rlanan Acil Toplanma Alanlar\u0131, Toroslar Belediyesinin web sitesi ile sosyal medya hesaplar\u0131nda vatanda\u015flara en k\u0131sa s\u00fcre i\u00e7erisinde duyuruldu.<\/p>\n<p>Toroslar&#8217;\u0131n d\u00f6rt bir yan\u0131ndaki sosyal tesisler ve spor kompleksleri olmak \u00fczere muhtelif yerlerde vatanda\u015flara a\u00e7\u0131lan Acil Toplanma Alanlar\u0131nda kalan hem\u015ferileriyle bir araya gelerek ge\u00e7mi\u015f olsun dileklerini ileten Ba\u015fkan Y\u0131lmaz&#8217;a, \u0130l\u00e7e Kaymakam\u0131 \u0130brahim \u00c7enet ve MHP Toroslar \u0130l\u00e7e Ba\u015fkan\u0131 H\u00fcsn\u00fc Do\u011fan da e\u015flik etti.<\/p>\n<p>Bar\u0131nma ihtiyac\u0131n\u0131n yan\u0131 s\u0131ra s\u0131cak \u00e7orba, po\u011fa\u00e7a ve \u00e7ay ikram\u0131nda da bulunduklar\u0131 Acil Toplanma Alanlar\u0131nda \u00f6zellikle \u00e7ocuklarla ve b\u00fcy\u00fcklerle yak\u0131ndan ilgilenerek sohbet eden Ba\u015fkan Y\u0131lmaz, depremden etkilenen vatanda\u015flar\u0131n Belediyenin 0324 322 72 00 numaral\u0131 telefonundan Afet Masas\u0131na ula\u015fabileceklerini de s\u00f6yledi.<\/p>\n<p> &#8220;El Ele, Bu S\u00fcreci Atlataca\u011f\u0131z&#8221;<\/p>\n<p>Ba\u015fkan Y\u0131lmaz, daha sonra 112 Acil \u00c7a\u011fr\u0131 Merkezi&#8217;ni de ziyaret ederek, en zor g\u00fcnlerin vefak\u00e2r kahramanlar\u0131 sa\u011fl\u0131k \u00e7al\u0131\u015fanlar\u0131na kolayl\u0131klar diledi.<\/p>\n<p>Bu zorlu s\u00fcreci, birlik, beraberlik ve dayan\u0131\u015fma i\u00e7inde atlatacaklar\u0131n\u0131 dile getiren Ba\u015fkan Y\u0131lmaz; &#8220;112 Acil Kriz Merkezindeyiz. Arkada\u015flar\u0131m\u0131z, \u015fehrimizin de\u011fi\u015fik yerlerinden gelen anonslar\u0131 de\u011ferlendiriyor, bilgilendiriyor ve y\u00f6nlendiriyor. Biz de bu merkezle koordineli olarak \u00e7al\u0131\u015f\u0131yoruz.<br \/>\nKahramanmara\u015f&#8217;ta meydana gelen, kentimiz olmak \u00fczere \u00e7evre illerde de ya\u015fanan depremin ard\u0131ndan vatanda\u015flar\u0131m\u0131z evlerine giremiyorlar. \u0130l\u00e7emizde Toroslar Kaymakaml\u0131\u011f\u0131m\u0131z ile birlikte 50 ayr\u0131 noktada vatanda\u015flar\u0131m\u0131z\u0131 a\u011f\u0131rl\u0131yoruz.  \u0130n\u015fallah bu s\u00fcreci de birlik ve beraberlik i\u00e7erisinde atlataca\u011f\u0131z. T\u00fcm vatanda\u015flar\u0131m\u0131za sab\u0131r diliyorum. Depremde hayat\u0131n\u0131 kaybeden vatanda\u015flar\u0131m\u0131za Allah&#8217;tan rahmet, yaral\u0131lar\u0131m\u0131za acil \u015fifalar diliyorum&#8221; \u015feklinde konu\u015ftu.<\/p>\n","protected":false},"excerpt":{"rendered":"<p>Toroslar Belediye Ba\u015fkan\u0131 Ats\u0131z Af\u015f\u0131n Y\u0131lmaz, merkez \u00fcss\u00fc Kahramanmara\u015f&#8217;ta meydana gelen, Mersin olmak \u00fczere \u00e7evre illerde de ya\u015fanan depremin ard\u0131ndan il\u00e7ede 50 ayr\u0131 noktada olu\u015fturduklar\u0131 Acil Toplanma Alanlar\u0131 ile Mersin &hellip; <a href=\"https:\/\/akdenizolaygazetesi.com\/?p=23990\" class=\"more-link\">Devam\u0131n\u0131 Oku&#8230;<\/a><\/p>\n","protected":false},"author":2,"featured_media":23991,"comment_status":"open","ping_status":"open","sticky":false,"template":"","format":"standard","meta":[],"categories":[2,3,5],"tags":[],"_links":{"self":[{"href":"https:\/\/akdenizolaygazetesi.com\/index.php?rest_route=\/wp\/v2\/posts\/23990"}],"collection":[{"href":"https:\/\/akdenizolaygazetesi.com\/index.php?rest_route=\/wp\/v2\/posts"}],"about":[{"href":"https:\/\/akdenizolaygazetesi.com\/index.php?rest_route=\/wp\/v2\/types\/post"}],"author":[{"embeddable":true,"href":"https:\/\/akdenizolaygazetesi.com\/index.php?rest_route=\/wp\/v2\/users\/2"}],"replies":[{"embeddable":true,"href":"https:\/\/akdenizolaygazetesi.com\/index.php?rest_route=%2Fwp%2Fv2%2Fcomments&post=23990"}],"version-history":[{"count":1,"href":"https:\/\/akdenizolaygazetesi.com\/index.php?rest_route=\/wp\/v2\/posts\/23990\/revisions"}],"predecessor-version":[{"id":23992,"href":"https:\/\/akdenizolaygazetesi.com\/index.php?rest_route=\/wp\/v2\/posts\/23990\/revisions\/23992"}],"wp:featuredmedia":[{"embeddable":true,"href":"https:\/\/akdenizolaygazetesi.com\/index.php?rest_route=\/wp\/v2\/media\/23991"}],"wp:attachment":[{"href":"https:\/\/akdenizolaygazetesi.com\/index.php?rest_route=%2Fwp%2Fv2%2Fmedia&parent=23990"}],"wp:term":[{"taxonomy":"category","embeddable":true,"href":"https:\/\/akdenizolaygazetesi.com\/index.php?rest_route=%2Fwp%2Fv2%2Fcategories&post=23990"},{"taxonomy":"post_tag","embeddable":true,"href":"https:\/\/akdenizolaygazetesi.com\/index.php?rest_route=%2Fwp%2Fv2%2Ftags&post=23990"}],"curies":[{"name":"wp","href":"https:\/\/api.w.org\/{rel}","templated":true}]}}