{"id":24024,"date":"2023-02-08T17:01:00","date_gmt":"2023-02-08T14:01:00","guid":{"rendered":"http:\/\/akdenizolaygazetesi.com\/?p=24024"},"modified":"2023-02-08T17:01:00","modified_gmt":"2023-02-08T14:01:00","slug":"baskan-yilmaz-sehir-hastanesinde-yarali-depremzedelerin-yakinlarini-ziyaret-etti","status":"publish","type":"post","link":"https:\/\/akdenizolaygazetesi.com\/?p=24024","title":{"rendered":"BA\u015eKAN YILMAZ, \u015eEH\u0130R HASTANES\u0130&#8217;NDE YARALI DEPREMZEDELER\u0130N YAKINLARINI Z\u0130YARET ETT\u0130"},"content":{"rendered":"<p>Toroslar Belediye Ba\u015fkan\u0131 Ats\u0131z Af\u015f\u0131n Y\u0131lmaz, afet b\u00f6lgesinden Mersin \u015eehir Hastanesi&#8217;ne sevk edilerek tedavi alt\u0131na al\u0131nan depremzedelerin yak\u0131nlar\u0131n\u0131 gece ziyaret etti, hastalar\u0131n sa\u011fl\u0131k durumlar\u0131yla ilgili sa\u011fl\u0131k \u00e7al\u0131\u015fanlar\u0131ndan bilgiler ald\u0131.<\/p>\n<p>Deprem felaketinde yaralanan vatanda\u015flar\u0131n yak\u0131nlar\u0131na ge\u00e7mi\u015f olsun dileklerini ileten Ba\u015fkan Y\u0131lmaz&#8217;a, MHP Mersin Milletvekili Baki \u015eim\u015fek, MHP MYK \u00dcyesi Serdar Soydan ile MHP Mersin \u0130l Ba\u015fkan\u0131 Zeynel U\u011fur G\u00f6lgeli de e\u015flik etti.<\/p>\n<p>&#8220;AKLIMIZ, KALB\u0130M\u0130Z DEPREMZEDE VATANDA\u015eLARIMIZLA&#8221;<\/p>\n<p>Merkez \u00fcss\u00fc Kahramanmara\u015f olan ve 10 ilde y\u0131k\u0131mlara yol a\u00e7an 7.7 ve 7.6&#8217;l\u0131k depremlerin ard\u0131ndan arama ve kurtarma \u00e7al\u0131\u015fmalar\u0131 devam ederken, yaral\u0131 vatanda\u015flar da Mersin&#8217;e getirilerek tedavi ediliyor.<\/p>\n<p>\u015eehir Hastanesi&#8217;nde y\u00fcr\u00fct\u00fclen \u00e7al\u0131\u015fmalarla ile ilgili hastane yetkilileriyle g\u00f6r\u00fc\u015fen Ba\u015fkan Y\u0131lmaz; &#8220;Afet b\u00f6lgesinde enkaz alt\u0131ndan \u00e7\u0131kar\u0131lan ve durumu a\u011f\u0131r olan vatanda\u015flar\u0131m\u0131z, kentimizdeki hastanelere getirilerek tedavi alt\u0131na al\u0131nd\u0131. Afet b\u00f6lgesinde AFAD ekipleriyle koordineli bir \u015fekilde \u00e7al\u0131\u015fan ekiplerimiz de enkazdaki vatanda\u015flar\u0131m\u0131z\u0131n \u00e7\u0131kar\u0131lmas\u0131na destek veriyor. Belediye olarak imkanlar\u0131m\u0131z\u0131n \u00f6l\u00e7\u00fcs\u00fcnde haz\u0131rlad\u0131\u011f\u0131m\u0131z temel ihtiya\u00e7 malzemelerinin oldu\u011fu ve hem\u015fehrilerimizin de destek verdi\u011fi yard\u0131m t\u0131rlar\u0131m\u0131z\u0131 afet b\u00f6lgesine g\u00f6nderdik. T\u00fcm imk\u00e2nlar\u0131m\u0131zla depremzedelerin yan\u0131nday\u0131z. Cenab-\u0131 Allah t\u00fcm karde\u015flerimizin yar ve yard\u0131mc\u0131s\u0131 olsun. Akl\u0131m\u0131z, kalbimiz depremzede vatanda\u015flar\u0131m\u0131zla&#8221; diye konu\u015ftu.<\/p>\n<p>MHP Mersin Milletvekili Baki \u015eim\u015fek de t\u00fcm T\u00fcrkiye&#8217;ye ge\u00e7mi\u015f olsun dileklerini ileterek; &#8220;Yaralar\u0131m\u0131z\u0131 hep birlikte sarmak i\u00e7in depremzede vatanda\u015flar\u0131m\u0131z\u0131n yan\u0131nday\u0131z&#8221; dedi.<\/p>\n<p>MHP MYK \u00dcyesi Serdar Soydan ise; &#8220;T\u00fcm \u00fclkemize ba\u015fsa\u011fl\u0131\u011f\u0131 ve sab\u0131r diliyorum. Ac\u0131m\u0131z \u00e7ok b\u00fcy\u00fck. Temennimiz can kay\u0131plar\u0131n\u0131n artmamas\u0131&#8221; ifadelerini kulland\u0131.<\/p>\n<p>&#8220;Devletimizin t\u00fcm imk\u00e2nlar\u0131yla ve t\u00fcm g\u00fcc\u00fcm\u00fczle milletimizin yan\u0131nday\u0131z&#8221; diyen MHP Mersin \u0130l Ba\u015fkan\u0131 Zeynel U\u011fur G\u00f6lgeli; &#8220;Kahramanmara\u015f&#8217;ta meydana gelen ve 10 ilimizi etkileyen deprem nedeniyle t\u00fcm vatanda\u015flar\u0131m\u0131za ge\u00e7mi\u015f olsun dileklerimi iletiyorum&#8221; diye konu\u015ftu.<\/p>\n","protected":false},"excerpt":{"rendered":"<p>Toroslar Belediye Ba\u015fkan\u0131 Ats\u0131z Af\u015f\u0131n Y\u0131lmaz, afet b\u00f6lgesinden Mersin \u015eehir Hastanesi&#8217;ne sevk edilerek tedavi alt\u0131na al\u0131nan depremzedelerin yak\u0131nlar\u0131n\u0131 gece ziyaret etti, hastalar\u0131n sa\u011fl\u0131k durumlar\u0131yla ilgili sa\u011fl\u0131k \u00e7al\u0131\u015fanlar\u0131ndan bilgiler ald\u0131. Deprem &hellip; <a href=\"https:\/\/akdenizolaygazetesi.com\/?p=24024\" class=\"more-link\">Devam\u0131n\u0131 Oku&#8230;<\/a><\/p>\n","protected":false},"author":2,"featured_media":24025,"comment_status":"open","ping_status":"open","sticky":false,"template":"","format":"standard","meta":[],"categories":[2,3,9],"tags":[],"_links":{"self":[{"href":"https:\/\/akdenizolaygazetesi.com\/index.php?rest_route=\/wp\/v2\/posts\/24024"}],"collection":[{"href":"https:\/\/akdenizolaygazetesi.com\/index.php?rest_route=\/wp\/v2\/posts"}],"about":[{"href":"https:\/\/akdenizolaygazetesi.com\/index.php?rest_route=\/wp\/v2\/types\/post"}],"author":[{"embeddable":true,"href":"https:\/\/akdenizolaygazetesi.com\/index.php?rest_route=\/wp\/v2\/users\/2"}],"replies":[{"embeddable":true,"href":"https:\/\/akdenizolaygazetesi.com\/index.php?rest_route=%2Fwp%2Fv2%2Fcomments&post=24024"}],"version-history":[{"count":1,"href":"https:\/\/akdenizolaygazetesi.com\/index.php?rest_route=\/wp\/v2\/posts\/24024\/revisions"}],"predecessor-version":[{"id":24026,"href":"https:\/\/akdenizolaygazetesi.com\/index.php?rest_route=\/wp\/v2\/posts\/24024\/revisions\/24026"}],"wp:featuredmedia":[{"embeddable":true,"href":"https:\/\/akdenizolaygazetesi.com\/index.php?rest_route=\/wp\/v2\/media\/24025"}],"wp:attachment":[{"href":"https:\/\/akdenizolaygazetesi.com\/index.php?rest_route=%2Fwp%2Fv2%2Fmedia&parent=24024"}],"wp:term":[{"taxonomy":"category","embeddable":true,"href":"https:\/\/akdenizolaygazetesi.com\/index.php?rest_route=%2Fwp%2Fv2%2Fcategories&post=24024"},{"taxonomy":"post_tag","embeddable":true,"href":"https:\/\/akdenizolaygazetesi.com\/index.php?rest_route=%2Fwp%2Fv2%2Ftags&post=24024"}],"curies":[{"name":"wp","href":"https:\/\/api.w.org\/{rel}","templated":true}]}}