{"id":24027,"date":"2023-02-08T17:02:31","date_gmt":"2023-02-08T14:02:31","guid":{"rendered":"http:\/\/akdenizolaygazetesi.com\/?p=24027"},"modified":"2023-02-08T17:02:31","modified_gmt":"2023-02-08T14:02:31","slug":"akdeniz-belediye-baskani-gultak-gun-konusmanin-degil-yaralarimizi-hep-birlikte-sarmanin-zamanidir","status":"publish","type":"post","link":"https:\/\/akdenizolaygazetesi.com\/?p=24027","title":{"rendered":"AKDEN\u0130Z BELED\u0130YE BA\u015eKANI G\u00dcLTAK;  \u201cG\u00dcN; KONU\u015eMANIN DE\u011e\u0130L, YARALARIMIZI HEP B\u0130RL\u0130KTE SARMANIN ZAMANIDIR!\u201d"},"content":{"rendered":"<p>Akdeniz Belediyesi\u2019nin deprem b\u00f6lgesine g\u00f6nderdi\u011fi ekipler arama-kurtarma faaliyeti y\u00fcr\u00fct\u00fcyor. Yaral\u0131lar\u0131n Mersin\u2019e getirilmesi i\u00e7in deprem b\u00f6lgesine servis ara\u00e7lar\u0131 da g\u00f6nderildi. Haz\u0131rlanan yard\u0131m TIR\u2019lar\u0131 da g\u00fcn i\u00e7inde yola \u00e7\u0131kmaya haz\u0131rlan\u0131yor.<br \/>\nAkdeniz Belediye Ba\u015fkan\u0131 G\u00fcltak, \u201cG\u00fcn; birlik olma, yaralar\u0131m\u0131z\u0131 hep birlikte sarma zaman\u0131d\u0131r. G\u00fcn; konu\u015fma de\u011fil, yard\u0131mla\u015fman\u0131n, payla\u015fman\u0131n ve dayan\u0131\u015fman\u0131n g\u00fcn\u00fcd\u00fcr. B\u00fcy\u00fck bir yara ald\u0131k ama bizler de b\u00fcy\u00fck bir milletiz. Hep birlikte bu yaram\u0131z\u0131 saraca\u011f\u0131z\u201d dedi.<br \/>\nT\u00fcrkiye\u2019nin 10 ilini etkileyen 7,7 ve ard\u0131ndan gelen 7,6 \u015fiddetindeki depremlerden etkilenen kentlere, arama-kurtarma \u00e7al\u0131\u015fmalar\u0131na kat\u0131lmak \u00fczere onlarca i\u015f makinesi ve personel g\u00f6nderen Akdeniz Belediyesi, kurum envanterinde bulunan servis ara\u00e7lar\u0131n\u0131 da Hatay\u2019dan Mersin\u2019e getirilecek yaral\u0131lar\u0131 ta\u015f\u0131mak i\u00e7in g\u00f6revlendirdi. Depremzedelere ula\u015ft\u0131r\u0131lmak \u00fczere toplanan g\u0131da, ihtiya\u00e7 ve yard\u0131m malzemeleri de g\u00fcn i\u00e7erisinde TIR\u2019larla b\u00f6lgeye do\u011fru harekete ge\u00e7ecek.<br \/>\nAkdeniz Belediye Ba\u015fkan\u0131 M. Mustafa G\u00fcltak\u2019\u0131n talimat\u0131yla, depremden etkilenen illerden biri olan Hatay\u2019da g\u00f6revlendirilen Fen \u0130\u015fleri M\u00fcd\u00fcrl\u00fc\u011f\u00fc\u2019ne ba\u011fl\u0131 ekipler, var g\u00fc\u00e7leriyle \u00e7al\u0131\u015ft\u0131klar\u0131 arama-kurtarma faaliyetleri esnas\u0131nda g\u00f6\u00e7\u00fck alt\u0131nda kalan baz\u0131 vatanda\u015flar\u0131 kurtard\u0131. Ayr\u0131ca Akdeniz Belediyesi Zab\u0131ta M\u00fcd\u00fcrl\u00fc\u011f\u00fc\u2019nden de acil arama ve kurtarma konusunda e\u011fitim alm\u0131\u015f uzman 13 personel de yine AFAD koordinesinde Gaziantep\u2019e g\u00f6nderildi. Zab\u0131ta ekipleri de aral\u0131ks\u0131z \u015fekilde arama ve kurtarma faaliyeti y\u00fcr\u00fct\u00fcyor.<br \/>\nOnlarca personel, i\u015f makineleri ile arama kurtarma faaliyeti y\u00fcr\u00fct\u00fcyor<br \/>\nT\u00fcm T\u00fcrkiye\u2019yi yasa bo\u011fan depremlerin ard\u0131ndan teyakkuza ge\u00e7en Akdeniz Belediyesi, Afet ve Acil Durum Y\u00f6netimi Ba\u015fkanl\u0131\u011f\u0131\u2019ndan (AFAD) gelen talimat do\u011frultusunda makine ikmal sahas\u0131ndan 30 personel ile birlikte 2 adet kaz\u0131c\u0131 y\u00fckleyici lastik tekerlekli kep\u00e7e, 1 paletli eskavat\u00f6r, 4 damperli kamyon, i\u015f makinelerinin nakliyesi i\u00e7in 2 t\u0131r, 1 kamyonet ve 1 minib\u00fcs K\u0131r\u0131khan\u2019a g\u00f6nderdi.  Yard\u0131m TIR\u2019lar\u0131 da yola \u00e7\u0131k\u0131yor<br \/>\nBelediyenin servis ara\u00e7lar\u0131 yaral\u0131lar\u0131 getirmek \u00fczere b\u00f6lgeye g\u00f6nderildi<br \/>\nAkdeniz Belediyesi, g\u00f6\u00e7\u00fck alt\u0131nda kalarak yaralanan depremzede vatanda\u015flar\u0131 da Mersin\u2019de bulunan hastanelere ula\u015ft\u0131rmak \u00fczere, envanterinde bulunan servis ara\u00e7lar\u0131n\u0131 da deprem b\u00f6lgesine g\u00f6ndermeye ba\u015flad\u0131. \u00d6te yandan TIR\u2019lara y\u00fcklenen g\u0131da, yard\u0131m ve temel ihtiya\u00e7 malzemeleri de g\u00fcn i\u00e7erisinde depremden etkilenen kentlere do\u011fru harekete ge\u00e7ecek.<\/p>\n<p>Ba\u015fkan G\u00fcltak; \u201cT\u00fcm imk\u00e2nlar\u0131m\u0131z\u0131 depremzede vatanda\u015flar\u0131m\u0131z i\u00e7in seferber ettik\u201d<br \/>\nYard\u0131m malzemeleri ve servis ara\u00e7lar\u0131n\u0131n topland\u0131\u011f\u0131 makine ikmal sahas\u0131nda a\u00e7\u0131klama yapan Akdeniz Belediye Ba\u015fkan\u0131 M. Mustafa G\u00fcltak, \u201cBizler, ilk g\u00fcnden beri deprem b\u00f6lgesindeyiz. Baz\u0131 eksikler olsa da genel anlamda koordinasyon sa\u011fland\u0131. \u0130lk g\u00fcnden itibaren Hatay, K\u0131r\u0131khan ve Gaziantep\u2019e, fen i\u015flerimizden i\u015f makinesi kullanmay\u0131 bilen personelimizi, kurtarma faaliyeti yapacak i\u015f makineleri, gerekli ara\u00e7 ve te\u00e7hizatla birlikte g\u00f6nderdik. AFAD e\u011fitimi alan 13 zab\u0131ta memurumuz da Nurda\u011f\u0131\u2019nda arama-kurtarma faaliyeti y\u00fcr\u00fct\u00fcyor.<br \/>\nKaymakaml\u0131\u011f\u0131m\u0131zla birlikte gelen yard\u0131mlar\u0131 da koordine ediyoruz. \u00d6zel sekt\u00f6r, i\u015f insanlar\u0131 ve yard\u0131msever vatanda\u015flar\u0131m\u0131z da bizlere ula\u015f\u0131yor. Birazdan bak\u0131m onar\u0131mla ilgili ara\u00e7, gere\u00e7 ve te\u00e7hizatlar ile bir ekskavat\u00f6r\u00fc deprem b\u00f6lgesine g\u00f6nderece\u011fiz. \u0130\u00e7inde bebek emzirme odas\u0131 ve tuvaleti olan bir otob\u00fcs\u00fcm\u00fcz de yola \u00e7\u0131k\u0131yor.  Yola \u00e7\u0131kacak ara\u00e7lar\u0131m\u0131zda \u00e7ocuk bezleri, kad\u0131n hijyen \u00fcr\u00fcnleri ve daha bir\u00e7ok malzeme de var. K\u00fclt\u00fcr M\u00fcd\u00fcrl\u00fc\u011f\u00fcm\u00fcz organizesinde toplanan yard\u0131m malzemeleri de ilerleyen saatlerde TIR\u2019lar yard\u0131m\u0131yla depremzede vatanda\u015flar\u0131m\u0131za ula\u015ft\u0131r\u0131lmak \u00fczere yola \u00e7\u0131kacak\u201d dedi.<br \/>\n\u201cKentimize gelen t\u00fcm insanlar\u0131m\u0131za kucak a\u00e7aca\u011f\u0131z\u201d<br \/>\n\u201cG\u00fcn; kenetlenme ve herkesin \u00fczerine d\u00fc\u015feni yapma zaman\u0131d\u0131r\u201d diyen Ba\u015fkan Mustafa G\u00fcltak, s\u00f6zlerini \u015f\u00f6yle s\u00fcrd\u00fcrd\u00fc; \u201cG\u00fcn; konu\u015fma, zaman kaybetme de\u011fil, i\u015f yapma zaman\u0131d\u0131r. Mersin Valili\u011fi ve Kaymakaml\u0131\u011f\u0131m\u0131zla birlikte b\u00fct\u00fcn imk\u00e2nlar\u0131m\u0131z\u0131 depremzedeler i\u00e7in seferber ettik. \u00d6zellikle Hatay ve Gaziantep ilinde, Akdeniz sakinlerinin bir\u00e7ok akrabas\u0131 var.<br \/>\nDolay\u0131s\u0131yla gerek Hatay\u2019dan, gerekse Gaziantep ve Osmaniye\u2019den gelen ve gelecek olan deprem ma\u011fduru insanlar\u0131m\u0131za k\u00fclt\u00fcr evlerimizi ve b\u00fct\u00fcn tesislerimizi a\u00e7m\u0131\u015f durumday\u0131z. Kentimizde de depremden etkilenen insanlar\u0131m\u0131z i\u00e7in belediyemizi, t\u00fcm tesis ve binalar\u0131m\u0131z\u0131 24 saat boyunca kullan\u0131ma a\u00e7t\u0131k. Gelen insanlar\u0131m\u0131za \u00e7orba, kumanya, \u00e7ay ve su ikram ettik. Kentimize gelen insanlar\u0131m\u0131za da hep birlikte kucak a\u00e7aca\u011f\u0131z.\u201d<\/p>\n","protected":false},"excerpt":{"rendered":"<p>Akdeniz Belediyesi\u2019nin deprem b\u00f6lgesine g\u00f6nderdi\u011fi ekipler arama-kurtarma faaliyeti y\u00fcr\u00fct\u00fcyor. Yaral\u0131lar\u0131n Mersin\u2019e getirilmesi i\u00e7in deprem b\u00f6lgesine servis ara\u00e7lar\u0131 da g\u00f6nderildi. Haz\u0131rlanan yard\u0131m TIR\u2019lar\u0131 da g\u00fcn i\u00e7inde yola \u00e7\u0131kmaya haz\u0131rlan\u0131yor. Akdeniz Belediye &hellip; <a href=\"https:\/\/akdenizolaygazetesi.com\/?p=24027\" class=\"more-link\">Devam\u0131n\u0131 Oku&#8230;<\/a><\/p>\n","protected":false},"author":2,"featured_media":24028,"comment_status":"open","ping_status":"open","sticky":false,"template":"","format":"standard","meta":[],"categories":[2,3,5,9],"tags":[],"_links":{"self":[{"href":"https:\/\/akdenizolaygazetesi.com\/index.php?rest_route=\/wp\/v2\/posts\/24027"}],"collection":[{"href":"https:\/\/akdenizolaygazetesi.com\/index.php?rest_route=\/wp\/v2\/posts"}],"about":[{"href":"https:\/\/akdenizolaygazetesi.com\/index.php?rest_route=\/wp\/v2\/types\/post"}],"author":[{"embeddable":true,"href":"https:\/\/akdenizolaygazetesi.com\/index.php?rest_route=\/wp\/v2\/users\/2"}],"replies":[{"embeddable":true,"href":"https:\/\/akdenizolaygazetesi.com\/index.php?rest_route=%2Fwp%2Fv2%2Fcomments&post=24027"}],"version-history":[{"count":1,"href":"https:\/\/akdenizolaygazetesi.com\/index.php?rest_route=\/wp\/v2\/posts\/24027\/revisions"}],"predecessor-version":[{"id":24029,"href":"https:\/\/akdenizolaygazetesi.com\/index.php?rest_route=\/wp\/v2\/posts\/24027\/revisions\/24029"}],"wp:featuredmedia":[{"embeddable":true,"href":"https:\/\/akdenizolaygazetesi.com\/index.php?rest_route=\/wp\/v2\/media\/24028"}],"wp:attachment":[{"href":"https:\/\/akdenizolaygazetesi.com\/index.php?rest_route=%2Fwp%2Fv2%2Fmedia&parent=24027"}],"wp:term":[{"taxonomy":"category","embeddable":true,"href":"https:\/\/akdenizolaygazetesi.com\/index.php?rest_route=%2Fwp%2Fv2%2Fcategories&post=24027"},{"taxonomy":"post_tag","embeddable":true,"href":"https:\/\/akdenizolaygazetesi.com\/index.php?rest_route=%2Fwp%2Fv2%2Ftags&post=24027"}],"curies":[{"name":"wp","href":"https:\/\/api.w.org\/{rel}","templated":true}]}}