{"id":24030,"date":"2023-02-09T12:59:59","date_gmt":"2023-02-09T09:59:59","guid":{"rendered":"http:\/\/akdenizolaygazetesi.com\/?p=24030"},"modified":"2023-02-09T12:59:59","modified_gmt":"2023-02-09T09:59:59","slug":"baskan-secer-chp-lideri-kilicdaroglu-ile-deprem-bolgesinde","status":"publish","type":"post","link":"https:\/\/akdenizolaygazetesi.com\/?p=24030","title":{"rendered":"BA\u015eKAN SE\u00c7ER, CHP L\u0130DER\u0130 KILI\u00c7DARO\u011eLU \u0130LE DEPREM B\u00d6LGES\u0130NDE"},"content":{"rendered":"<p>CHP Lideri K\u0131l\u0131\u00e7daro\u011flu&#8217;na inceleme program\u0131nda Ba\u015fkan Vahap Se\u00e7er&#8217;in yan\u0131 s\u0131ra, Genel Ba\u015fkan Yard\u0131mc\u0131s\u0131 Seyit Torun, CHP Genel Sekreteri Selin Sayek B\u00f6ke, CHP Parti Meclisi \u00dcyesi G\u00f6khan G\u00fcnayd\u0131n, \u0130stanbul B\u00fcy\u00fck\u015fehir Belediye Ba\u015fkan\u0131 Ekrem \u0130mamo\u011flu, Ankara B\u00fcy\u00fck\u015fehir Belediye Ba\u015fkan\u0131 Mansur Yava\u015f, \u0130zmir B\u00fcy\u00fck\u015fehir Belediye Ba\u015fkan\u0131 Tun\u00e7 Soyer ve Antalya B\u00fcy\u00fck\u015fehir Belediye Ba\u015fkan\u0131 Muhittin B\u00f6cek de e\u015flik etti.<\/p>\n<p>\u0130lk olarak Adana&#8217;ya giden CHP Lideri K\u0131l\u0131\u00e7daro\u011flu, Adana B\u00fcy\u00fck\u015fehir Belediye Ba\u015fkan\u0131 Zeydan Karalar&#8217;dan depremin yaratt\u0131\u011f\u0131 y\u0131k\u0131m ve arama kurtarma \u00e7al\u0131\u015fmalar\u0131n\u0131 hakk\u0131nda bilgi ald\u0131. Ard\u0131ndan Turgut \u00d6zal Bulvar\u0131&#8217;n\u0131n sonunda yer alan ve \u015fiddetli deprem sonucu y\u0131k\u0131lan binay\u0131 yerinde inceleyen K\u0131l\u0131\u00e7daro\u011flu, halen s\u00fcren arama kurtarma faaliyetleri hakk\u0131nda ekiplerden bilgi ald\u0131.<\/p>\n<p>Depremzede vatanda\u015flar ile de bir araya gelen CHP Lideri K\u0131l\u0131\u00e7daro\u011flu ve beraberindekiler daha sonra depremin vurdu\u011fu Hatay&#8217;\u0131n \u0130skenderun il\u00e7esine ge\u00e7ti. Enkaz alt\u0131ndaki binalara giderek \u00e7al\u0131\u015fmalar\u0131 inceleyen K\u0131l\u0131\u00e7daro\u011flu ve beraberindeki heyet, ard\u0131ndan \u0130skenderun Belediye Ba\u015fkan\u0131 Fatih Tosyal\u0131&#8217;y\u0131 makam\u0131nda ziyaret ederek y\u00fcr\u00fct\u00fclen \u00e7al\u0131\u015fmalarla ilgili bilgi ald\u0131. Enkaz yerlerine giderek arama kurtarma \u00e7al\u0131\u015fmalar\u0131n\u0131 yerinde takip eden K\u0131l\u0131\u00e7daro\u011flu ve heyet, depremzedeleri dinledi.<\/p>\n<p>Daha sonra Hatay&#8217;a ge\u00e7en K\u0131l\u0131\u00e7daro\u011flu ve beraberindekilere Hatay B\u00fcy\u00fck\u015fehir Belediye Ba\u015fkan\u0131 L\u00fctf\u00fc Sava\u015f AKOM&#8217;da deprem ve sonras\u0131nda kentte ya\u015fanan sorunlarla ilgili bilgilendirme yapt\u0131. G\u00f6r\u00fc\u015fmede CHP Lideri K\u0131l\u0131\u00e7daro\u011flu ve beraberindeki B\u00fcy\u00fck\u015fehir Belediye Ba\u015fkanlar\u0131, Hatay B\u00fcy\u00fck\u015fehir Belediye Ba\u015fkan\u0131 Sava\u015f&#8217;a ge\u00e7mi\u015f olsun dileklerini iletti. Heyet daha sonra Samanda\u011f \u0130l\u00e7e Jandarma Komutanl\u0131\u011f\u0131&#8217;n\u0131 ziyaret ederek s\u00fcrd\u00fcr\u00fclen \u00e7al\u0131\u015fmalar hakk\u0131nda g\u00f6r\u00fc\u015fme yapt\u0131.<\/p>\n<p>K\u0131l\u0131\u00e7daro\u011flu &#8220;Ben halk\u0131m\u0131n kavgas\u0131n\u0131 verece\u011fim. Sonuna kadar&#8221;<br \/>\nHatay&#8217;\u0131n Arsuz il\u00e7esinde yapt\u0131\u011f\u0131 incelemelerin ard\u0131ndan a\u00e7\u0131klama yapan CHP Lideri K\u0131l\u0131\u00e7daro\u011flu, &#8220;Halk\u0131m\u0131z\u0131n halini yerinde g\u00f6rd\u00fcm. Ya\u015fananlara siyaset \u00fcst\u00fc bakmay\u0131, iktidarla hizalanmay\u0131 reddediyorum. Bu \u00e7\u00f6k\u00fc\u015f tam da sistematik rant siyasetinin sonucudur. Erdo\u011fan&#8217;la, Saray\u0131&#8217;yla ve rant \u00e7eteleriyle hi\u00e7bir zeminde bulu\u015fmayaca\u011f\u0131m. Ben halk\u0131m\u0131n kavgas\u0131n\u0131 verece\u011fim. Sonuna kadar&#8221; dedi.<\/p>\n<p>Geceyi Arsuz il\u00e7esinde ge\u00e7iren CHP Lideri K\u0131l\u0131\u00e7daro\u011flu ve Ba\u015fkan Se\u00e7er, sabah saatlerinde beraberlerindeki heyet ile Osmaniye, Nurda\u011f\u0131&#8217;na ge\u00e7ti. Burada yapt\u0131klar\u0131 incelemelerin ard\u0131ndan Kahramanmara\u015f merkeze ge\u00e7en CHP Heyeti yap\u0131lan arama kurtarma \u00e7al\u0131\u015fmalar\u0131 hakk\u0131nda yetkililerden bilgi ald\u0131lar.<\/p>\n<p>B\u00f6lgede yap\u0131lan incelemenin ikinci g\u00fcn\u00fcnde g\u00fcn boyunca enkaz kald\u0131rma ve arama kurtarma \u00e7al\u0131\u015fmalar\u0131n\u0131 inceleyen heyet depremzedelerle de bir araya gelerek dayan\u0131\u015fma g\u00f6sterdiler.<\/p>\n","protected":false},"excerpt":{"rendered":"<p>CHP Lideri K\u0131l\u0131\u00e7daro\u011flu&#8217;na inceleme program\u0131nda Ba\u015fkan Vahap Se\u00e7er&#8217;in yan\u0131 s\u0131ra, Genel Ba\u015fkan Yard\u0131mc\u0131s\u0131 Seyit Torun, CHP Genel Sekreteri Selin Sayek B\u00f6ke, CHP Parti Meclisi \u00dcyesi G\u00f6khan G\u00fcnayd\u0131n, \u0130stanbul B\u00fcy\u00fck\u015fehir Belediye &hellip; <a href=\"https:\/\/akdenizolaygazetesi.com\/?p=24030\" class=\"more-link\">Devam\u0131n\u0131 Oku&#8230;<\/a><\/p>\n","protected":false},"author":2,"featured_media":24031,"comment_status":"open","ping_status":"open","sticky":false,"template":"","format":"standard","meta":[],"categories":[1,2,3],"tags":[],"_links":{"self":[{"href":"https:\/\/akdenizolaygazetesi.com\/index.php?rest_route=\/wp\/v2\/posts\/24030"}],"collection":[{"href":"https:\/\/akdenizolaygazetesi.com\/index.php?rest_route=\/wp\/v2\/posts"}],"about":[{"href":"https:\/\/akdenizolaygazetesi.com\/index.php?rest_route=\/wp\/v2\/types\/post"}],"author":[{"embeddable":true,"href":"https:\/\/akdenizolaygazetesi.com\/index.php?rest_route=\/wp\/v2\/users\/2"}],"replies":[{"embeddable":true,"href":"https:\/\/akdenizolaygazetesi.com\/index.php?rest_route=%2Fwp%2Fv2%2Fcomments&post=24030"}],"version-history":[{"count":1,"href":"https:\/\/akdenizolaygazetesi.com\/index.php?rest_route=\/wp\/v2\/posts\/24030\/revisions"}],"predecessor-version":[{"id":24032,"href":"https:\/\/akdenizolaygazetesi.com\/index.php?rest_route=\/wp\/v2\/posts\/24030\/revisions\/24032"}],"wp:featuredmedia":[{"embeddable":true,"href":"https:\/\/akdenizolaygazetesi.com\/index.php?rest_route=\/wp\/v2\/media\/24031"}],"wp:attachment":[{"href":"https:\/\/akdenizolaygazetesi.com\/index.php?rest_route=%2Fwp%2Fv2%2Fmedia&parent=24030"}],"wp:term":[{"taxonomy":"category","embeddable":true,"href":"https:\/\/akdenizolaygazetesi.com\/index.php?rest_route=%2Fwp%2Fv2%2Fcategories&post=24030"},{"taxonomy":"post_tag","embeddable":true,"href":"https:\/\/akdenizolaygazetesi.com\/index.php?rest_route=%2Fwp%2Fv2%2Ftags&post=24030"}],"curies":[{"name":"wp","href":"https:\/\/api.w.org\/{rel}","templated":true}]}}