{"id":24039,"date":"2023-02-09T13:07:30","date_gmt":"2023-02-09T10:07:30","guid":{"rendered":"http:\/\/akdenizolaygazetesi.com\/?p=24039"},"modified":"2023-02-09T13:07:30","modified_gmt":"2023-02-09T10:07:30","slug":"akdeniz-belediyesinden-deprem-bolgesine-yardim-tiri","status":"publish","type":"post","link":"https:\/\/akdenizolaygazetesi.com\/?p=24039","title":{"rendered":"AKDEN\u0130Z BELED\u0130YES\u0130\u2019NDEN DEPREM B\u00d6LGES\u0130NE YARDIM TIRI"},"content":{"rendered":"<p>Akdeniz Belediyesi, depremden zarar g\u00f6ren 10 ildeki depremzedeler i\u00e7in \u0131s\u0131t\u0131c\u0131, battaniye, su ve g\u0131da malzemelerin yer ald\u0131\u011f\u0131 yard\u0131m TIR\u2019\u0131 g\u00f6nderdi. Konuyla ilgili konu\u015fan Ba\u015fkan G\u00fcltak, \u201cTIR\u2019\u0131m\u0131zda genel olarak; \u0131s\u0131t\u0131c\u0131, battaniye, su, kad\u0131n ve bebek malzemeleri, hijyen malzemeleri yer al\u0131yor. Herg\u00fcn TIR\u2019lar\u0131m\u0131z bu \u015fekilde dolduruluyor.\u201d diye konu\u015ftu.<br \/>\nKahramanmara\u015f\u2019\u0131n Pazarc\u0131k ve Elbistan il\u00e7elerinde meydana gelen 7,7 ve 7,6 b\u00fcy\u00fckl\u00fc\u011f\u00fcndeki depremlerin ard\u0131ndan devlet ve millet el ele verdi. Akdeniz Belediyesi, afet b\u00f6lgesinde ma\u011fdur olan depremzedeler i\u00e7in yard\u0131m TIR\u2019\u0131 g\u00f6nderdi.<br \/>\nAkdeniz Belediye Ba\u015fkan\u0131 M. Mustafa G\u00fcltak\u2019\u0131n da, y\u00fckleme an\u0131nda yard\u0131m etti\u011fi TIR\u2019da \u0131s\u0131t\u0131c\u0131, battaniye, su, bebek bezi, yiyecek gibi malzemeler yer ald\u0131.<br \/>\n\u201cB\u00fcy\u00fck bir milletiz ve bunun alt\u0131ndan kalkaca\u011f\u0131z\u201d<br \/>\nY\u00fcklemenin ard\u0131ndan konu\u015fan Akdeniz Belediye Ba\u015fkan\u0131 M. Mustafa G\u00fcltak, \u201cTIR\u2019\u0131m\u0131zda genel olarak; \u0131s\u0131t\u0131c\u0131, battaniye, su, kad\u0131n ve bebek malzemeleri, hijyen malzemeleri yer al\u0131yor. Herg\u00fcn TIR\u2019lar\u0131m\u0131z bu \u015fekilde dolduruluyor. Yine deprem b\u00f6lgesine 40 bine yak\u0131n ekmek gidecek. Ekmek g\u00f6nderimini standarda bindirdik ve afet b\u00f6lgesine her g\u00fcn d\u00fczenli bir \u015fekilde ekmek g\u00f6nderece\u011fiz. Bu afet d\u00fcnyadaki en b\u00fcy\u00fck afetlerden biri olarak tarihe ge\u00e7ti. D\u00fcnyan\u0131n hi\u00e7bir yerinde bu kadar vilayeti vuran, 4-5 \u00fclkeyi etkileyen ba\u015fka bir afet duyulmad\u0131. B\u00fcy\u00fck bir afet ama devletimiz de b\u00fcy\u00fck. Say\u0131n Cumhurba\u015fkan\u0131m\u0131z Recep Tayyip Erdo\u011fan ve Bakanlar\u0131m\u0131z b\u00f6lgede bulunuyor. Bizim ekiplerimiz de b\u00f6lgede yer al\u0131yor. B\u00fcy\u00fck bir milletiz ve bunun alt\u0131ndan kalkaca\u011f\u0131z\u201d dedi.<br \/>\n\u201cAkdeniz Belediyesi olarak t\u00fcm g\u00f6n\u00fcll\u00fclerin yan\u0131nday\u0131z\u201d<br \/>\nYard\u0131mlar\u0131n h\u0131zlanarak deprem b\u00f6lgesine gitti\u011fini belirten Ba\u015fkan G\u00fcltak, \u201cYard\u0131m malzemesi ile dolu olan 2 gemi \u0130skenderun Liman\u0131\u2019na yana\u015famad\u0131\u011f\u0131 i\u00e7in Mersin Liman\u0131\u2019na yana\u015ft\u0131. Onlar\u0131n koordineli bir \u015fekilde Hatay ve Gaziantep\u2019e g\u00f6nderilmesi noktas\u0131nda ekibimiz \u00e7al\u0131\u015f\u0131yor. Eski T\u0131p Fak\u00fcltesi\u2019nin orada yer alan K\u00fclt\u00fcr ve Sosyal \u0130\u015fler M\u00fcd\u00fcrl\u00fc\u011f\u00fc binas\u0131ndaki ekiplerimiz 24 saat \u00e7al\u0131\u015f\u0131yorlar. Sabah ak\u015fam dinlemeden TIR\u2019lar\u0131m\u0131z y\u00fckleniyor ve deprem b\u00f6lgesine g\u00f6nderiliyor. Yard\u0131m etmek isteyen vatanda\u015flar\u0131m\u0131z, imkanlar\u0131 dahilinde g\u00f6ndermek istedikleri malzemeleri buraya getirebilirler veya belediyemizin telefon numaras\u0131na ula\u015fabilirler. Biz hep birlikte organize edelim. Aksi takdirde baz\u0131 nedenlerden dolay\u0131 problemler ya\u015f\u0131yoruz. Akdeniz Belediyesi olarak t\u00fcm g\u00f6n\u00fcll\u00fclerin yan\u0131nday\u0131z. Bize ula\u015ft\u0131klar\u0131 takdirde, biz organize olarak yard\u0131mlar\u0131n en iyi \u015fekilde afet b\u00f6lgesine gitmesini sa\u011flar\u0131z\u201d diye konu\u015ftu.<\/p>\n<p>Haz\u0131rlanan malzemelerle dolu yard\u0131m t\u0131rlar\u0131 koordineli bir \u015fekilde Mersin\u2019den deprem b\u00f6lgesine u\u011furland\u0131.<\/p>\n","protected":false},"excerpt":{"rendered":"<p>Akdeniz Belediyesi, depremden zarar g\u00f6ren 10 ildeki depremzedeler i\u00e7in \u0131s\u0131t\u0131c\u0131, battaniye, su ve g\u0131da malzemelerin yer ald\u0131\u011f\u0131 yard\u0131m TIR\u2019\u0131 g\u00f6nderdi. Konuyla ilgili konu\u015fan Ba\u015fkan G\u00fcltak, \u201cTIR\u2019\u0131m\u0131zda genel olarak; \u0131s\u0131t\u0131c\u0131, battaniye, &hellip; <a href=\"https:\/\/akdenizolaygazetesi.com\/?p=24039\" class=\"more-link\">Devam\u0131n\u0131 Oku&#8230;<\/a><\/p>\n","protected":false},"author":2,"featured_media":24040,"comment_status":"open","ping_status":"open","sticky":false,"template":"","format":"standard","meta":[],"categories":[2,3,5],"tags":[],"_links":{"self":[{"href":"https:\/\/akdenizolaygazetesi.com\/index.php?rest_route=\/wp\/v2\/posts\/24039"}],"collection":[{"href":"https:\/\/akdenizolaygazetesi.com\/index.php?rest_route=\/wp\/v2\/posts"}],"about":[{"href":"https:\/\/akdenizolaygazetesi.com\/index.php?rest_route=\/wp\/v2\/types\/post"}],"author":[{"embeddable":true,"href":"https:\/\/akdenizolaygazetesi.com\/index.php?rest_route=\/wp\/v2\/users\/2"}],"replies":[{"embeddable":true,"href":"https:\/\/akdenizolaygazetesi.com\/index.php?rest_route=%2Fwp%2Fv2%2Fcomments&post=24039"}],"version-history":[{"count":1,"href":"https:\/\/akdenizolaygazetesi.com\/index.php?rest_route=\/wp\/v2\/posts\/24039\/revisions"}],"predecessor-version":[{"id":24041,"href":"https:\/\/akdenizolaygazetesi.com\/index.php?rest_route=\/wp\/v2\/posts\/24039\/revisions\/24041"}],"wp:featuredmedia":[{"embeddable":true,"href":"https:\/\/akdenizolaygazetesi.com\/index.php?rest_route=\/wp\/v2\/media\/24040"}],"wp:attachment":[{"href":"https:\/\/akdenizolaygazetesi.com\/index.php?rest_route=%2Fwp%2Fv2%2Fmedia&parent=24039"}],"wp:term":[{"taxonomy":"category","embeddable":true,"href":"https:\/\/akdenizolaygazetesi.com\/index.php?rest_route=%2Fwp%2Fv2%2Fcategories&post=24039"},{"taxonomy":"post_tag","embeddable":true,"href":"https:\/\/akdenizolaygazetesi.com\/index.php?rest_route=%2Fwp%2Fv2%2Ftags&post=24039"}],"curies":[{"name":"wp","href":"https:\/\/api.w.org\/{rel}","templated":true}]}}