{"id":2404,"date":"2020-11-04T18:22:54","date_gmt":"2020-11-04T15:22:54","guid":{"rendered":"http:\/\/mersinekonomipolitikagazetesi.com\/?p=2404"},"modified":"2020-11-04T18:22:54","modified_gmt":"2020-11-04T15:22:54","slug":"sosyal-medya-bagimliligi-siber-zorbalik-da-tartisildi","status":"publish","type":"post","link":"https:\/\/akdenizolaygazetesi.com\/?p=2404","title":{"rendered":"Sosyal medya ba\u011f\u0131ml\u0131l\u0131\u011f\u0131, siber zorbal\u0131k da tart\u0131\u015f\u0131ld\u0131"},"content":{"rendered":"<p>Kongrede sosyal medya ba\u011f\u0131ml\u0131l\u0131\u011f\u0131, siber zorbal\u0131k, helikopter ebeveyn, erteleme gibi g\u00fcncel konular yer al\u0131yor.<\/p>\n<p>Mersin \u00dcniversitesi E\u011fitim Fak\u00fcltesi Rehberlik ve Psikolojik Dan\u0131\u015fmanl\u0131k Anabilim Dal\u0131 ve T\u00fcrk Psikolojik Dan\u0131\u015fma ve Rehberlik (PDR) Derne\u011fi i\u015fbirli\u011finde \u00a0d\u00fczenlenen \u201c15. Ulusal PDR \u00d6\u011frencileri Kongresi\u201d yo\u011fun kat\u0131l\u0131mla ba\u015flad\u0131.<\/p>\n<p>A\u00e7\u0131l\u0131\u015f\u0131 yap\u0131lan kongreye; T\u00fcrkiye&#8217;nin farkl\u0131 illerinden yakla\u015f\u0131k 1250 ki\u015fi kat\u0131ld\u0131. Yeni\u015fehir Atat\u00fcrk K\u00fclt\u00fcr Merkezi&#8217;ndeki a\u00e7\u0131l\u0131\u015fa Mersin \u00dcniversitesi E\u011fitim Fak\u00fcltesi Dekan\u0131 Prof. Dr. Mutlu Nisa \u00dcnald\u0131 Coral, T\u00fcrk PDR Derne\u011fi Genel Ba\u015fkan\u0131 Prof. Dr. Cengiz \u015eahin, T\u00fcrk PDR Derne\u011fi Eski Genel Ba\u015fkan\u0131 Prof. Dr. Binnur Ye\u015filyaprak, akademisyenler ve PDR \u00f6\u011frencileri kat\u0131l\u0131m sa\u011flad\u0131.<\/p>\n<p>Kongre a\u00e7\u0131l\u0131\u015f\u0131nda konu\u015fan E\u011fitim Fak\u00fcltesi Dekan\u0131 Prof. Dr. Mutlu Nisa \u00dcnald\u0131 Coral, \u00fc\u00e7 g\u00fcn devam edecek kongre kapsam\u0131nda konferans, panel ve \u00e7al\u0131\u015ftaylar d\u00fczenlenece\u011fini belirtti.\u00a0<\/p>\n<p>Prof. Dr. \u00dcnald\u0131 Coral: &#8220;Kongrede sosyal medya ba\u011f\u0131ml\u0131l\u0131\u011f\u0131, siber zorbal\u0131k, helikopter ebeveyn, erteleme gibi g\u00fcncel konular yer al\u0131yor. Bu, gen\u00e7lerin problemleri okumada ve \u00e7\u00f6z\u00fcme katk\u0131 sunmada iyi e\u011fitimli, \u00fcst\u00fcn niteli\u011fe sahip bireyler oldu\u011funu g\u00f6steriyor. B\u00fcy\u00fck sorumluluklar\u0131 olan PDR \u00f6\u011frencilerinin, bu sorumluluklar\u0131n\u0131n bilincinde olduklar\u0131n\u0131 d\u00fc\u015f\u00fcn\u00fcyorum ve biz de e\u011fitiminiz i\u00e7in elimizden gelenin en iyisini yapmaya \u00e7al\u0131\u015f\u0131yoruz.\u201d dedi.<\/p>\n<p>Kongre Ba\u015fkan\u0131 ve Mersin \u00dcniversitesi E\u011fitim Fak\u00fcltesi Rehberlik ve Psikolojik Dan\u0131\u015fmanl\u0131k Anabilim Dal\u0131 Ba\u015fkan\u0131 Do\u00e7. Dr. Binnaz K\u0131ran, kongre ba\u015fl\u0131\u011f\u0131n\u0131n \u2018De\u011fi\u015fen Toplumsal \u0130htiya\u00e7lar ve PDR\u2019de Yeni F\u0131rsatlar\u2019 olarak belirlendi\u011fini, PDR mezunlar\u0131na aile dan\u0131\u015fmanl\u0131\u011f\u0131, rehabilitasyon dan\u0131\u015fmanl\u0131\u011f\u0131, i\u015f ve kariyer dan\u0131\u015fmanl\u0131\u011f\u0131, toplum sa\u011fl\u0131\u011f\u0131, spor vb. alanlarda ihtiya\u00e7 duyuldu\u011funu ifade etti.<\/p>\n<p>Kongre D\u00fczenleme Kurulu Ba\u015fkan\u0131 \u00f6\u011frenci G\u00fcl\u015fah Y\u00fcksektepe ise; \u201cBir y\u0131l \u00f6nceden haz\u0131rl\u0131klara ba\u015flad\u0131k. Bu s\u00fcre\u00e7te \u00dcniversitemiz Rekt\u00f6rl\u00fc\u011f\u00fcn\u00fcn ve Psikolojik Dan\u0131\u015fmanl\u0131k ve Rehberlik Anabilim dal\u0131 hocalar\u0131m\u0131z\u0131n bizim arkam\u0131zda durmalar\u0131 bizim haz\u0131rl\u0131k s\u00fcrecimiz i\u00e7in b\u00fcy\u00fck \u015fanst\u0131.\u201d dedi.<\/p>\n<p>Konu\u015fmalar\u0131n ard\u0131ndan, Prof. Dr. Binnur Ye\u015filyaprak deste\u011fiyle T\u00fcrk PDR Derne\u011fi taraf\u0131ndan verilen 2018 PDR Lisans \u00d6\u011frencileri Ara\u015ft\u0131rmac\u0131 \u00d6d\u00fcl\u00fc sonu\u00e7lar\u0131 a\u00e7\u0131kland\u0131. 2018 PDR Lisans \u00d6\u011frencileri Ara\u015ft\u0131rmac\u0131 \u00d6d\u00fcl\u00fc Birincileri; Fahriye Beyza Tun\u00e7k\u0131l\u0131\u00e7 ve Seda Sayet, \u00a0ikincileri; Melisa Aydo\u011fdu, G\u00f6zde B\u00fcy\u00fck ve B\u00fc\u015fra K\u00f6stek, \u00fc\u00e7\u00fcnc\u00fcleri; Song\u00fcl \u015eahin ve Batuhan G\u00f6kdemir&#8217;e belge ve plaket takdim edildi. \u00d6d\u00fcl t\u00f6reninin ard\u0131ndan E\u011fitim Fak\u00fcltesi Rehberlik ve Psikolojik Dan\u0131\u015fmanl\u0131k Anabilim Dal\u0131 \u00f6\u011fretim \u00fcyesi Prof. Dr. Alim Kaya a\u00e7\u0131l\u0131\u015f konferans\u0131nda toplumsal de\u011fi\u015fimin PDR alan\u0131ndaki etkilerine de\u011findi.\u00a0<\/p>\n","protected":false},"excerpt":{"rendered":"<p>Kongrede sosyal medya ba\u011f\u0131ml\u0131l\u0131\u011f\u0131, siber zorbal\u0131k, helikopter ebeveyn, erteleme gibi g\u00fcncel konular yer al\u0131yor. Mersin \u00dcniversitesi E\u011fitim Fak\u00fcltesi Rehberlik ve Psikolojik Dan\u0131\u015fmanl\u0131k Anabilim Dal\u0131 ve T\u00fcrk Psikolojik Dan\u0131\u015fma ve Rehberlik &hellip; <a href=\"https:\/\/akdenizolaygazetesi.com\/?p=2404\" class=\"more-link\">Devam\u0131n\u0131 Oku&#8230;<\/a><\/p>\n","protected":false},"author":1,"featured_media":0,"comment_status":"open","ping_status":"open","sticky":false,"template":"","format":"standard","meta":[],"categories":[],"tags":[],"_links":{"self":[{"href":"https:\/\/akdenizolaygazetesi.com\/index.php?rest_route=\/wp\/v2\/posts\/2404"}],"collection":[{"href":"https:\/\/akdenizolaygazetesi.com\/index.php?rest_route=\/wp\/v2\/posts"}],"about":[{"href":"https:\/\/akdenizolaygazetesi.com\/index.php?rest_route=\/wp\/v2\/types\/post"}],"author":[{"embeddable":true,"href":"https:\/\/akdenizolaygazetesi.com\/index.php?rest_route=\/wp\/v2\/users\/1"}],"replies":[{"embeddable":true,"href":"https:\/\/akdenizolaygazetesi.com\/index.php?rest_route=%2Fwp%2Fv2%2Fcomments&post=2404"}],"version-history":[{"count":0,"href":"https:\/\/akdenizolaygazetesi.com\/index.php?rest_route=\/wp\/v2\/posts\/2404\/revisions"}],"wp:attachment":[{"href":"https:\/\/akdenizolaygazetesi.com\/index.php?rest_route=%2Fwp%2Fv2%2Fmedia&parent=2404"}],"wp:term":[{"taxonomy":"category","embeddable":true,"href":"https:\/\/akdenizolaygazetesi.com\/index.php?rest_route=%2Fwp%2Fv2%2Fcategories&post=2404"},{"taxonomy":"post_tag","embeddable":true,"href":"https:\/\/akdenizolaygazetesi.com\/index.php?rest_route=%2Fwp%2Fv2%2Ftags&post=2404"}],"curies":[{"name":"wp","href":"https:\/\/api.w.org\/{rel}","templated":true}]}}