{"id":24042,"date":"2023-02-09T15:48:45","date_gmt":"2023-02-09T12:48:45","guid":{"rendered":"http:\/\/akdenizolaygazetesi.com\/?p=24042"},"modified":"2023-02-09T15:48:45","modified_gmt":"2023-02-09T12:48:45","slug":"is-makineleri-arama-kurtarma-personeli-servis-araclari-ve-yardim-tiri-gonderildi","status":"publish","type":"post","link":"https:\/\/akdenizolaygazetesi.com\/?p=24042","title":{"rendered":"\u0130\u015f makineleri, arama-kurtarma personeli, servis ara\u00e7lar\u0131 ve yard\u0131m TIR\u2019\u0131 g\u00f6nderildi"},"content":{"rendered":"<p>Akdeniz Belediyesi\u2019nin; Kahramanmara\u015f\u2019\u0131n Pazarc\u0131k ve Elbistan il\u00e7elerinde meydana gelen ve b\u00fcy\u00fck y\u0131k\u0131mlara yol a\u00e7an 7,7 ve 7,6 b\u00fcy\u00fckl\u00fc\u011f\u00fcndeki deprem felaketinin ard\u0131ndan afetten zarar g\u00f6ren illerde ya\u015fayan vatanda\u015flar i\u00e7in ba\u015flatt\u0131\u011f\u0131 seferberlik kapsam\u0131nda destek ve yard\u0131mlar\u0131 s\u00fcr\u00fcyor.<br \/>\nT\u00fcm T\u00fcrkiye\u2019yi yasa bo\u011fan depremler sonras\u0131 seferberlik ba\u015flatan Akdeniz Belediyesi, onlarca i\u015f makinesi ile birlikte arama-kurtarma faaliyeti y\u00fcr\u00fctecek personelin ard\u0131ndan; su ve g\u0131da \u00fcr\u00fcnleri, \u0131s\u0131t\u0131c\u0131, battaniye, \u00e7ocuk mamas\u0131 ve bezi ile hijyen gibi temel ihtiya\u00e7 malzemelerinin yer ald\u0131\u011f\u0131 yard\u0131m TIR\u2019lar\u0131 da b\u00f6lgeye u\u011furlad\u0131. Yard\u0131m kampanyas\u0131 t\u00fcm il\u00e7e genelinde devam ederken, haz\u0131rlanan di\u011fer TIR\u2019lar da en k\u0131sa s\u00fcrede depremden etkilenen kentlere do\u011fru hareket edecek.<br \/>\nServis ara\u00e7lar\u0131 deprem b\u00f6lgesine g\u00f6nderildi.<br \/>\nAkdeniz Belediyesi, gerek depremde yaralanan vatanda\u015flar\u0131n Mersin\u2019deki hastanelere ula\u015ft\u0131r\u0131lmas\u0131, gerekse Mersin\u2019e gelmek isteyen deprem ma\u011fduru vatanda\u015flar i\u00e7in envanterinde bulunan servis ara\u00e7lar\u0131n\u0131 da deprem b\u00f6lgesine yollad\u0131.  Ayr\u0131ca AFAD \u00fczerinden, uzak illerden gelen i\u015f makinalar\u0131 ile arama kurtarma personeli ta\u015f\u0131yan servis ara\u00e7lar\u0131na yak\u0131t deste\u011fi de sa\u011flan\u0131yor.<br \/>\nSeyyar WC, tamir bak\u0131m arac\u0131, jenerat\u00f6r ve \u00e7\u00f6p toplama ara\u00e7lar\u0131 da yola \u00e7\u0131kt\u0131<br \/>\nFelaketin ya\u015fand\u0131\u011f\u0131 ilk g\u00fcnden itibaren Afet ve Acil Durum Y\u00f6netimi Ba\u015fkanl\u0131\u011f\u0131 (AFAD) ve Mersin Valili\u011fi koordinesinde depremden etkilenen illere yard\u0131m faaliyetlerini gece-g\u00fcnd\u00fcz demeden aral\u0131ks\u0131z s\u00fcrd\u00fcren Akdeniz Belediyesi, AFAD yetkililerinin talebi \u00fczerine b\u00f6lgeye seyyar WC, tamir-bak\u0131m arac\u0131, jenerat\u00f6r ile birlikte \u00e7\u00f6p toplama kamyonlar\u0131n\u0131 da deprem b\u00f6lgesine g\u00f6ndermeye ba\u015flad\u0131.<br \/>\nAkdeniz Belediyesi ekiplerinin arama-kurtarma faaliyeti s\u00fcr\u00fcyor.<br \/>\nAkdeniz Belediye Ba\u015fkan\u0131 M. Mustafa G\u00fcltak\u2019\u0131n talimat\u0131yla, depremden etkilenen illerden biri olan Hatay\u2019da g\u00f6revlendirilen Fen \u0130\u015fleri M\u00fcd\u00fcrl\u00fc\u011f\u00fc\u2019ne ba\u011fl\u0131 ekipler, var g\u00fc\u00e7leriyle \u00e7al\u0131\u015ft\u0131klar\u0131 arama-kurtarma faaliyetleri esnas\u0131nda g\u00f6\u00e7\u00fck alt\u0131nda kalan bir\u00e7ok vatanda\u015f\u0131 kurtard\u0131\u011f\u0131 bilgisi geldi.<br \/>\nArama ve kurtarma konusunda e\u011fitim alm\u0131\u015f Zab\u0131ta M\u00fcd\u00fcrl\u00fc\u011f\u00fc\u2019nden de 13 personel, yine AFAD koordinesinde Gaziantep\u2019te aral\u0131ks\u0131z bir \u015fekilde arama ve kurtarma faaliyeti y\u00fcr\u00fct\u00fcyor. \u00d6te yandan; Akdeniz Belediyesi\u2019nin mahalle k\u00fclt\u00fcr ve sanat evleri, sosyal ve sportif tesisleri ile taziye evleri de deprem b\u00f6lgesinden g\u00f6\u00e7 edip Mersin\u2019e gelen vatanda\u015flar\u0131n kullan\u0131m\u0131na a\u00e7\u0131k olacak.<\/p>\n","protected":false},"excerpt":{"rendered":"<p>Akdeniz Belediyesi\u2019nin; Kahramanmara\u015f\u2019\u0131n Pazarc\u0131k ve Elbistan il\u00e7elerinde meydana gelen ve b\u00fcy\u00fck y\u0131k\u0131mlara yol a\u00e7an 7,7 ve 7,6 b\u00fcy\u00fckl\u00fc\u011f\u00fcndeki deprem felaketinin ard\u0131ndan afetten zarar g\u00f6ren illerde ya\u015fayan vatanda\u015flar i\u00e7in ba\u015flatt\u0131\u011f\u0131 seferberlik &hellip; <a href=\"https:\/\/akdenizolaygazetesi.com\/?p=24042\" class=\"more-link\">Devam\u0131n\u0131 Oku&#8230;<\/a><\/p>\n","protected":false},"author":2,"featured_media":24043,"comment_status":"open","ping_status":"open","sticky":false,"template":"","format":"standard","meta":[],"categories":[1,2,3,5],"tags":[],"_links":{"self":[{"href":"https:\/\/akdenizolaygazetesi.com\/index.php?rest_route=\/wp\/v2\/posts\/24042"}],"collection":[{"href":"https:\/\/akdenizolaygazetesi.com\/index.php?rest_route=\/wp\/v2\/posts"}],"about":[{"href":"https:\/\/akdenizolaygazetesi.com\/index.php?rest_route=\/wp\/v2\/types\/post"}],"author":[{"embeddable":true,"href":"https:\/\/akdenizolaygazetesi.com\/index.php?rest_route=\/wp\/v2\/users\/2"}],"replies":[{"embeddable":true,"href":"https:\/\/akdenizolaygazetesi.com\/index.php?rest_route=%2Fwp%2Fv2%2Fcomments&post=24042"}],"version-history":[{"count":1,"href":"https:\/\/akdenizolaygazetesi.com\/index.php?rest_route=\/wp\/v2\/posts\/24042\/revisions"}],"predecessor-version":[{"id":24044,"href":"https:\/\/akdenizolaygazetesi.com\/index.php?rest_route=\/wp\/v2\/posts\/24042\/revisions\/24044"}],"wp:featuredmedia":[{"embeddable":true,"href":"https:\/\/akdenizolaygazetesi.com\/index.php?rest_route=\/wp\/v2\/media\/24043"}],"wp:attachment":[{"href":"https:\/\/akdenizolaygazetesi.com\/index.php?rest_route=%2Fwp%2Fv2%2Fmedia&parent=24042"}],"wp:term":[{"taxonomy":"category","embeddable":true,"href":"https:\/\/akdenizolaygazetesi.com\/index.php?rest_route=%2Fwp%2Fv2%2Fcategories&post=24042"},{"taxonomy":"post_tag","embeddable":true,"href":"https:\/\/akdenizolaygazetesi.com\/index.php?rest_route=%2Fwp%2Fv2%2Ftags&post=24042"}],"curies":[{"name":"wp","href":"https:\/\/api.w.org\/{rel}","templated":true}]}}