{"id":24048,"date":"2023-02-09T15:52:30","date_gmt":"2023-02-09T12:52:30","guid":{"rendered":"http:\/\/akdenizolaygazetesi.com\/?p=24048"},"modified":"2023-02-09T15:52:30","modified_gmt":"2023-02-09T12:52:30","slug":"toroslar-belediyesi-ekipleri-afet-bolgesinde-arama-kurtarma-calismalarina-destek-veriyor","status":"publish","type":"post","link":"https:\/\/akdenizolaygazetesi.com\/?p=24048","title":{"rendered":"TOROSLAR BELED\u0130YES\u0130 EK\u0130PLER\u0130, AFET B\u00d6LGES\u0130NDE ARAMA KURTARMA \u00c7ALI\u015eMALARINA DESTEK VER\u0130YOR!"},"content":{"rendered":"<p>T\u00fcrkiye, merkez \u00fcss\u00fc Kahramanmara\u015f olan 7.7 ve 7.6&#8217;l\u0131k depremlerle sars\u0131ld\u0131. 10 ili etkileyen depremin ard\u0131ndan arama kurtarma \u00e7al\u0131\u015fmalar\u0131na destek vermek i\u00e7in afet b\u00f6lgesine giden Toroslar Belediyesinin ekipleri, enkaz alt\u0131nda kalan vatanda\u015flara ula\u015fabilmek i\u00e7in b\u00fcy\u00fck gayret g\u00f6steriyor.<\/p>\n<p>Toroslar Belediyesi ekipleri, Hatay&#8217;\u0131n K\u0131r\u0131khan il\u00e7esinde k\u00fc\u00e7\u00fck bir o\u011flan \u00e7ocu\u011funu enkazdan sa\u011f olarak \u00e7\u0131kard\u0131. Saatler s\u00fcren \u00e7al\u0131\u015fma sonucu titizlikle enkaz alt\u0131ndan kurtar\u0131lan Yasin isimli \u00e7ocuk, sa\u011f salim ailesine teslim edildi.<\/p>\n<p>Toroslar Belediyesinin Acil Durum Afet ve Zab\u0131ta M\u00fcd\u00fcrl\u00fc\u011f\u00fc ekipleri, i\u015f makineleri ve ekipmanlar\u0131yla Hatay deprem b\u00f6lgesinde arama kurtarma \u00e7al\u0131\u015fmalar\u0131na destek vermeye devam ediyor.<\/p>\n<p>Depremin ard\u0131ndan en k\u0131sa s\u00fcre i\u00e7erisinde afet b\u00f6lgesine ula\u015fan 33 ki\u015filik ekip, AFAD ile birlikte depremzedelere yard\u0131m ederek umut oluyor.<\/p>\n<p> &#8220;G\u00dcN B\u0130RL\u0130K OLMA ZAMANI&#8221;<\/p>\n<p>Toroslar Belediye Ba\u015fkan\u0131 Ats\u0131z Af\u015f\u0131n Y\u0131lmaz; &#8220;T\u00fcm dualar\u0131m\u0131zla enkaz b\u00f6lgelerinden gelecek umutlu haberleri bekliyoruz&#8221; dedi.<\/p>\n<p>Ba\u015fkan Y\u0131lmaz; &#8220;T\u00fcm T\u00fcrkiye, afet b\u00f6lgesine ko\u015farak tek y\u00fcrek oldu. Devletimizin t\u00fcm kurumlar\u0131yla depremzede vatanda\u015flar\u0131m\u0131za yard\u0131m elini uzat\u0131yoruz. Afet b\u00f6lgesine g\u00f6nderdi\u011fimiz ekiplerimiz, enkaz alt\u0131ndaki vatanda\u015flar\u0131m\u0131z\u0131 \u00e7\u0131karmak i\u00e7in b\u00fcy\u00fck \u00e7aba g\u00f6sterirken, bir taraftan da depremzede vatanda\u015flar\u0131m\u0131z\u0131n temel ihtiya\u00e7lar\u0131n\u0131 kar\u015f\u0131lamak ad\u0131na hem\u015fehrilerimizle her zaman oldu\u011fu gibi birlik ve beraberlik i\u00e7erisindeyiz. Bu noktada Yard\u0131m Kampanyam\u0131za destek veren Mersinli hem\u015fehrilerime yeniden te\u015fekk\u00fcr ediyorum. Bu s\u00fcreci dayan\u0131\u015fma i\u00e7erisinde atlataca\u011f\u0131z in\u015fallah. Yaralar\u0131 hep birlikte sarmak i\u00e7in \u00e7al\u0131\u015fmaya devam edece\u011fiz. \u00dclkemizin, milletimizin ba\u015f\u0131 sa\u011f olsun&#8221; \u015feklinde konu\u015ftu.<\/p>\n","protected":false},"excerpt":{"rendered":"<p>T\u00fcrkiye, merkez \u00fcss\u00fc Kahramanmara\u015f olan 7.7 ve 7.6&#8217;l\u0131k depremlerle sars\u0131ld\u0131. 10 ili etkileyen depremin ard\u0131ndan arama kurtarma \u00e7al\u0131\u015fmalar\u0131na destek vermek i\u00e7in afet b\u00f6lgesine giden Toroslar Belediyesinin ekipleri, enkaz alt\u0131nda kalan &hellip; <a href=\"https:\/\/akdenizolaygazetesi.com\/?p=24048\" class=\"more-link\">Devam\u0131n\u0131 Oku&#8230;<\/a><\/p>\n","protected":false},"author":2,"featured_media":24049,"comment_status":"open","ping_status":"open","sticky":false,"template":"","format":"standard","meta":[],"categories":[3,5],"tags":[],"_links":{"self":[{"href":"https:\/\/akdenizolaygazetesi.com\/index.php?rest_route=\/wp\/v2\/posts\/24048"}],"collection":[{"href":"https:\/\/akdenizolaygazetesi.com\/index.php?rest_route=\/wp\/v2\/posts"}],"about":[{"href":"https:\/\/akdenizolaygazetesi.com\/index.php?rest_route=\/wp\/v2\/types\/post"}],"author":[{"embeddable":true,"href":"https:\/\/akdenizolaygazetesi.com\/index.php?rest_route=\/wp\/v2\/users\/2"}],"replies":[{"embeddable":true,"href":"https:\/\/akdenizolaygazetesi.com\/index.php?rest_route=%2Fwp%2Fv2%2Fcomments&post=24048"}],"version-history":[{"count":1,"href":"https:\/\/akdenizolaygazetesi.com\/index.php?rest_route=\/wp\/v2\/posts\/24048\/revisions"}],"predecessor-version":[{"id":24050,"href":"https:\/\/akdenizolaygazetesi.com\/index.php?rest_route=\/wp\/v2\/posts\/24048\/revisions\/24050"}],"wp:featuredmedia":[{"embeddable":true,"href":"https:\/\/akdenizolaygazetesi.com\/index.php?rest_route=\/wp\/v2\/media\/24049"}],"wp:attachment":[{"href":"https:\/\/akdenizolaygazetesi.com\/index.php?rest_route=%2Fwp%2Fv2%2Fmedia&parent=24048"}],"wp:term":[{"taxonomy":"category","embeddable":true,"href":"https:\/\/akdenizolaygazetesi.com\/index.php?rest_route=%2Fwp%2Fv2%2Fcategories&post=24048"},{"taxonomy":"post_tag","embeddable":true,"href":"https:\/\/akdenizolaygazetesi.com\/index.php?rest_route=%2Fwp%2Fv2%2Ftags&post=24048"}],"curies":[{"name":"wp","href":"https:\/\/api.w.org\/{rel}","templated":true}]}}