{"id":2405,"date":"2020-11-04T18:22:55","date_gmt":"2020-11-04T15:22:55","guid":{"rendered":"http:\/\/mersinekonomipolitikagazetesi.com\/?p=2405"},"modified":"2020-11-04T18:22:55","modified_gmt":"2020-11-04T15:22:55","slug":"mulakat-israrindan-vazgecilmelidir","status":"publish","type":"post","link":"https:\/\/akdenizolaygazetesi.com\/?p=2405","title":{"rendered":"M\u00dcLAKAT ISRARINDAN VAZGE\u00c7\u0130LMEL\u0130D\u0130R"},"content":{"rendered":"<p>E\u011fitim-Bir-Sen Mersin \u015eube Ba\u015fkan\u0131 Abdullah \u00c7elik, s\u00f6zle\u015fmeli \u00f6\u011fretmen al\u0131m\u0131nda m\u00fclakat\u0131n kald\u0131r\u0131larak al\u0131mlar\u0131n sadece KPSS puan\u0131 baz al\u0131narak yap\u0131lmas\u0131n\u0131 istediklerini belirten bir a\u00e7\u0131klama yapt\u0131.<br \/>\n\u00a0<br \/>\n\u0130\u015fte o a\u00e7\u0131klama ;<br \/>\n\u00a0<br \/>\n\u2018\u2019Tek ba\u015f\u0131na ciddi bir sorun olan s\u00f6zle\u015fmeli \u00f6\u011fretmenlik uygulamas\u0131yla birlikte \u00f6\u011fretmen istihdam\u0131 s\u00fcre\u00e7lerine ma\u015feri vicdan\u0131 yaralayan, var olan sorunlara yenilerini ekleyen s\u00f6zl\u00fc s\u0131nav a\u015famas\u0131 da d\u00e2hil edilmi\u015ftir.<br \/>\nUygulamaya konuldu\u011fu g\u00fcnden bu yana adalet ve hakkaniyet noktas\u0131nda tart\u0131\u015f\u0131lmaya devam edilen m\u00fclakatla atama \u0131srar\u0131ndan vazge\u00e7ilmesi y\u00f6n\u00fcndeki \u00e7a\u011fr\u0131m\u0131z\u0131 bir defa daha tekrarl\u0131yoruz.<br \/>\nGelinen noktada, yapt\u0131\u011f\u0131m\u0131z uyar\u0131lar\u0131n hakl\u0131l\u0131\u011f\u0131 ve uygulaman\u0131n do\u011furdu\u011fu faturan\u0131n a\u011f\u0131rl\u0131\u011f\u0131 daha da artm\u0131\u015ft\u0131r. Bu nedenle, duyurusu yap\u0131lan \u00fccretli \u00f6\u011fretmenlerden s\u00f6zle\u015fmeli \u00f6\u011fretmenli\u011fe atanma s\u00fcrecindeki m\u00fclakat uygulamas\u0131 bir an \u00f6nce kald\u0131r\u0131lmal\u0131d\u0131r.<br \/>\nAday\u0131n kazanma ya da kaybetme nedeninin objektif bir \u015fekilde izah edilememesi, y\u0131llarca emek vererek okumu\u015f ve bir\u00e7ok yaz\u0131l\u0131 s\u0131navdan ge\u00e7mi\u015f adaylar\u0131n bir ka\u00e7 dakikal\u0131k m\u00fclakatla elenmesi travmaya neden olmakta, adalet duygusunu zedelemektedir.<br \/>\nPersonel al\u0131m\u0131 tercihinde, m\u00fclakat yerine, objektifli\u011fi tart\u0131\u015fmas\u0131z, adalet ve hakkaniyet kriterlerini kar\u015f\u0131layan ve genel kabul g\u00f6ren KPSS puan \u00fcst\u00fcnl\u00fc\u011f\u00fcne g\u00f6re al\u0131m yap\u0131lmas\u0131 en do\u011fru olan\u0131d\u0131r.Yeni d\u00f6nemde, her alanda oldu\u011fu gibi, \u00f6zellikle \u00f6\u011fretmenlerimizin sisteme, hem kendi vicdanlar\u0131nda hem toplumun vicdan\u0131nda me\u015fruiyeti sorgulanmayan bir y\u00f6ntemle d\u00e2hil olmalar\u0131 esas al\u0131nmal\u0131; Mill\u00ee E\u011fitim Bakanl\u0131\u011f\u0131 bu konuda bir an \u00f6nce ad\u0131m atmal\u0131d\u0131r.\u2019\u2019<\/p>\n","protected":false},"excerpt":{"rendered":"<p>E\u011fitim-Bir-Sen Mersin \u015eube Ba\u015fkan\u0131 Abdullah \u00c7elik, s\u00f6zle\u015fmeli \u00f6\u011fretmen al\u0131m\u0131nda m\u00fclakat\u0131n kald\u0131r\u0131larak al\u0131mlar\u0131n sadece KPSS puan\u0131 baz al\u0131narak yap\u0131lmas\u0131n\u0131 istediklerini belirten bir a\u00e7\u0131klama yapt\u0131. \u00a0 \u0130\u015fte o a\u00e7\u0131klama ; \u00a0 \u2018\u2019Tek &hellip; <a href=\"https:\/\/akdenizolaygazetesi.com\/?p=2405\" class=\"more-link\">Devam\u0131n\u0131 Oku&#8230;<\/a><\/p>\n","protected":false},"author":1,"featured_media":0,"comment_status":"open","ping_status":"open","sticky":false,"template":"","format":"standard","meta":[],"categories":[],"tags":[],"_links":{"self":[{"href":"https:\/\/akdenizolaygazetesi.com\/index.php?rest_route=\/wp\/v2\/posts\/2405"}],"collection":[{"href":"https:\/\/akdenizolaygazetesi.com\/index.php?rest_route=\/wp\/v2\/posts"}],"about":[{"href":"https:\/\/akdenizolaygazetesi.com\/index.php?rest_route=\/wp\/v2\/types\/post"}],"author":[{"embeddable":true,"href":"https:\/\/akdenizolaygazetesi.com\/index.php?rest_route=\/wp\/v2\/users\/1"}],"replies":[{"embeddable":true,"href":"https:\/\/akdenizolaygazetesi.com\/index.php?rest_route=%2Fwp%2Fv2%2Fcomments&post=2405"}],"version-history":[{"count":0,"href":"https:\/\/akdenizolaygazetesi.com\/index.php?rest_route=\/wp\/v2\/posts\/2405\/revisions"}],"wp:attachment":[{"href":"https:\/\/akdenizolaygazetesi.com\/index.php?rest_route=%2Fwp%2Fv2%2Fmedia&parent=2405"}],"wp:term":[{"taxonomy":"category","embeddable":true,"href":"https:\/\/akdenizolaygazetesi.com\/index.php?rest_route=%2Fwp%2Fv2%2Fcategories&post=2405"},{"taxonomy":"post_tag","embeddable":true,"href":"https:\/\/akdenizolaygazetesi.com\/index.php?rest_route=%2Fwp%2Fv2%2Ftags&post=2405"}],"curies":[{"name":"wp","href":"https:\/\/api.w.org\/{rel}","templated":true}]}}