{"id":24054,"date":"2023-02-09T15:56:14","date_gmt":"2023-02-09T12:56:14","guid":{"rendered":"http:\/\/akdenizolaygazetesi.com\/?p=24054"},"modified":"2023-02-09T15:56:14","modified_gmt":"2023-02-09T12:56:14","slug":"mersinli-minik-ervadan-depremzedeler-icin-duygulandiran-sozler","status":"publish","type":"post","link":"https:\/\/akdenizolaygazetesi.com\/?p=24054","title":{"rendered":"Mersinli minik Erva&#8217;dan depremzedeler i\u00e7in duyguland\u0131ran s\u00f6zler"},"content":{"rendered":"<p>Mersin Yeni\u015fehir Belediyesinin deprem b\u00f6lgesindeki yurtta\u015flar i\u00e7in ba\u015flatt\u0131\u011f\u0131 yard\u0131m kampanyas\u0131na ailesiyle e\u015fya deste\u011finde bulunan 10 ya\u015f\u0131ndaki minik Evra, s\u00f6yledikleriyle herkesi duyguland\u0131rd\u0131. Evra&#8221; Ben az \u00f6nce yolda gelirken, biz de Ad\u0131yaman&#8217;a bir \u015feyler g\u00f6nderecektik. Kutunun alt\u0131nda kald\u0131m. Allah bilir orda, Ad\u0131yaman&#8217;da bir s\u00fcr\u00fc betonun alt\u0131nda kalan \u00e7ocuk, insan.  Allah bilir onlar ne yap\u0131yorlard\u0131r. Hepsine ge\u00e7mi\u015f olsun.&#8221; dedi.<br \/>\nYard\u0131m toplama merkezi olarak belirlenen Yeni\u015fehir Belediyesi Atat\u00fcrk K\u00fclt\u00fcr Merkezi&#8217;ne depremin ilk g\u00fcn\u00fcnden bu yana binlerce Mersinli temel ihtiya\u00e7 malzemesi getiriyor. T\u00fcm T\u00fcrkiye&#8217;de oldu\u011fu gibi 7&#8217;den 77&#8217;ye vatanda\u015flar depremden etkilenen afetzedeler i\u00e7in seferber Mersin&#8217;de de olmu\u015f durumda. Deprem b\u00f6lgesindeki vatanda\u015flar i\u00e7in ba\u015flat\u0131lan yard\u0131m kampanyas\u0131na destek verenlerden biri de 10 ya\u015f\u0131ndaki minik Evra oldu. Evra&#8217;n\u0131n s\u00f6zleri ise herkesi duyguland\u0131rd\u0131.<br \/>\nAbdullah \u00d6zyi\u011fit &#8220;Minik Erva&#8217;n\u0131n s\u00f6zleri betonun a\u011f\u0131rl\u0131\u011f\u0131 ve so\u011fuklu\u011fu kadar i\u00e7imize oturdu.&#8221;<br \/>\nMersin Yeni\u015fehir Belediye Ba\u015fkan\u0131 Abdullah \u00d6zyi\u011fit, Evra&#8217;n\u0131n videosunu sosyal medya hesab\u0131ndan \u015fu ifadeleri kullanarak payla\u015ft\u0131: &#8220;Ah \u00e7ocuklar, g\u00fczel \u00e7ocuklar&#8230; Yeriniz sizi hi\u00e7bir zaman incitmesin. Minik Erva&#8217;n\u0131n s\u00f6zleri betonun a\u011f\u0131rl\u0131\u011f\u0131 ve so\u011fuklu\u011fu kadar i\u00e7imize oturdu.&#8221;<\/p>\n","protected":false},"excerpt":{"rendered":"<p>Mersin Yeni\u015fehir Belediyesinin deprem b\u00f6lgesindeki yurtta\u015flar i\u00e7in ba\u015flatt\u0131\u011f\u0131 yard\u0131m kampanyas\u0131na ailesiyle e\u015fya deste\u011finde bulunan 10 ya\u015f\u0131ndaki minik Evra, s\u00f6yledikleriyle herkesi duyguland\u0131rd\u0131. Evra&#8221; Ben az \u00f6nce yolda gelirken, biz de Ad\u0131yaman&#8217;a &hellip; <a href=\"https:\/\/akdenizolaygazetesi.com\/?p=24054\" class=\"more-link\">Devam\u0131n\u0131 Oku&#8230;<\/a><\/p>\n","protected":false},"author":2,"featured_media":24055,"comment_status":"open","ping_status":"open","sticky":false,"template":"","format":"standard","meta":[],"categories":[2,3],"tags":[],"_links":{"self":[{"href":"https:\/\/akdenizolaygazetesi.com\/index.php?rest_route=\/wp\/v2\/posts\/24054"}],"collection":[{"href":"https:\/\/akdenizolaygazetesi.com\/index.php?rest_route=\/wp\/v2\/posts"}],"about":[{"href":"https:\/\/akdenizolaygazetesi.com\/index.php?rest_route=\/wp\/v2\/types\/post"}],"author":[{"embeddable":true,"href":"https:\/\/akdenizolaygazetesi.com\/index.php?rest_route=\/wp\/v2\/users\/2"}],"replies":[{"embeddable":true,"href":"https:\/\/akdenizolaygazetesi.com\/index.php?rest_route=%2Fwp%2Fv2%2Fcomments&post=24054"}],"version-history":[{"count":1,"href":"https:\/\/akdenizolaygazetesi.com\/index.php?rest_route=\/wp\/v2\/posts\/24054\/revisions"}],"predecessor-version":[{"id":24056,"href":"https:\/\/akdenizolaygazetesi.com\/index.php?rest_route=\/wp\/v2\/posts\/24054\/revisions\/24056"}],"wp:featuredmedia":[{"embeddable":true,"href":"https:\/\/akdenizolaygazetesi.com\/index.php?rest_route=\/wp\/v2\/media\/24055"}],"wp:attachment":[{"href":"https:\/\/akdenizolaygazetesi.com\/index.php?rest_route=%2Fwp%2Fv2%2Fmedia&parent=24054"}],"wp:term":[{"taxonomy":"category","embeddable":true,"href":"https:\/\/akdenizolaygazetesi.com\/index.php?rest_route=%2Fwp%2Fv2%2Fcategories&post=24054"},{"taxonomy":"post_tag","embeddable":true,"href":"https:\/\/akdenizolaygazetesi.com\/index.php?rest_route=%2Fwp%2Fv2%2Ftags&post=24054"}],"curies":[{"name":"wp","href":"https:\/\/api.w.org\/{rel}","templated":true}]}}