{"id":24065,"date":"2023-02-10T10:54:31","date_gmt":"2023-02-10T07:54:31","guid":{"rendered":"http:\/\/akdenizolaygazetesi.com\/?p=24065"},"modified":"2023-02-10T10:54:31","modified_gmt":"2023-02-10T07:54:31","slug":"hatay-kirikhanda-arama-kurtarma-calismasi-yapan-ekiplerden-bilgi-aldi-deprem-magduru-vatandaslari-dinledi","status":"publish","type":"post","link":"https:\/\/akdenizolaygazetesi.com\/?p=24065","title":{"rendered":"Hatay K\u0131r\u0131khan\u2019da arama kurtarma \u00e7al\u0131\u015fmas\u0131 yapan ekiplerden bilgi ald\u0131, deprem ma\u011fduru vatanda\u015flar\u0131 dinledi"},"content":{"rendered":"<p>Akdeniz Belediye Ba\u015fkan\u0131 M. Mustafa G\u00fcltak, \u00f6nce 7,7; ard\u0131ndan da 7,6 \u015fiddetindeki depremlerin a\u011f\u0131r \u015fekilde vurdu\u011fu b\u00f6lgelerden biri olan Hatay K\u0131r\u0131khan\u2019da incelemelerde bulunarak arama-kurtarma faaliyeti y\u00fcr\u00fcten ekiplerden bilgi ald\u0131, depremzede vatanda\u015flarla bir araya geldi.<br \/>\nB\u00f6lgede, a\u011f\u0131r i\u015f makineleri yard\u0131m\u0131yla aral\u0131ks\u0131z arama ve kurtarma faaliyeti y\u00fcr\u00fcten fen i\u015fleri m\u00fcd\u00fcrl\u00fc\u011f\u00fc ekiplerinden bilgi alan ve deprem ma\u011fduru ac\u0131l\u0131 vatanda\u015flar\u0131 dinleyen Akdeniz Belediye Ba\u015fkan\u0131 Mustafa G\u00fcltak; \u201cKar\u015f\u0131la\u015ft\u0131\u011f\u0131m\u0131z manzara ger\u00e7ekten \u00e7ok b\u00fcy\u00fck bir afet ya\u015fad\u0131\u011f\u0131m\u0131z\u0131 g\u00f6steriyor. Maalesef d\u00fcnyada bug\u00fcne dek \u00f6rne\u011fi olmayan bir felaketi ya\u015f\u0131yoruz. Hayat\u0131n\u0131 kaybeden vatanda\u015flar\u0131m\u0131za Allah\u2019tan rahmet, yak\u0131nlar\u0131na ba\u015fsa\u011fl\u0131\u011f\u0131 ve sab\u0131r diliyorum. T\u00fcm T\u00fcrkiye\u2019nin ba\u015f\u0131 sa\u011f olsun. Y\u0131k\u0131m\u0131n boyutu ne yaz\u0131k ki \u00e7ok a\u011f\u0131r ama yaralar\u0131m\u0131z\u0131 hep birlikte saraca\u011f\u0131z\u201d dedi.<br \/>\n\u201cT\u00fcm T\u00fcrkiye\u2019nin kalbi, y\u00fcre\u011fi burada\u2026\u201d<br \/>\nT\u00fcm T\u00fcrkiye\u2019nin kalbinin depremzede vatanda\u015flar i\u00e7in att\u0131\u011f\u0131n\u0131 dile getiren Ba\u015fkan G\u00fcltak, \u201cHepimizin, herkesi g\u00f6nl\u00fc buralara gelmek, depremzede insanlar\u0131m\u0131za sar\u0131lmak, onlar\u0131 yaln\u0131z b\u0131rakmamak. \u00dclkemizin d\u00f6rt bir yan\u0131ndan yard\u0131mlar, ihtiya\u00e7 malzemeleri de b\u00f6lgeye ula\u015fm\u0131\u015f durumda. Ancak yollarda olu\u015fan yo\u011funluk nedeniyle ula\u015f\u0131mda yer yer s\u0131k\u0131nt\u0131lar oldu\u011funu g\u00f6rd\u00fck. Kriz Masas\u0131 ile g\u00f6r\u00fc\u015f\u00fcp Say\u0131n Valimiz ve AFAD yetkililerimizden bilgi alaca\u011f\u0131m. Devletimiz b\u00fct\u00fcn g\u00fcc\u00fc ve imk\u00e2nlar\u0131yla burada\u201d diye konu\u015ftu.<br \/>\n\u201cB\u00fcy\u00fck bir devlet, g\u00fc\u00e7l\u00fc bir milletiz\u201d<br \/>\nBa\u015fkan G\u00fcltak, Akdeniz Belediyesi\u2019ne ba\u011fl\u0131 ekiplerin de ilk g\u00fcnden bu yana canla ba\u015fla arama-kurtarma faaliyeti y\u00fcr\u00fctt\u00fcklerini ifade ederek; \u201cCanla ba\u015fla \u00e7al\u0131\u015fan ekiplerimizin bir\u00e7ok vatanda\u015f\u0131m\u0131z\u0131 enkaz alt\u0131ndan canl\u0131 \u00e7\u0131kard\u0131klar\u0131n\u0131 biliyorum. Tek umudumuz bundan sonra daha fazla can kayb\u0131 olmamas\u0131. \u0130nsan\u00fcst\u00fc bir \u00e7abayla, 24 saat boyunca g\u00f6\u00e7\u00fck alt\u0131ndan canlar\u0131m\u0131z\u0131 kurtarmaya \u00e7al\u0131\u015fan t\u00fcm g\u00f6revlilerimize ve g\u00f6n\u00fcll\u00fclerimize en kalbi \u015f\u00fckranlar\u0131m\u0131 sunuyorum. G\u00fcn, birlik olma g\u00fcn\u00fc, yaralar\u0131m\u0131z\u0131 hep birlikte sarma g\u00fcn\u00fcd\u00fcr. Deprem ma\u011fduru t\u00fcm insanlar\u0131m\u0131za kentimizin, il\u00e7emizin t\u00fcm kap\u0131lar\u0131 a\u00e7\u0131kt\u0131r. B\u00fcy\u00fck bir devlet ve g\u00fc\u00e7l\u00fc bir milletiz. \u0130n\u015fallah bu felaketi de hep birlikte atlataca\u011f\u0131z, bu zor ve ac\u0131 g\u00fcnleri geride b\u0131rakaca\u011f\u0131z\u201d \u015feklinde konu\u015ftu. <\/p>\n","protected":false},"excerpt":{"rendered":"<p>Akdeniz Belediye Ba\u015fkan\u0131 M. Mustafa G\u00fcltak, \u00f6nce 7,7; ard\u0131ndan da 7,6 \u015fiddetindeki depremlerin a\u011f\u0131r \u015fekilde vurdu\u011fu b\u00f6lgelerden biri olan Hatay K\u0131r\u0131khan\u2019da incelemelerde bulunarak arama-kurtarma faaliyeti y\u00fcr\u00fcten ekiplerden bilgi ald\u0131, depremzede &hellip; <a href=\"https:\/\/akdenizolaygazetesi.com\/?p=24065\" class=\"more-link\">Devam\u0131n\u0131 Oku&#8230;<\/a><\/p>\n","protected":false},"author":2,"featured_media":24066,"comment_status":"open","ping_status":"open","sticky":false,"template":"","format":"standard","meta":[],"categories":[2,3,5],"tags":[],"_links":{"self":[{"href":"https:\/\/akdenizolaygazetesi.com\/index.php?rest_route=\/wp\/v2\/posts\/24065"}],"collection":[{"href":"https:\/\/akdenizolaygazetesi.com\/index.php?rest_route=\/wp\/v2\/posts"}],"about":[{"href":"https:\/\/akdenizolaygazetesi.com\/index.php?rest_route=\/wp\/v2\/types\/post"}],"author":[{"embeddable":true,"href":"https:\/\/akdenizolaygazetesi.com\/index.php?rest_route=\/wp\/v2\/users\/2"}],"replies":[{"embeddable":true,"href":"https:\/\/akdenizolaygazetesi.com\/index.php?rest_route=%2Fwp%2Fv2%2Fcomments&post=24065"}],"version-history":[{"count":1,"href":"https:\/\/akdenizolaygazetesi.com\/index.php?rest_route=\/wp\/v2\/posts\/24065\/revisions"}],"predecessor-version":[{"id":24067,"href":"https:\/\/akdenizolaygazetesi.com\/index.php?rest_route=\/wp\/v2\/posts\/24065\/revisions\/24067"}],"wp:featuredmedia":[{"embeddable":true,"href":"https:\/\/akdenizolaygazetesi.com\/index.php?rest_route=\/wp\/v2\/media\/24066"}],"wp:attachment":[{"href":"https:\/\/akdenizolaygazetesi.com\/index.php?rest_route=%2Fwp%2Fv2%2Fmedia&parent=24065"}],"wp:term":[{"taxonomy":"category","embeddable":true,"href":"https:\/\/akdenizolaygazetesi.com\/index.php?rest_route=%2Fwp%2Fv2%2Fcategories&post=24065"},{"taxonomy":"post_tag","embeddable":true,"href":"https:\/\/akdenizolaygazetesi.com\/index.php?rest_route=%2Fwp%2Fv2%2Ftags&post=24065"}],"curies":[{"name":"wp","href":"https:\/\/api.w.org\/{rel}","templated":true}]}}