{"id":24068,"date":"2023-02-10T10:55:35","date_gmt":"2023-02-10T07:55:35","guid":{"rendered":"http:\/\/akdenizolaygazetesi.com\/?p=24068"},"modified":"2023-02-10T10:55:35","modified_gmt":"2023-02-10T07:55:35","slug":"yenisehir-belediyesinin-giysi-evinden-ilk-gun-4-bini-askin-afetzede-yararlandi","status":"publish","type":"post","link":"https:\/\/akdenizolaygazetesi.com\/?p=24068","title":{"rendered":"Yeni\u015fehir Belediyesinin giysi evinden ilk g\u00fcn 4 bini a\u015fk\u0131n afetzede yararland\u0131"},"content":{"rendered":"<p>Mersin Yeni\u015fehir Belediyesinin deprem b\u00f6lgesinden Mersin\u2019e gelen afetzede yurtta\u015flar i\u00e7in Yeni\u015fehir Belediyesi Atat\u00fcrk K\u00fclt\u00fcr Merkezinde kurdu\u011fu giysi evinden ilk g\u00fcn 4 bini a\u015fk\u0131n ki\u015fi yararland\u0131. Yeni\u015fehir Belediye Ba\u015fkan\u0131 Abdullah \u00d6zyi\u011fit, \u201cYaralar\u0131 sarmak ve dayan\u0131\u015fmay\u0131 artt\u0131rmak i\u00e7in m\u00fccadelemizi s\u00fcrd\u00fcr\u00fcyoruz. \u0130nsanlar\u0131n giyim ve yemek gibi g\u00fcnl\u00fck ihtiya\u00e7lar\u0131n\u0131n kar\u015f\u0131lanmas\u0131 noktas\u0131nda b\u00fcy\u00fck bir emek ve \u00f6zveri g\u00f6steriyoruz.\u201d dedi<br \/>\nDepremin ilk g\u00fcn\u00fcnden itibaren t\u00fcm imkanlar\u0131yla \u00e7al\u0131\u015fmalar\u0131n\u0131 s\u00fcrd\u00fcren Yeni\u015fehir Belediyesi, b\u00f6lgeye t\u0131rlarla temel ihtiya\u00e7 malzemelerini sevk ederken, kente gelen afetzedeleri de yaln\u0131z b\u0131rakm\u0131yor. Yard\u0131m toplama merkezi olarak haz\u0131rlanan Yeni\u015fehir Belediyesi Atat\u00fcrk K\u00fclt\u00fcr Merkezi\u2019nde giysi evi kuruldu. 200\u2019e yak\u0131n g\u00f6n\u00fcll\u00fcn\u00fcn destek verdi\u011fi \u00e7al\u0131\u015fmalarla g\u00fcn boyu afetzedelere hizmet verildi. Depremin etkiledi\u011fi illerden Mersin\u2019e gelen vatanda\u015flar\u0131n talep ve ihtiya\u00e7lar\u0131 dikkate al\u0131narak haz\u0131rlanan giysi evinde her ya\u015fa uygun giysi ve ayakkab\u0131 bulunuyor. Ba\u011f\u0131\u015flanan e\u015fyalar Yeni\u015fehir Belediyesi ekipleri ve g\u00f6n\u00fcll\u00fcler taraf\u0131ndan tek tek tasnif ediliyor. Yeni\u015fehir Belediyesinin kurdu\u011fu giysi evi haftan\u0131n her g\u00fcn\u00fc 09.00-21.00 saatleri aras\u0131nda hizmet verecek.<br \/>\n\u201cDeprem b\u00f6lgesine yard\u0131m malzemesi sevkiyat\u0131m\u0131z da devam ediyor.\u201d<br \/>\nVatanda\u015flar\u0131n giyim ve g\u0131da gibi temel ihtiya\u00e7lar\u0131n\u0131 kar\u015f\u0131lamak amac\u0131yla \u00e7al\u0131\u015ft\u0131klar\u0131n\u0131 belirten Yeni\u015fehir Belediye Ba\u015fkan\u0131 Abdullah \u00d6zyi\u011fit \u015fu ifadeleri kulland\u0131: \u201cYaralar\u0131 sarmak ve dayan\u0131\u015fmay\u0131 artt\u0131rmak i\u00e7in m\u00fccadelemizi s\u00fcrd\u00fcr\u00fcyoruz. Buras\u0131 bir giyim merkezi, bir yandan yard\u0131mlar geliyor. Ekiplerimiz ve g\u00f6n\u00fcll\u00fclerimiz taraf\u0131ndan tasnif ediliyor. Burada \u00f6ncelikle gelen vatanda\u015flar\u0131m\u0131z\u0131n kayd\u0131 al\u0131n\u0131yor. Depremzedeler bir g\u00f6n\u00fcll\u00fc nezaretinde k\u0131yafetini se\u00e7iyor ve al\u0131yor. Bug\u00fcn \u015fu ana kadar 4 binin \u00fczerinde yurtta\u015f\u0131m\u0131za giysi deste\u011fi verdik. B\u00fcy\u00fck bir organizasyon, ekibimizi kutluyorum. Bunun d\u0131\u015f\u0131nda yeni bir alan daha olu\u015fturmam\u0131z gerekecek. B\u00f6yle bir fiziki alan\u0131 ba\u015fka bir merkezde daha olu\u015fturaca\u011f\u0131z. Dolay\u0131s\u0131yla gelen vatanda\u015flar\u0131m\u0131z\u0131n yaralar\u0131n\u0131 sarmak i\u00e7in elimizden ne geliyorsa yapaca\u011f\u0131z. Tabi ki deprem b\u00f6lgesinde i\u015f \u00e7ok zor ama oradan da insanlar b\u00f6lgemize geliyor.  Deprem b\u00f6lgesindeki vatanda\u015flar\u0131n geldi\u011fi ilk yer Mersin. Dolay\u0131s\u0131yla B\u00fcy\u00fck\u015fehir Belediyemizle, Fuar Merkezimizi b\u00fcy\u00fck bir konaklama alan\u0131 olarak tesis ediyoruz. Konaklama konusunda bir prosed\u00fcr var onu takip etmeye \u00e7al\u0131\u015f\u0131yoruz. \u0130nsanlar\u0131n giyim ve yemek gibi g\u00fcnl\u00fck ihtiya\u00e7lar\u0131n\u0131n kar\u015f\u0131lanmas\u0131 noktas\u0131nda b\u00fcy\u00fck bir emek ve \u00f6zveri g\u00f6steriyoruz. Deprem b\u00f6lgesine yard\u0131m malzemesi sevkiyat\u0131m\u0131z da devam ediyor. Mersinli, Yeni\u015fehirli vatanda\u015flar\u0131m\u0131zdan belirlenen \u00f6ncelikli ihtiya\u00e7 malzemelerini ba\u011f\u0131\u015flamalar\u0131n\u0131 rica ediyoruz. Bu \u015fekilde daha efektif olur. Destek veren t\u00fcm hem\u015fehrilerime sonsuz te\u015fekk\u00fcrlerimi sunuyorum.\u201d<br \/>\n\u201cHep biz depremzedelere e\u015fya g\u00f6nderiyorduk bu sefer biz depremzede olduk\u201d<br \/>\nDepremden sonra Hatay\u2019dan Mersin\u2019e gelen afetzede Fatma Boyar,  \u201cHatay Antakya\u2019dan geliyoruz. Kendimizi zor att\u0131k d\u0131\u015far\u0131ya, ev zaten kullan\u0131lacak gibi de\u011fil. Ev tekrar yap\u0131l\u0131r ama sa\u011f\u0131m\u0131z solumuz \u00f6n\u00fcm\u00fcz arkam\u0131z hep enkaz. Ailem iyi ama t\u00fcm arkada\u015flar\u0131m \u00f6ld\u00fc. Biz Mersin\u2019e gelmeden \u00f6ncede art\u00e7\u0131lar oldu baya\u011f\u0131 salland\u0131k ve sallant\u0131da millet bar\u0131nd\u0131\u011f\u0131 yerden bile ka\u00e7\u0131yor art\u0131k, o psikolojideyiz. Durdu\u011fumuz yerde bile sallan\u0131yoruz gibi hissediyoruz. Sizlere \u00e7ok te\u015fekk\u00fcr ediyorum bize b\u00f6yle bir destekte bulundu\u011funuz i\u00e7in. En az\u0131ndan s\u0131cak bir yerde kalabiliyoruz bu so\u011fuk k\u0131\u015f g\u00fcn\u00fcnde. Hatay\u2019da ne internet var ne bir \u015fey. Yolda gelirken, enkaz\u0131 izlerken sanki bir deprem belgeseli \u00e7ekiyormu\u015fuz gibi hissettim, \u00e7\u00fcnk\u00fc her taraf y\u0131k\u0131lm\u0131\u015f. Ben Antakya\u2019n\u0131n bu duruma gelece\u011fini d\u00fc\u015f\u00fcnm\u00fcyor ve tahmin etmiyordum. Hep biz depremzedelere e\u015fya g\u00f6nderiyorduk bu sefer biz depremzede olduk. Buradaki g\u00f6revliler bize \u00e7ok iyi davran\u0131yor ve destek veriyorlar. \u00c7ok te\u015fekk\u00fcr ediyorum.\u201d dedi.<\/p>\n","protected":false},"excerpt":{"rendered":"<p>Mersin Yeni\u015fehir Belediyesinin deprem b\u00f6lgesinden Mersin\u2019e gelen afetzede yurtta\u015flar i\u00e7in Yeni\u015fehir Belediyesi Atat\u00fcrk K\u00fclt\u00fcr Merkezinde kurdu\u011fu giysi evinden ilk g\u00fcn 4 bini a\u015fk\u0131n ki\u015fi yararland\u0131. Yeni\u015fehir Belediye Ba\u015fkan\u0131 Abdullah \u00d6zyi\u011fit, &hellip; <a href=\"https:\/\/akdenizolaygazetesi.com\/?p=24068\" class=\"more-link\">Devam\u0131n\u0131 Oku&#8230;<\/a><\/p>\n","protected":false},"author":2,"featured_media":24069,"comment_status":"open","ping_status":"open","sticky":false,"template":"","format":"standard","meta":[],"categories":[1,2,3,5],"tags":[],"_links":{"self":[{"href":"https:\/\/akdenizolaygazetesi.com\/index.php?rest_route=\/wp\/v2\/posts\/24068"}],"collection":[{"href":"https:\/\/akdenizolaygazetesi.com\/index.php?rest_route=\/wp\/v2\/posts"}],"about":[{"href":"https:\/\/akdenizolaygazetesi.com\/index.php?rest_route=\/wp\/v2\/types\/post"}],"author":[{"embeddable":true,"href":"https:\/\/akdenizolaygazetesi.com\/index.php?rest_route=\/wp\/v2\/users\/2"}],"replies":[{"embeddable":true,"href":"https:\/\/akdenizolaygazetesi.com\/index.php?rest_route=%2Fwp%2Fv2%2Fcomments&post=24068"}],"version-history":[{"count":1,"href":"https:\/\/akdenizolaygazetesi.com\/index.php?rest_route=\/wp\/v2\/posts\/24068\/revisions"}],"predecessor-version":[{"id":24070,"href":"https:\/\/akdenizolaygazetesi.com\/index.php?rest_route=\/wp\/v2\/posts\/24068\/revisions\/24070"}],"wp:featuredmedia":[{"embeddable":true,"href":"https:\/\/akdenizolaygazetesi.com\/index.php?rest_route=\/wp\/v2\/media\/24069"}],"wp:attachment":[{"href":"https:\/\/akdenizolaygazetesi.com\/index.php?rest_route=%2Fwp%2Fv2%2Fmedia&parent=24068"}],"wp:term":[{"taxonomy":"category","embeddable":true,"href":"https:\/\/akdenizolaygazetesi.com\/index.php?rest_route=%2Fwp%2Fv2%2Fcategories&post=24068"},{"taxonomy":"post_tag","embeddable":true,"href":"https:\/\/akdenizolaygazetesi.com\/index.php?rest_route=%2Fwp%2Fv2%2Ftags&post=24068"}],"curies":[{"name":"wp","href":"https:\/\/api.w.org\/{rel}","templated":true}]}}