{"id":24074,"date":"2023-02-10T17:22:48","date_gmt":"2023-02-10T14:22:48","guid":{"rendered":"http:\/\/akdenizolaygazetesi.com\/?p=24074"},"modified":"2023-02-10T17:22:48","modified_gmt":"2023-02-10T14:22:48","slug":"akdeniz-belediyesinden-deprem-bolgesine-icme-suyu-ve-yakacak-yardimi","status":"publish","type":"post","link":"https:\/\/akdenizolaygazetesi.com\/?p=24074","title":{"rendered":"AKDEN\u0130Z BELED\u0130YES\u0130\u2019NDEN DEPREM B\u00d6LGES\u0130NE \u0130\u00c7ME SUYU VE YAKACAK YARDIMI"},"content":{"rendered":"<p>Akdeniz Belediyesi Park Bah\u00e7eler M\u00fcd\u00fcrl\u00fc\u011f\u00fc envanterinde bulunan 2 araz\u00f6z ve 3 kamyon Hatay\u2019a hareket etti. Araz\u00f6zlerle temiz i\u00e7me suyu, kamyonlarla da 60 ton yakacak odun g\u00f6nderildi.<br \/>\nKahramanmara\u015f\u2019\u0131n Pazarc\u0131k ve Elbistan il\u00e7elerinde meydana gelen ve 10 ilde hissedilen 7,7 ile 7,6 \u015fiddetindeki depremlerden etkilenen vatanda\u015flar i\u00e7in yard\u0131mlar s\u00fcr\u00fcyor. \u0130lk g\u00fcnden beri deprem b\u00f6lgesine ihtiya\u00e7 d\u00e2hilinde t\u00fcm imk\u00e2nlar\u0131n\u0131 seferber eden Akdeniz Belediyesi, bug\u00fcn de temiz i\u00e7me suyu dolu 2 araz\u00f6z ile toplamda 60 ton yakacak odun y\u00fckl\u00fc 3 kamyonu Hatay\u2019a g\u00f6nderdi.<br \/>\nAfet ve Acil Durum Y\u00f6netimi Ba\u015fkanl\u0131\u011f\u0131\u2019ndan (AFAD) gelen talimat do\u011frultusunda makine ikmal sahas\u0131nda g\u00f6rev yapan 30 personelle birlikte 2 kaz\u0131c\u0131 y\u00fckleyici lastik tekerlekli kep\u00e7e, 1 paletli ekskavat\u00f6r, 4 damperli kamyon, i\u015f makinelerinin nakliyesi i\u00e7in 2 TIR, 1 kamyonet ve 1 minib\u00fcs Hatay K\u0131r\u0131khan b\u00f6lgesine gitti.<br \/>\nSon olarak, Park Bah\u00e7eler M\u00fcd\u00fcrl\u00fc\u011f\u00fc envanterinde bulunan 2 araz\u00f6z ve 3 kamyon da deprem b\u00f6lgesinde yer alan ekiplere destek ama\u00e7l\u0131 hareket etti. AFAD\u2019dan gelen talimatlara y\u00f6nelik b\u00f6lgeye g\u00f6nderilen ara\u00e7larda, araz\u00f6zlerde temiz i\u00e7me suyu, kamyonlar da ise yakacak odun yer ald\u0131. <\/p>\n","protected":false},"excerpt":{"rendered":"<p>Akdeniz Belediyesi Park Bah\u00e7eler M\u00fcd\u00fcrl\u00fc\u011f\u00fc envanterinde bulunan 2 araz\u00f6z ve 3 kamyon Hatay\u2019a hareket etti. Araz\u00f6zlerle temiz i\u00e7me suyu, kamyonlarla da 60 ton yakacak odun g\u00f6nderildi. Kahramanmara\u015f\u2019\u0131n Pazarc\u0131k ve Elbistan &hellip; <a href=\"https:\/\/akdenizolaygazetesi.com\/?p=24074\" class=\"more-link\">Devam\u0131n\u0131 Oku&#8230;<\/a><\/p>\n","protected":false},"author":2,"featured_media":24075,"comment_status":"open","ping_status":"open","sticky":false,"template":"","format":"standard","meta":[],"categories":[34,3,11],"tags":[],"_links":{"self":[{"href":"https:\/\/akdenizolaygazetesi.com\/index.php?rest_route=\/wp\/v2\/posts\/24074"}],"collection":[{"href":"https:\/\/akdenizolaygazetesi.com\/index.php?rest_route=\/wp\/v2\/posts"}],"about":[{"href":"https:\/\/akdenizolaygazetesi.com\/index.php?rest_route=\/wp\/v2\/types\/post"}],"author":[{"embeddable":true,"href":"https:\/\/akdenizolaygazetesi.com\/index.php?rest_route=\/wp\/v2\/users\/2"}],"replies":[{"embeddable":true,"href":"https:\/\/akdenizolaygazetesi.com\/index.php?rest_route=%2Fwp%2Fv2%2Fcomments&post=24074"}],"version-history":[{"count":1,"href":"https:\/\/akdenizolaygazetesi.com\/index.php?rest_route=\/wp\/v2\/posts\/24074\/revisions"}],"predecessor-version":[{"id":24076,"href":"https:\/\/akdenizolaygazetesi.com\/index.php?rest_route=\/wp\/v2\/posts\/24074\/revisions\/24076"}],"wp:featuredmedia":[{"embeddable":true,"href":"https:\/\/akdenizolaygazetesi.com\/index.php?rest_route=\/wp\/v2\/media\/24075"}],"wp:attachment":[{"href":"https:\/\/akdenizolaygazetesi.com\/index.php?rest_route=%2Fwp%2Fv2%2Fmedia&parent=24074"}],"wp:term":[{"taxonomy":"category","embeddable":true,"href":"https:\/\/akdenizolaygazetesi.com\/index.php?rest_route=%2Fwp%2Fv2%2Fcategories&post=24074"},{"taxonomy":"post_tag","embeddable":true,"href":"https:\/\/akdenizolaygazetesi.com\/index.php?rest_route=%2Fwp%2Fv2%2Ftags&post=24074"}],"curies":[{"name":"wp","href":"https:\/\/api.w.org\/{rel}","templated":true}]}}