{"id":24083,"date":"2023-02-10T17:26:51","date_gmt":"2023-02-10T14:26:51","guid":{"rendered":"http:\/\/akdenizolaygazetesi.com\/?p=24083"},"modified":"2023-02-10T17:26:51","modified_gmt":"2023-02-10T14:26:51","slug":"akdeniz-belediye-meclisi-subat-ayi-ikinci-birlesimini-yapti","status":"publish","type":"post","link":"https:\/\/akdenizolaygazetesi.com\/?p=24083","title":{"rendered":"AKDEN\u0130Z BELED\u0130YE MECL\u0130S\u0130 \u015eUBAT AYI \u0130K\u0130NC\u0130 B\u0130RLE\u015e\u0130M\u0130N\u0130 YAPTI"},"content":{"rendered":"<p>Kahramanmara\u015f\u2019ta meydana gelen ve 10 kenti ve milyonlarca insan\u0131 etkileyen y\u0131k\u0131c\u0131 depremler nedeniyle 6 \u015eubat 2023 Pazartesi g\u00fcnk\u00fc ilk birle\u015fimi yasa gere\u011fi yap\u0131lan a\u00e7\u0131l\u0131\u015f\u0131n ard\u0131ndan ertelenen Akdeniz Belediye Meclisi \u015eubat ay\u0131 2\u2019nci birle\u015fimi, M. Mustafa G\u00fcltak Ba\u015fkanl\u0131\u011f\u0131\u2019nda ger\u00e7ekle\u015fti.<br \/>\nSayg\u0131 duru\u015fu ve \u0130stiklal Mar\u015f\u0131 ile ba\u015flayan toplant\u0131da bir \u00f6nceki birle\u015fim tutanak \u00f6zeti kabul edildi, ard\u0131ndan g\u00fcndem maddelerine ge\u00e7ildi. Akdeniz Belediyesi sorumlulu\u011fundaki sokak, meydan, ye\u015fil alan, bulvar gibi alanlarda altyap\u0131 yat\u0131r\u0131m\u0131 yapan firma ve vatanda\u015flarca yap\u0131lacak kaz\u0131larla ilgili gelir kaydedilecek ruhsat bedeli, ke\u015fif bedeli ve tahrip bedellerinin Mersin B\u00fcy\u00fck\u015fehir Belediyesi AYKOME \u015eube M\u00fcd\u00fcrl\u00fc\u011f\u00fc birim fiyatlar\u0131 \u00fczerinden yap\u0131larak Meclis karar\u0131 ile kabul edilen Mali Y\u0131l\u0131 Vergi, Resim, Har\u00e7 ve \u00dccret tarifesine eklenmesiyle ilgili teklif g\u00f6r\u00fc\u015f\u00fcld\u00fc. Konu komisyonlara sevk edildi.<br \/>\nEmniyet Te\u015fkilat\u0131 Vazife Malul\u00fc ve \u015eehit Aileleri Vakf\u0131\u2019na tahsis<br \/>\nM\u00fclkiyeti Akdeniz Belediye Ba\u015fkanl\u0131\u011f\u0131na ait Nusratiye Mahallesi 5320 Sokak No: 22 (761 ada 1 parsel) adresindeki prefabrik yap\u0131n\u0131n, Emniyet Te\u015fkilat\u0131 Vazife Malul\u00fc ve \u015eehit Aileleri Vakf\u0131 ile Akdeniz Belediye Ba\u015fkanl\u0131\u011f\u0131 aras\u0131nda ortak hizmet projelerinde kullan\u0131lmak \u00fczere 15 y\u0131l s\u00fcreli bedelsiz tahsisinin yap\u0131lmas\u0131 ile ilgili teklifin g\u00f6r\u00fc\u015f\u00fcld\u00fc. Teklif, oybirli\u011fi ile komisyonlara havale edildi.<br \/>\nUluslararas\u0131 turizm fuarlar\u0131na kat\u0131l\u0131m sa\u011flanacak<br \/>\nMeclis\u2019te, Akdeniz Belediye Ba\u015fkan\u0131 ve METAB Meclis \u00fcyesi M. Mustafa G\u00fcltak\u2019\u0131n 07-09 Mart 2023 tarihleri aras\u0131nda Almanya\u2019da ger\u00e7ekle\u015ftirilecek olan &#8220;ITB Berlin Uluslararas\u0131 Turizm Fuar\u0131na&#8221;; Belediye Meclisi ve METAB Meclis \u00fcyesi Y\u0131ld\u0131r\u0131m Akp\u0131nar\u2019\u0131n ise 16-18 Mart 2023 tarihleri aras\u0131nda Rusya\u2019da ger\u00e7ekle\u015ftirilecek &#8220;MITT Moscow 29. Moskova Turizm Fuar\u0131na&#8221; kat\u0131lmas\u0131 ile ilgili ile ilgili teklif g\u00f6r\u00fc\u015f\u00fcld\u00fc. Teklifler, oybirli\u011fi ile kabul edildi.<br \/>\nAkdeniz Belediyesinde g\u00f6rev yapmakta iken 5 Mart 2018 tarihinde s\u00f6zle\u015fmesi feshedilen personelin, Adana B\u00f6lge \u0130dare Mahkemesi 1. \u0130dare Dava Dairesi karar\u0131 do\u011frultusunda, Hazine ve Maliye Bakanl\u0131\u011f\u0131 Kamu Mali Y\u00f6netim ve D\u00f6n\u00fc\u015f\u00fcm Genel M\u00fcd\u00fcrl\u00fc\u011f\u00fcn\u00fcn, 5393 Say\u0131l\u0131 Kanun \u00e7er\u00e7evesinde \u00e7al\u0131\u015ft\u0131r\u0131lacak tam zamanl\u0131 s\u00f6zle\u015fmeli personel i\u00e7in 1 Ocak 2023 \u2013 30 Haziran 2023 d\u00f6neminde ge\u00e7erli olan I say\u0131l\u0131 cetvelde belirtilen kadro i\u00e7in \u00fccretin belirlenmesi ve \u00e7al\u0131\u015ft\u0131r\u0131lmas\u0131yla ilgili teklif g\u00f6r\u00fc\u015f\u00fcld\u00fc. Teklif, ilgili komisyonlara havale edildi.<br \/>\nYurt d\u0131\u015f\u0131ndaki e\u011fitim programlar\u0131\u2026<br \/>\nBelediye Meclis \u00fcyeleri ile belediyede g\u00f6rev yapan idareci, m\u00fcd\u00fcr ve personellere y\u00f6nelik, teknik gezi, hizmet i\u00e7i e\u011fitim ve inceleme yapmak ve masraflar\u0131n (yol, ia\u015fe, konaklama) belediye b\u00fct\u00e7esinden kar\u015f\u0131lanmas\u0131 ko\u015fuluyla, yurt d\u0131\u015f\u0131ndaki e\u011fitim programlar\u0131na g\u00f6nderilmesi konusunda Belediye Ba\u015fkan\u0131 Mustafa Muhammet G\u00fcltak\u2019a yetki verilmesi ile ilgili teklif de Meclis\u2019te g\u00f6r\u00fc\u015f\u00fcld\u00fc. Teklif, oybirli\u011fi ile komisyonlara sevk edildi.<br \/>\nAkdeniz il\u00e7esi s\u0131n\u0131rlar\u0131 i\u00e7erisinde (m\u00fclga) Yenita\u015fkent Belediye Meclisi\u2019nin 5 Ekim 2001 tarih ve 32 say\u0131l\u0131 karar\u0131 ile onaylanan 1\/1000 \u00f6l\u00e7ekli Uygulama \u0130mar Plan notlar\u0131nda de\u011fi\u015fiklik yap\u0131lmas\u0131 ile ilgili teklifin g\u00f6r\u00fc\u015f\u00fclerek; konu, ilgili komisyonlara oybirli\u011fi ile havale edildi. Sonras\u0131nda, komisyonlara sevk edilen iki konunun karara ba\u011flanmas\u0131 i\u00e7in toplant\u0131ya yar\u0131m saat ara verildi. Aradan sonra devam eden toplant\u0131da, komisyonlardan oybirli\u011fi ile kabul edilen 2 karar okunup yine oybirli\u011fi ile Meclis\u2019ten ge\u00e7ti.<br \/>\nAkdeniz Belediye Meclisi\u2019nin bir sonraki toplant\u0131s\u0131 6 Mart 2023 Pazartesi g\u00fcn\u00fc saat 10:00\u2019da yap\u0131lacak. <\/p>\n","protected":false},"excerpt":{"rendered":"<p>Kahramanmara\u015f\u2019ta meydana gelen ve 10 kenti ve milyonlarca insan\u0131 etkileyen y\u0131k\u0131c\u0131 depremler nedeniyle 6 \u015eubat 2023 Pazartesi g\u00fcnk\u00fc ilk birle\u015fimi yasa gere\u011fi yap\u0131lan a\u00e7\u0131l\u0131\u015f\u0131n ard\u0131ndan ertelenen Akdeniz Belediye Meclisi \u015eubat &hellip; <a href=\"https:\/\/akdenizolaygazetesi.com\/?p=24083\" class=\"more-link\">Devam\u0131n\u0131 Oku&#8230;<\/a><\/p>\n","protected":false},"author":2,"featured_media":24084,"comment_status":"open","ping_status":"open","sticky":false,"template":"","format":"standard","meta":[],"categories":[2,3],"tags":[],"_links":{"self":[{"href":"https:\/\/akdenizolaygazetesi.com\/index.php?rest_route=\/wp\/v2\/posts\/24083"}],"collection":[{"href":"https:\/\/akdenizolaygazetesi.com\/index.php?rest_route=\/wp\/v2\/posts"}],"about":[{"href":"https:\/\/akdenizolaygazetesi.com\/index.php?rest_route=\/wp\/v2\/types\/post"}],"author":[{"embeddable":true,"href":"https:\/\/akdenizolaygazetesi.com\/index.php?rest_route=\/wp\/v2\/users\/2"}],"replies":[{"embeddable":true,"href":"https:\/\/akdenizolaygazetesi.com\/index.php?rest_route=%2Fwp%2Fv2%2Fcomments&post=24083"}],"version-history":[{"count":1,"href":"https:\/\/akdenizolaygazetesi.com\/index.php?rest_route=\/wp\/v2\/posts\/24083\/revisions"}],"predecessor-version":[{"id":24085,"href":"https:\/\/akdenizolaygazetesi.com\/index.php?rest_route=\/wp\/v2\/posts\/24083\/revisions\/24085"}],"wp:featuredmedia":[{"embeddable":true,"href":"https:\/\/akdenizolaygazetesi.com\/index.php?rest_route=\/wp\/v2\/media\/24084"}],"wp:attachment":[{"href":"https:\/\/akdenizolaygazetesi.com\/index.php?rest_route=%2Fwp%2Fv2%2Fmedia&parent=24083"}],"wp:term":[{"taxonomy":"category","embeddable":true,"href":"https:\/\/akdenizolaygazetesi.com\/index.php?rest_route=%2Fwp%2Fv2%2Fcategories&post=24083"},{"taxonomy":"post_tag","embeddable":true,"href":"https:\/\/akdenizolaygazetesi.com\/index.php?rest_route=%2Fwp%2Fv2%2Ftags&post=24083"}],"curies":[{"name":"wp","href":"https:\/\/api.w.org\/{rel}","templated":true}]}}