{"id":24086,"date":"2023-02-11T16:33:42","date_gmt":"2023-02-11T13:33:42","guid":{"rendered":"http:\/\/akdenizolaygazetesi.com\/?p=24086"},"modified":"2023-02-11T16:33:42","modified_gmt":"2023-02-11T13:33:42","slug":"kuru-ulus-olarak-hep-birlikte-bu-yaralari-saracagimiza-olan-inancimiz-tamdir","status":"publish","type":"post","link":"https:\/\/akdenizolaygazetesi.com\/?p=24086","title":{"rendered":"KURU: &#8220;ULUS OLARAK HEP B\u0130RL\u0130KTE BU YARALARI SARACA\u011eIMIZA OLAN \u0130NANCIMIZ TAMDIR&#8221;"},"content":{"rendered":"<p>Mersin B\u00fcy\u00fck\u015fehir Belediye Meclisi&#8217;nin 2023 Y\u0131l\u0131 \u015eubat ay\u0131 1. Birle\u015fim Toplant\u0131s\u0131, Mersin B\u00fcy\u00fck\u015fehir Belediye Ba\u015fkan\u0131 Vahap Se\u00e7er&#8217;in deprem b\u00f6lgelerini ziyareti sebebiyle B\u00fcy\u00fck\u015fehir Belediye Ba\u015fkan Vekili \u00dcnzile Kuru ba\u015fkanl\u0131\u011f\u0131nda ger\u00e7ekle\u015ftirildi. Meclis&#8217;te komisyonlardan gelen 20, idareden gelen 38 olmak \u00fczere toplam 58 madde g\u00f6r\u00fc\u015f\u00fcld\u00fc. Ba\u015fkan Vekili Kuru, \u00fclkenin 10 kentinde y\u0131k\u0131c\u0131 etkileri olan depremin ard\u0131ndan B\u00fcy\u00fck\u015fehir Belediyesi&#8217;nin yapt\u0131\u011f\u0131 ve yapaca\u011f\u0131 hizmetlerle ilgili baz\u0131 bilgilendirmelerde bulundu.<\/p>\n<p>&#8220;Kurtar\u0131lan her bir can ile adeta biz de nefes al\u0131yoruz&#8221;<\/p>\n<p>B\u00fcy\u00fck\u015fehir Belediye Ba\u015fkan Vekili \u00dcnzile Kuru, Adana, Ad\u0131yaman, Diyarbak\u0131r, Gaziantep, Hatay, Kahramanmara\u015f, Kilis, Malatya, Osmaniye ve \u015eanl\u0131urfa&#8217;da ya\u015fanan felaket dolay\u0131s\u0131yla ge\u00e7mi\u015f olsun dileklerini sunarak ba\u015flad\u0131\u011f\u0131 konu\u015fmas\u0131nda,  &#8220;Art arda ya\u015fanan felaket sebebiyle zarar g\u00f6ren kom\u015fu \u015fehirlerimizde \u00e7ok zor \u015fartlarda ya\u015fam m\u00fccadelesi veren t\u00fcm vatanda\u015flara ge\u00e7mi\u015f olsun dileklerimi sunuyorum. Afette kaybetti\u011fimiz canlara Allah&#8217;tan rahmet, ailelerine ve t\u00fcm sevenlerine ba\u015f sa\u011fl\u0131\u011f\u0131, t\u00fcm yaral\u0131lara da acil \u015fifalar diliyorum. Bu co\u011frafya hem \u00e7ok geni\u015f bir co\u011frafya hem de birbirine akraba, dost, arkada\u015f kom\u015fu olmu\u015f bir co\u011frafya. Mersinli her birimizin deprem b\u00f6lgesinde bir yak\u0131n\u0131, bir akrabas\u0131 mutlaka var. Bu sebeple de t\u00fcm Mersinlilere de ge\u00e7mi\u015f olsun dileklerimi sunuyorum, hepimize ba\u015f sa\u011fl\u0131\u011f\u0131 diliyorum. Ac\u0131m\u0131z, \u00fcz\u00fcnt\u00fcm\u00fcz o kadar b\u00fcy\u00fck ki g\u00fcnlerdir afet b\u00f6lgesindekiler a\u00e7 deyip yemek yemeye, onlar uykusuz deyip uyumaya adeta utan\u0131yoruz. Hepimizin g\u00f6z\u00fc kula\u011f\u0131 haberlerde. Kurtar\u0131lan her bir can ile adeta biz de nefes al\u0131yoruz. Yapt\u0131\u011f\u0131m\u0131z her bir destekle, en k\u00fc\u00e7\u00fck destekle bile kendimizi onlar\u0131n yan\u0131nda hissediyoruz. Bir kez daha \u00fclkemizde ya\u015fayan her bir vatanda\u015f\u0131n ne kadar duyarl\u0131, fedakar, payla\u015f\u0131mc\u0131 ve yard\u0131msever oldu\u011funu; kan\u0131yla, can\u0131yla destek oldu\u011funu g\u00f6r\u00fcyoruz. \u015eu ekonomik s\u0131k\u0131nt\u0131l\u0131 d\u00f6nemde herkes elinden ne geliyorsa kar\u0131nca karar\u0131nca destek oluyor. \u0130\u015fte bu sebeple dahi bu de\u011ferlerle b\u00fcy\u00fcmek, bu \u00fclkede ya\u015famak, bu \u00fclkenin bir vatanda\u015f\u0131 olmak hepimiz i\u00e7in gurur verici&#8221; ifadelerine yer verdi.  <\/p>\n<p>&#8220;Muhtelif yard\u0131mlar ilk g\u00fcnden itibaren t\u00fcm afet b\u00f6lgelerine g\u00f6nderildi&#8221;<\/p>\n<p>Ba\u015fkan Vekili \u00dcnzile Kuru, Mersin B\u00fcy\u00fck\u015fehir Belediyesi&#8217;nin afetin ya\u015fand\u0131\u011f\u0131 illerde yapt\u0131\u011f\u0131 \u00e7al\u0131\u015fmalar\u0131 anlatarak, \u015f\u00f6yle devam etti:<\/p>\n<p>&#8220;Depremin ya\u015fand\u0131\u011f\u0131 ilk saatlerden itibaren afet b\u00f6lgelerine 347 itfaiye ve destek personeli, 84 ara\u00e7, 116 i\u015f makinesi ve di\u011fer ekipman deste\u011fi sa\u011fland\u0131. Kuru g\u0131da, battaniye, \u00e7ad\u0131r, \u00e7ocuk bezi, mama ve benzeri insani t\u00fcketim materyallerinden olu\u015fan muhtelif yard\u0131mlar ilk g\u00fcnden itibaren t\u00fcm afet b\u00f6lgelerine sevk edildi. Hatay, Kahramanmara\u015f, Ad\u0131yaman ba\u015fta olmak \u00fczere afet b\u00f6lgelerinde MER-EK Halk Ekmek Fabrikas\u0131&#8217;nda \u00fcretilen toplam 120 bin ekmek da\u011f\u0131t\u0131m\u0131 ger\u00e7ekle\u015fti. Son d\u00f6nemde deprem b\u00f6lgesinden Mersinimize gelen misafir say\u0131m\u0131z da fazlaca art\u0131\u015f oldu\u011fu i\u00e7in bundan sonra ekmek da\u011f\u0131t\u0131m\u0131m\u0131z o vatanda\u015flar\u0131m\u0131za y\u00f6nelik olarak devam edecektir. 5 t\u0131r su da\u011f\u0131t\u0131m\u0131 yap\u0131ld\u0131. Hatay ve Kahramanmara\u015f&#8217;ta 2 Mobil Mutfak ile afetzedelere sa\u011fl\u0131kl\u0131 g\u0131daya eri\u015fim deste\u011fi sa\u011fland\u0131. Adana ve Hatay illerindeki afetzedelere Mobil Tuvalet deste\u011fi sa\u011fland\u0131. Hatay&#8217;da depremzedelerin ileti\u015fim kanallar\u0131n\u0131 g\u00fc\u00e7lendirmeye y\u00f6nelik Mersin B\u00fcy\u00fck\u015fehir Belediyesi Mersin itfaiye Merkez \u00dcss\u00fc Armutlu Spor Salonu, Vali G\u00f6be\u011fi ve Samanda\u011f\u0131 b\u00f6lgelerinde \u00fc\u00e7 internet eri\u015fim noktas\u0131 kuruldu. 7 internet eri\u015fim noktas\u0131n\u0131n da kurulum \u00e7al\u0131\u015fmalar\u0131 hala devam ediyor. Yitirdi\u011fimiz vatanda\u015flar\u0131m\u0131za son g\u00f6revimizi gere\u011fince yerine getirmek ve defin yapmak \u00fczere bu sabah da 100 ki\u015fi erken saatlerde ara\u00e7 ve ekipmanlar\u0131yla Hatay&#8217;a gitti.&#8221;<\/p>\n<p>B\u00fcy\u00fck\u015fehir Belediyesi&#8217;nin Mersin&#8217;e gelen depremzedeler i\u00e7in yapt\u0131\u011f\u0131 \u00e7al\u0131\u015fmalar\u0131 aktaran Ba\u015fkan Vekili Kuru,  &#8220;Mersin B\u00fcy\u00fck\u015fehir Belediyesi&#8217;ne ait konuk evleri, yurtlar, sosyal ya\u015fam merkezleri ve anla\u015fmal\u0131 otellerde bar\u0131nma deste\u011fi sa\u011fland\u0131. Kentimizde bar\u0131nma deste\u011fi sa\u011flad\u0131\u011f\u0131m\u0131z depremzedelere Mahalle Mutfaklar\u0131 arac\u0131l\u0131\u011f\u0131yla \u00fccretsiz yemek hizmete sunuluyor&#8221; dedi. Kuru, Mersin B\u00fcy\u00fck\u015fehir Belediyesi koordinasyonunda yurtlar, konukevi, oteller, Yeni\u015fehir Kapal\u0131 Spor Salonu gibi mekanlarda vatanda\u015flar\u0131n konaklayabilmesi i\u00e7in uygun ko\u015fullar\u0131n sa\u011fland\u0131\u011f\u0131n\u0131 belirterek, &#8220;Teksin \u00fczerinden t\u00fcm talep ve \u00f6neriler al\u0131nmakta, ilgili birimlere iletilmekte ve \u00e7\u00f6z\u00fcm sa\u011flanmaktad\u0131r&#8221; dedi.<\/p>\n<p>Konaklama alanlar\u0131n\u0131n kapasitesi y\u00fckseltilecek<\/p>\n<p>Mersin B\u00fcy\u00fck\u015fehir Belediyesi&#8217;nin bu kapsamda planlad\u0131\u011f\u0131 \u00e7al\u0131\u015fmalar hakk\u0131nda da bilgi veren Kuru, &#8220;B\u00fcy\u00fck\u015fehir Belediyesi organizasyonu d\u0131\u015f\u0131nda kente geldi\u011fi, gelece\u011fi tahmin edilen yakla\u015f\u0131k 8 -10 bin ki\u015fi bulunmaktad\u0131r. Bar\u0131nma deste\u011fi verilen alanlarda 3 bin 800 ki\u015filik kapasite geni\u015fletme \u00e7al\u0131\u015fmas\u0131yla Mersin B\u00fcy\u00fck\u015fehir Belediyesi olarak sa\u011flad\u0131\u011f\u0131m\u0131z bar\u0131nma deste\u011fi kapasitesinin en ge\u00e7 11 \u015eubat 2023 itibari ile 5 bin 250&#8217;ye \u00e7\u0131kar\u0131lmas\u0131 planlanmaktad\u0131r. Bir hafta i\u00e7erisinde ise Erdemli Hal Tesisi, CNR Fuar Alan\u0131, Bilim Merkezi, Sendika Misafirhaneleri gibi yerlerin d\u00f6n\u00fc\u015ft\u00fcr\u00fclmesi, Tarsus Gen\u00e7lik Kamp\u0131, Macit \u00d6zcan Spor Tesislerinin \u00e7ad\u0131r kamp\u0131na d\u00f6n\u00fc\u015ft\u00fcr\u00fclmesi ile birlikte yakla\u015f\u0131k 10 bin ki\u015filik yatak say\u0131s\u0131na eri\u015filmesi hedeflenmektedir. Depremde hayat\u0131n\u0131 kaybeden vatanda\u015flar\u0131n \u00f6nemli bir \u00e7o\u011funlu\u011fu Hatay D\u00f6rtyol Devlet Hastanesi&#8217;ne sevk edilmektedir. Defin i\u015flemleri i\u00e7in gelecek olan afetzedelere y\u00f6nelik hastane bah\u00e7esinde s\u0131cak \u00e7orba, \u00e7ay ve su ikram yap\u0131lmaktad\u0131r. \u00d6n\u00fcm\u00fczdeki bir haftal\u0131k s\u00fcre i\u00e7erisinde depremzede \u00e7ocuklara y\u00f6nelik s\u00fct da\u011f\u0131t\u0131m\u0131 yap\u0131lmas\u0131 da planlanmaktad\u0131r. Depremzede \u00e7ocuklara y\u00f6nelik \u00e7ocuk etkinlik alanlar\u0131 olu\u015fturulmas\u0131 planlanmaktad\u0131r&#8221; diye konu\u015ftu.<\/p>\n<p>\u00dcnizle Kuru, Ba\u015fkan Se\u00e7er&#8217;in payla\u015ft\u0131\u011f\u0131; &#8216;Deprem b\u00f6lgesinden Mersin&#8217;e gelen vatanda\u015flar\u0131m\u0131z\u0131 haz\u0131rlad\u0131\u011f\u0131m\u0131z ge\u00e7ici bar\u0131nma yerlerine yerle\u015ftiriyoruz. Ancak \u00e7ok say\u0131da gelen var ve acilen yeni yerler olu\u015fturmal\u0131y\u0131z. Uygun binas\u0131 olanlar\u0131 binalar\u0131n\u0131 bize tahsis etmeye \u00e7a\u011f\u0131r\u0131yorum. Gelin bu yaray\u0131 hep birlikte saral\u0131m&#8217; tweetini de kamuoyuyla bir kez daha payla\u015ft\u0131. Kuru, &#8220;T\u00fcm ulus olarak hep birlikte bu yaralar\u0131 saraca\u011f\u0131m\u0131za olan inanc\u0131m\u0131z tamd\u0131r&#8221; dedi.<\/p>\n<p>G\u00fcndem d\u0131\u015f\u0131 konu\u015fmalar\u0131n ard\u0131ndan de\u011ferlendirmede bulunan Ba\u015fkan Vekili Kuru, s\u00f6z alan Grup Ba\u015fkan Vekilleri ve \u0130l\u00e7e Belediye Ba\u015fkanlar\u0131n\u0131n deprem felaketi sonras\u0131nda yap\u0131lmas\u0131 gerekenler hakk\u0131nda s\u00f6ylediklerine kat\u0131ld\u0131\u011f\u0131n\u0131 ifade etti. Kuru, &#8220;\u015eu anda depremde t\u00fcm kurum ve kurulu\u015flar hep beraber \u00e7al\u0131\u015f\u0131yor, orada herkes canh\u0131ra\u015f. \u015eu anda depremin 5. g\u00fcn\u00fcndeyiz, ac\u0131lar\u0131m\u0131z \u00e7ok taze. Bu deprem \u00e7ok ac\u0131 dersler verdi hepimize. Bundan da \u00e7\u0131karacaklar\u0131m\u0131z var tabi. Sade vatanda\u015flar olarak bile hepimiz \u00e7ok ac\u0131 \u00f6\u011frendik bunu. Ki\u015filer bile geriye d\u00f6n\u00fcp de\u011ferlendirme yap\u0131p &#8216;Nerede hatam var? Bundan sonra ne yapabilirim?&#8217; diye d\u00fc\u015f\u00fcn\u00fcrken, kurumlar\u0131n bunlar\u0131 yapmayacak olmas\u0131 zaten d\u00fc\u015f\u00fcn\u00fclemez. O y\u00fczden herkesin \u00fczerine d\u00fc\u015fen g\u00f6revleri olacak&#8221; dedi.<\/p>\n<p>\u00dclkemizin hemen hemen her yerinin b\u00fcy\u00fck bir fay hatt\u0131n\u0131n \u00fczerinde oldu\u011funu da belirten Kuru, &#8220;Planlaman\u0131n ne kadar \u00f6nemli oldu\u011funu hepimiz g\u00f6rd\u00fck. \u00c7ok ac\u0131 bir \u015fekilde y\u00fczle\u015ftik. Hepimizin \u00e7\u0131kartaca\u011f\u0131 dersler var. Kentle\u015fme nas\u0131l olmal\u0131? Kentle\u015fme nerelerde olmal\u0131? \u00c7\u0131karaca\u011f\u0131m\u0131z yasalar\u0131n sonu\u00e7lar\u0131 ne olur? Her \u015feyi irdelememiz gerekir. Bunlar bize k\u00f6t\u00fc dersler tabi ama hepimizin bunlardan sonu\u00e7lar \u00e7\u0131kard\u0131\u011f\u0131na inan\u0131yorum&#8221; ifadelerini kulland\u0131.<\/p>\n","protected":false},"excerpt":{"rendered":"<p>Mersin B\u00fcy\u00fck\u015fehir Belediye Meclisi&#8217;nin 2023 Y\u0131l\u0131 \u015eubat ay\u0131 1. Birle\u015fim Toplant\u0131s\u0131, Mersin B\u00fcy\u00fck\u015fehir Belediye Ba\u015fkan\u0131 Vahap Se\u00e7er&#8217;in deprem b\u00f6lgelerini ziyareti sebebiyle B\u00fcy\u00fck\u015fehir Belediye Ba\u015fkan Vekili \u00dcnzile Kuru ba\u015fkanl\u0131\u011f\u0131nda ger\u00e7ekle\u015ftirildi. Meclis&#8217;te &hellip; <a href=\"https:\/\/akdenizolaygazetesi.com\/?p=24086\" class=\"more-link\">Devam\u0131n\u0131 Oku&#8230;<\/a><\/p>\n","protected":false},"author":2,"featured_media":24087,"comment_status":"open","ping_status":"open","sticky":false,"template":"","format":"standard","meta":[],"categories":[2,3,5],"tags":[],"_links":{"self":[{"href":"https:\/\/akdenizolaygazetesi.com\/index.php?rest_route=\/wp\/v2\/posts\/24086"}],"collection":[{"href":"https:\/\/akdenizolaygazetesi.com\/index.php?rest_route=\/wp\/v2\/posts"}],"about":[{"href":"https:\/\/akdenizolaygazetesi.com\/index.php?rest_route=\/wp\/v2\/types\/post"}],"author":[{"embeddable":true,"href":"https:\/\/akdenizolaygazetesi.com\/index.php?rest_route=\/wp\/v2\/users\/2"}],"replies":[{"embeddable":true,"href":"https:\/\/akdenizolaygazetesi.com\/index.php?rest_route=%2Fwp%2Fv2%2Fcomments&post=24086"}],"version-history":[{"count":1,"href":"https:\/\/akdenizolaygazetesi.com\/index.php?rest_route=\/wp\/v2\/posts\/24086\/revisions"}],"predecessor-version":[{"id":24088,"href":"https:\/\/akdenizolaygazetesi.com\/index.php?rest_route=\/wp\/v2\/posts\/24086\/revisions\/24088"}],"wp:featuredmedia":[{"embeddable":true,"href":"https:\/\/akdenizolaygazetesi.com\/index.php?rest_route=\/wp\/v2\/media\/24087"}],"wp:attachment":[{"href":"https:\/\/akdenizolaygazetesi.com\/index.php?rest_route=%2Fwp%2Fv2%2Fmedia&parent=24086"}],"wp:term":[{"taxonomy":"category","embeddable":true,"href":"https:\/\/akdenizolaygazetesi.com\/index.php?rest_route=%2Fwp%2Fv2%2Fcategories&post=24086"},{"taxonomy":"post_tag","embeddable":true,"href":"https:\/\/akdenizolaygazetesi.com\/index.php?rest_route=%2Fwp%2Fv2%2Ftags&post=24086"}],"curies":[{"name":"wp","href":"https:\/\/api.w.org\/{rel}","templated":true}]}}