{"id":24089,"date":"2023-02-11T16:36:03","date_gmt":"2023-02-11T13:36:03","guid":{"rendered":"http:\/\/akdenizolaygazetesi.com\/?p=24089"},"modified":"2023-02-11T16:36:03","modified_gmt":"2023-02-11T13:36:03","slug":"deprem-bizim-gercegimiz-ise-kentlerimizi-buna-gore-kurmaliyiz","status":"publish","type":"post","link":"https:\/\/akdenizolaygazetesi.com\/?p=24089","title":{"rendered":"\u201cDeprem bizim ger\u00e7e\u011fimiz ise kentlerimizi buna g\u00f6re kurmal\u0131y\u0131z\u201d"},"content":{"rendered":"<p>Mersin B\u00fcy\u00fck\u015fehir Belediye Meclisi \u015eubat ay\u0131 1\u2019inci birle\u015fiminde s\u00f6z alan Akdeniz Belediye Ba\u015fkan\u0131 G\u00fcltak, depremin bir T\u00fcrkiye ger\u00e7e\u011fi oldu\u011funu s\u00f6yledi; tek \u00e7arenin kentsel d\u00f6n\u00fc\u015f\u00fcm projelerine h\u0131z vermek oldu\u011funu belirtti. Ba\u015fkan G\u00fcltak; \u201cDeprem bizim ger\u00e7e\u011fimiz ise ka\u00e7ak ve ruhsats\u0131z yap\u0131lar\u0131 ortadan kald\u0131r\u0131p kentlerimizi yeniden kurmal\u0131y\u0131z\u201d dedi.<br \/>\nT\u00fcrkiye\u2019nin, d\u00fcnyada \u00f6rne\u011fine az rastlanan bir afetle kar\u015f\u0131 kar\u015f\u0131ya kald\u0131\u011f\u0131n\u0131n alt\u0131n\u0131 \u00e7izen Akdeniz Belediye Ba\u015fkan\u0131 M. Mustafa G\u00fcltak, \u201c\u00d6nce 7,7, ard\u0131ndan da 7,6 \u015fiddetindeki depremler 10 ilimizi y\u0131kt\u0131, binlerce can\u0131m\u0131z\u0131 kaybettik. Deprem b\u00f6lgesinde arama kurtarma faaliyeti y\u00fcr\u00fcten personelimizi motive etmek ve deprem ma\u011fduru vatanda\u015flar\u0131m\u0131z\u0131 yaln\u0131z b\u0131rakmamak i\u00e7in Hatay ve Gaziantep\u2019i ziyaret ettim. Tabi \u00e7ok b\u00fcy\u00fck ve a\u011f\u0131r bir afet; bu nedenle insanlar\u0131m\u0131z s\u0131k\u0131nt\u0131lar ya\u015f\u0131yor\u201d dedi.<br \/>\n\u201cDeprem bizim ger\u00e7e\u011fimiz ise kentlerimizi buna g\u00f6re kurmal\u0131y\u0131z\u201d<br \/>\nAkdeniz\u2019de, g\u00f6reve geldi\u011fi ilk g\u00fcnden bu yana \u00fczerinde en \u00e7ok durdu\u011fu konular\u0131n ba\u015f\u0131nda kentsel d\u00f6n\u00fc\u015f\u00fcm projeleri, imar ve ka\u00e7ak yap\u0131 sorunu oldu\u011funu kaydeden Ba\u015fkan G\u00fcltak, yapt\u0131\u011f\u0131 konu\u015fmada; \u201cDeprem bir ger\u00e7ek&#8230; Olmas\u0131n diye sadece dua edemeyiz. Maalesef depremler olacakt\u0131r. Yar\u0131n m\u0131, 10 y\u0131l sonra m\u0131, 100 y\u0131l sonra m\u0131 olacak, tabi bilemiyoruz. Bir\u00e7ok profes\u00f6r de konuyla ilgili a\u00e7\u0131klamalarda bulunuyor. E\u011fer, deprem bizim bir ger\u00e7e\u011fimiz ise, bizler de se\u00e7ilmi\u015f belediye ba\u015fkanlar\u0131 olarak s\u0131n\u0131rlar\u0131m\u0131z i\u00e7inde deprem ger\u00e7e\u011fine g\u00f6re kentlerimizi kurmal\u0131y\u0131z. G\u00f6revdeki 5 y\u0131ldan sorumluyuz; ka\u00e7ak yap\u0131ya izin veriyor muyuz? Ka\u00e7ak yap\u0131lar\u0131 m\u00fch\u00fcrl\u00fcyor muyuz? Enc\u00fcmen\u2019den cezalar\u0131n\u0131 kesip savc\u0131l\u0131\u011fa su\u00e7 duyurusunda bulunuyor muyuz?\u201d sorular\u0131n\u0131 y\u00f6neltti.<br \/>\nKentsel d\u00f6n\u00fc\u015f\u00fcmden ba\u015fka \u00e7aremiz yok!<br \/>\nS\u00f6zlerini; \u201cKentsel d\u00f6n\u00fc\u015f\u00fcm\u00fcn ne kadar \u00f6nemli oldu\u011funu bir kez daha ve \u00e7ok ac\u0131 bir olayla g\u00f6rd\u00fck\u201d \u015feklinde s\u00fcrd\u00fcren Ba\u015fkan Mustafa G\u00fcltak; \u201c\u015eu anda TOK\u0130 ve H\u00fck\u00fcmetimiz, Bakanl\u0131\u011f\u0131m\u0131z ile yap\u0131lan protokoller sonucu \u015fu anda \u00c7ay Mahallesi\u2019nde biten yap\u0131lar\u0131n anahtarlar\u0131n\u0131 hak sahiplerine teslim edece\u011fiz. Bar\u0131\u015f Mahallesi\u2019nde de bitirmek \u00fczere oldu\u011fumuz kotlar var. \u015eurada 1 y\u0131l\u0131m\u0131z var\u2026 Umar\u0131m belediye ba\u015fkanlar\u0131m\u0131z\u0131n ve bundan sonra se\u00e7ilecek belediye ba\u015fkanlar\u0131m\u0131z\u0131n da Mersin\u2019de ilk planlayaca\u011f\u0131 i\u015flerden bir tanesi bu olacakt\u0131r. Yani ka\u00e7ak yap\u0131 stokunu nas\u0131l t\u00fcketece\u011fiz? Se\u00e7ilecek arkada\u015flar\u0131m\u0131z, \u00f6ncelikle bunun planlamas\u0131n\u0131 halk\u0131n \u00f6n\u00fcne mutlaka koymal\u0131d\u0131r. Sadece k\u00e2\u011f\u0131t \u00fczerinde kentsel d\u00f6n\u00fc\u015f\u00fcmden yana oldu\u011funu belirtmek yetmiyor. Nitekim kentsel d\u00f6n\u00fc\u015f\u00fcm, sadece Mersin\u2019in de\u011fil, t\u00fcm T\u00fcrkiye\u2019nin \u00e7\u00f6z\u00fcm bekleyen en b\u00fcy\u00fck sorunlar\u0131ndan bir tanesidir. E\u011fer yine a\u011flamak, \u00fcz\u00fclmek istemiyorsak, elimizdeki bu stoklar\u0131 bir \u015fekilde revize etmemiz gerekiyor. Bunun ba\u015fka da bir \u00e7aresi yok. Bir kez daha deprem felaketinde ya\u015fam\u0131n\u0131 yitiren b\u00fct\u00fcn vatanda\u015flar\u0131m\u0131za Allah\u2019tan rahmet, yaral\u0131 insanlar\u0131m\u0131za acil \u015fifalar diliyorum. Bizler de elimizden geldi\u011fi kadar, di\u011fer t\u00fcm belediyelerimizle birlikte deprem ma\u011fduru insanlar\u0131m\u0131za yard\u0131m etmeye devam edece\u011fiz\u201d ifadelerini kulland\u0131. <\/p>\n","protected":false},"excerpt":{"rendered":"<p>Mersin B\u00fcy\u00fck\u015fehir Belediye Meclisi \u015eubat ay\u0131 1\u2019inci birle\u015fiminde s\u00f6z alan Akdeniz Belediye Ba\u015fkan\u0131 G\u00fcltak, depremin bir T\u00fcrkiye ger\u00e7e\u011fi oldu\u011funu s\u00f6yledi; tek \u00e7arenin kentsel d\u00f6n\u00fc\u015f\u00fcm projelerine h\u0131z vermek oldu\u011funu belirtti. Ba\u015fkan &hellip; <a href=\"https:\/\/akdenizolaygazetesi.com\/?p=24089\" class=\"more-link\">Devam\u0131n\u0131 Oku&#8230;<\/a><\/p>\n","protected":false},"author":2,"featured_media":24090,"comment_status":"open","ping_status":"open","sticky":false,"template":"","format":"standard","meta":[],"categories":[34,2,3,5],"tags":[],"_links":{"self":[{"href":"https:\/\/akdenizolaygazetesi.com\/index.php?rest_route=\/wp\/v2\/posts\/24089"}],"collection":[{"href":"https:\/\/akdenizolaygazetesi.com\/index.php?rest_route=\/wp\/v2\/posts"}],"about":[{"href":"https:\/\/akdenizolaygazetesi.com\/index.php?rest_route=\/wp\/v2\/types\/post"}],"author":[{"embeddable":true,"href":"https:\/\/akdenizolaygazetesi.com\/index.php?rest_route=\/wp\/v2\/users\/2"}],"replies":[{"embeddable":true,"href":"https:\/\/akdenizolaygazetesi.com\/index.php?rest_route=%2Fwp%2Fv2%2Fcomments&post=24089"}],"version-history":[{"count":1,"href":"https:\/\/akdenizolaygazetesi.com\/index.php?rest_route=\/wp\/v2\/posts\/24089\/revisions"}],"predecessor-version":[{"id":24091,"href":"https:\/\/akdenizolaygazetesi.com\/index.php?rest_route=\/wp\/v2\/posts\/24089\/revisions\/24091"}],"wp:featuredmedia":[{"embeddable":true,"href":"https:\/\/akdenizolaygazetesi.com\/index.php?rest_route=\/wp\/v2\/media\/24090"}],"wp:attachment":[{"href":"https:\/\/akdenizolaygazetesi.com\/index.php?rest_route=%2Fwp%2Fv2%2Fmedia&parent=24089"}],"wp:term":[{"taxonomy":"category","embeddable":true,"href":"https:\/\/akdenizolaygazetesi.com\/index.php?rest_route=%2Fwp%2Fv2%2Fcategories&post=24089"},{"taxonomy":"post_tag","embeddable":true,"href":"https:\/\/akdenizolaygazetesi.com\/index.php?rest_route=%2Fwp%2Fv2%2Ftags&post=24089"}],"curies":[{"name":"wp","href":"https:\/\/api.w.org\/{rel}","templated":true}]}}