{"id":24092,"date":"2023-02-11T16:37:40","date_gmt":"2023-02-11T13:37:40","guid":{"rendered":"http:\/\/akdenizolaygazetesi.com\/?p=24092"},"modified":"2023-02-11T16:37:40","modified_gmt":"2023-02-11T13:37:40","slug":"baskan-secer-hatayda-depremzedelerin-acisini-paylasti","status":"publish","type":"post","link":"https:\/\/akdenizolaygazetesi.com\/?p=24092","title":{"rendered":"BA\u015eKAN SE\u00c7ER HATAY&#8217;DA DEPREMZEDELER\u0130N ACISINI PAYLA\u015eTI"},"content":{"rendered":"<p>Mersin B\u00fcy\u00fck\u015fehir Belediye Ba\u015fkan\u0131 Vahap Se\u00e7er, merkez \u00fcss\u00fc Kahramanmara\u015f olan ve toplam 10 ili etkileyen felaketin 5. g\u00fcn\u00fcnde de Hatay&#8217;a gitti. Depremzedelerin yan\u0131nda olan, onlara bir ve beraber oldu\u011fumuzu hissettiren Mersin B\u00fcy\u00fck\u015fehir Belediye Ba\u015fkan\u0131 Vahap Se\u00e7er ve e\u015fi Meral Se\u00e7er ya\u015fanan ac\u0131 felaketin 5. g\u00fcn\u00fcnde de depremzedeleri yaln\u0131z b\u0131rakmad\u0131.<\/p>\n<p>Hatay&#8217;da ilk olarak Hatay B\u00fcy\u00fck\u015fehir Belediye Ba\u015fkan\u0131 L\u00fctf\u00fc Sava\u015f ve e\u015fi Nazan Sava\u015f ile bir araya gelen Ba\u015fkan Se\u00e7er ve e\u015fi Meral Se\u00e7er, Mersin B\u00fcy\u00fck\u015fehir olarak her daim yanlar\u0131nda olduklar\u0131n\u0131 ve ya\u015fananlar\u0131n \u00fcstesinden birlikte geleceklerini vurgulad\u0131.<\/p>\n<p>Depremzedelere ge\u00e7mi\u015f olsun dile\u011finde bulunan ve onlar\u0131 dinleyen Ba\u015fkan Se\u00e7er, ya\u015fanan ac\u0131 felaketin ilk g\u00fcn\u00fcnden itibaren canla ba\u015fla depremzedeler i\u00e7in \u00e7al\u0131\u015fmalar y\u00fcr\u00fcten g\u00f6n\u00fcll\u00fcler ve \u00e7al\u0131\u015fanlara kolayl\u0131klar diledi. Se\u00e7er, Hatay&#8217;da \u00e7al\u0131\u015fmalar\u0131 y\u00fcr\u00fcten B\u00fcy\u00fck\u015fehir Belediyesi Daire Ba\u015fkanlar\u0131 ile bir araya gelerek, yap\u0131lan destekler hakk\u0131nda bilgi ald\u0131.<\/p>\n<p>Se\u00e7er, Koordinasyon Merkezi&#8217;ndeki \u00e7al\u0131\u015fmalar\u0131 yerinde g\u00f6rd\u00fc<\/p>\n<p>Ba\u015fkan Se\u00e7er daha sonra, Mersin B\u00fcy\u00fck\u015fehir Belediyesi taraf\u0131ndan Hatay&#8217;da kurulan Mersin B\u00fcy\u00fck\u015fehir Belediyesi&#8217;nin Koordinasyon Merkezi&#8217;ni ziyaret edip, y\u00fcr\u00fct\u00fclen destek \u00e7al\u0131\u015fmalar\u0131n\u0131 da yerinde inceledi.<\/p>\n<p>Ba\u015fkan Se\u00e7er&#8217;e; Mersin B\u00fcy\u00fck\u015fehir Belediyesi Genel Sekreter Yard\u0131mc\u0131s\u0131 Serdal G\u00f6kayaz, B\u00fcy\u00fck\u015fehir Belediyesi \u0130tfaiye Dairesi Ba\u015fkan\u0131 Mehmet Bahtiyar Ayd\u0131n, B\u00fcy\u00fck\u015fehir Belediyesi Tar\u0131msal Hizmetler Dairesi Ba\u015fkan\u0131 Sel\u00e7uk \u015eahuto\u011flu, Kad\u0131n ve Aile Hizmetleri Dairesi Ba\u015fkan\u0131 \u015eerife Haso\u011flu Dokucu, B\u00fcy\u00fck\u015fehir Belediyesi Mezarl\u0131klar Dairesi Ba\u015fkan\u0131 \u0130brahim Zengin e\u015flik etti.<\/p>\n<p>Se\u00e7er hem B\u00fcy\u00fck\u015fehir Belediyesi hem de MESK\u0130 taraf\u0131ndan bug\u00fcne kadar yap\u0131lan ve y\u00fcr\u00fct\u00fclmeye devam eden destek \u00e7al\u0131\u015fmalar\u0131 hakk\u0131nda bilgi ald\u0131.<\/p>\n","protected":false},"excerpt":{"rendered":"<p>Mersin B\u00fcy\u00fck\u015fehir Belediye Ba\u015fkan\u0131 Vahap Se\u00e7er, merkez \u00fcss\u00fc Kahramanmara\u015f olan ve toplam 10 ili etkileyen felaketin 5. g\u00fcn\u00fcnde de Hatay&#8217;a gitti. Depremzedelerin yan\u0131nda olan, onlara bir ve beraber oldu\u011fumuzu hissettiren &hellip; <a href=\"https:\/\/akdenizolaygazetesi.com\/?p=24092\" class=\"more-link\">Devam\u0131n\u0131 Oku&#8230;<\/a><\/p>\n","protected":false},"author":2,"featured_media":24093,"comment_status":"open","ping_status":"open","sticky":false,"template":"","format":"standard","meta":[],"categories":[34,2,3,5],"tags":[],"_links":{"self":[{"href":"https:\/\/akdenizolaygazetesi.com\/index.php?rest_route=\/wp\/v2\/posts\/24092"}],"collection":[{"href":"https:\/\/akdenizolaygazetesi.com\/index.php?rest_route=\/wp\/v2\/posts"}],"about":[{"href":"https:\/\/akdenizolaygazetesi.com\/index.php?rest_route=\/wp\/v2\/types\/post"}],"author":[{"embeddable":true,"href":"https:\/\/akdenizolaygazetesi.com\/index.php?rest_route=\/wp\/v2\/users\/2"}],"replies":[{"embeddable":true,"href":"https:\/\/akdenizolaygazetesi.com\/index.php?rest_route=%2Fwp%2Fv2%2Fcomments&post=24092"}],"version-history":[{"count":1,"href":"https:\/\/akdenizolaygazetesi.com\/index.php?rest_route=\/wp\/v2\/posts\/24092\/revisions"}],"predecessor-version":[{"id":24094,"href":"https:\/\/akdenizolaygazetesi.com\/index.php?rest_route=\/wp\/v2\/posts\/24092\/revisions\/24094"}],"wp:featuredmedia":[{"embeddable":true,"href":"https:\/\/akdenizolaygazetesi.com\/index.php?rest_route=\/wp\/v2\/media\/24093"}],"wp:attachment":[{"href":"https:\/\/akdenizolaygazetesi.com\/index.php?rest_route=%2Fwp%2Fv2%2Fmedia&parent=24092"}],"wp:term":[{"taxonomy":"category","embeddable":true,"href":"https:\/\/akdenizolaygazetesi.com\/index.php?rest_route=%2Fwp%2Fv2%2Fcategories&post=24092"},{"taxonomy":"post_tag","embeddable":true,"href":"https:\/\/akdenizolaygazetesi.com\/index.php?rest_route=%2Fwp%2Fv2%2Ftags&post=24092"}],"curies":[{"name":"wp","href":"https:\/\/api.w.org\/{rel}","templated":true}]}}