{"id":24095,"date":"2023-02-11T16:39:16","date_gmt":"2023-02-11T13:39:16","guid":{"rendered":"http:\/\/akdenizolaygazetesi.com\/?p=24095"},"modified":"2023-02-11T16:39:16","modified_gmt":"2023-02-11T13:39:16","slug":"temel-ihtiyac-listesinde-oncelik-kislik-kiyafet-ve-malzemeler","status":"publish","type":"post","link":"https:\/\/akdenizolaygazetesi.com\/?p=24095","title":{"rendered":"&#8220;Temel \u0130htiya\u00e7 Listesinde \u00d6ncelik; K\u0131\u015fl\u0131k K\u0131yafet ve Malzemeler&#8221;"},"content":{"rendered":"<p>Toroslar Belediyesi, merkez \u00fcss\u00fc Kahramanmara\u015f olan ve 10 ili etkileyen depremlerin yaralar\u0131n\u0131 sarmak i\u00e7in g\u00f6n\u00fcll\u00fc vatanda\u015flar\u0131n da deste\u011fiyle ba\u015flatt\u0131\u011f\u0131 yard\u0131m \u00e7al\u0131\u015fmalar\u0131n\u0131 aral\u0131ks\u0131z s\u00fcrd\u00fcr\u00fcyor.<\/p>\n<p>Halkkent Mahallesi&#8217;nde bulunan Yunus Emre K\u00fclt\u00fcr Merkezi&#8217;nde olu\u015fturulan kriz masas\u0131, afet b\u00f6lgesindeki yetkililerle koordineli bir \u015fekilde \u00e7al\u0131\u015f\u0131yor. Temel ihtiya\u00e7 malzemelerini ta\u015f\u0131yan yard\u0131m t\u0131rlar\u0131 ve ara\u00e7lar, Yunus Emre K\u00fclt\u00fcr Merkezi&#8217;nden afet b\u00f6lgesine g\u00f6nderildi.<\/p>\n<p>&#8220;MERKEZE GELEMEYECEK OLAN VATANDA\u015eLARIN YARDIMLARI, EVLER\u0130NDEN TESL\u0130M ALINIYOR&#8221;<\/p>\n<p>Belediye, sosyal medya hesaplar\u0131ndan da depremzedelere ula\u015ft\u0131r\u0131lacak temel ihtiya\u00e7 malzemelerini payla\u015farak, yard\u0131mda bulunmak isteyen vatanda\u015flar\u0131 bilgilendirdi. <\/p>\n<p>Depremzedelere destek vermek isteyen ancak merkeze gelemeyecek olan vatanda\u015flar\u0131n yard\u0131mlar\u0131 da adreslerinden teslim al\u0131n\u0131yor. Vatanda\u015flar\u0131n, Toroslar Belediyesinin 0324 322 72 00 numaral\u0131 telefonunu arayarak belediye ekipleriyle ileti\u015fim kurabilecekleri bildirildi.<\/p>\n<p>Yard\u0131m malzemeleri, Yunus Emre K\u00fclt\u00fcr Merkezi&#8217;nde ve belediye hizmet binas\u0131 \u00f6n\u00fcnde toplan\u0131yor.<\/p>\n<p>Yard\u0131mda bulunmak isteyenler;  k\u0131\u015fl\u0131k bot, mont, ya\u011fmurluk, bebek mamas\u0131 ve biberonu, jenerat\u00f6r, powerbank, bebek ve \u00e7ocuk k\u0131yafeti, kuru g\u0131da, konserve, plastik ka\u015f\u0131k ve \u00e7atal, eldiven, bere, atk\u0131, hijyen malzemesi, hasta bebek bezi, tuvalet ka\u011f\u0131d\u0131, mum, \u00e7akmak, el feneri, d\u00fcd\u00fck, su, meyve suyu, sentetik i\u00e7lik, k\u0131\u015fl\u0131k k\u0131yafet, uyku tulumu, hijyenik ped, t\u00fcpl\u00fc \u0131s\u0131t\u0131c\u0131, cep \u0131s\u0131t\u0131c\u0131s\u0131, battaniye ve \u0131s\u0131t\u0131c\u0131 gibi temel ihtiya\u00e7 malzemelerini belediyenin yetkililerine teslim ediyor.<\/p>\n<p>Tek tek tasnif edilerek paketlenen yard\u0131mlar, belediye personeli ve g\u00f6n\u00fcll\u00fclerin i\u015fbirli\u011fiyle t\u0131rlara y\u00fckleniyor. Yard\u0131mlar, AFAD koordinasyonuyla ihtiya\u00e7 sahiplerine ula\u015ft\u0131r\u0131l\u0131yor.<\/p>\n<p>&#8220;BU ZOR G\u00dcNLER\u0130 B\u0130RL\u0130KTE ATLATACA\u011eIZ&#8221;<\/p>\n<p>Toroslar Belediye Ba\u015fkan\u0131 Ats\u0131z Af\u015f\u0131n Y\u0131lmaz, merkezde y\u00fcr\u00fct\u00fclen \u00e7al\u0131\u015fmalar\u0131 takip ederek; &#8220;\u00c7ok \u00fcz\u00fcc\u00fc g\u00fcnlerden ge\u00e7iyoruz. \u00dclkemizi derinden sarsan bir deprem felaketi ya\u015fad\u0131k. \u0130n\u015fallah bir daha b\u00f6yle bir afet ya\u015famay\u0131z. Her zaman oldu\u011fu gibi bu zor g\u00fcnleri de dayan\u0131\u015fma i\u00e7erisinde atlataca\u011f\u0131z in\u015fallah. Yard\u0131m Kampanyam\u0131z, hem\u015fehrilerimizin yo\u011fun deste\u011fiyle \u00e7\u0131\u011f gibi b\u00fcy\u00fcyor. Yard\u0131mda bulunarak duyarl\u0131l\u0131k g\u00f6steren t\u00fcm vatanda\u015flar\u0131m\u0131za te\u015fekk\u00fcr ediyorum. Afet b\u00f6lgesinin ihtiya\u00e7lar\u0131na g\u00f6re desteklerimiz artarak devam edecek&#8221; diye konu\u015ftu.<\/p>\n","protected":false},"excerpt":{"rendered":"<p>Toroslar Belediyesi, merkez \u00fcss\u00fc Kahramanmara\u015f olan ve 10 ili etkileyen depremlerin yaralar\u0131n\u0131 sarmak i\u00e7in g\u00f6n\u00fcll\u00fc vatanda\u015flar\u0131n da deste\u011fiyle ba\u015flatt\u0131\u011f\u0131 yard\u0131m \u00e7al\u0131\u015fmalar\u0131n\u0131 aral\u0131ks\u0131z s\u00fcrd\u00fcr\u00fcyor. Halkkent Mahallesi&#8217;nde bulunan Yunus Emre K\u00fclt\u00fcr Merkezi&#8217;nde &hellip; <a href=\"https:\/\/akdenizolaygazetesi.com\/?p=24095\" class=\"more-link\">Devam\u0131n\u0131 Oku&#8230;<\/a><\/p>\n","protected":false},"author":2,"featured_media":24096,"comment_status":"open","ping_status":"open","sticky":false,"template":"","format":"standard","meta":[],"categories":[34,1,2,3,5,9],"tags":[],"_links":{"self":[{"href":"https:\/\/akdenizolaygazetesi.com\/index.php?rest_route=\/wp\/v2\/posts\/24095"}],"collection":[{"href":"https:\/\/akdenizolaygazetesi.com\/index.php?rest_route=\/wp\/v2\/posts"}],"about":[{"href":"https:\/\/akdenizolaygazetesi.com\/index.php?rest_route=\/wp\/v2\/types\/post"}],"author":[{"embeddable":true,"href":"https:\/\/akdenizolaygazetesi.com\/index.php?rest_route=\/wp\/v2\/users\/2"}],"replies":[{"embeddable":true,"href":"https:\/\/akdenizolaygazetesi.com\/index.php?rest_route=%2Fwp%2Fv2%2Fcomments&post=24095"}],"version-history":[{"count":1,"href":"https:\/\/akdenizolaygazetesi.com\/index.php?rest_route=\/wp\/v2\/posts\/24095\/revisions"}],"predecessor-version":[{"id":24097,"href":"https:\/\/akdenizolaygazetesi.com\/index.php?rest_route=\/wp\/v2\/posts\/24095\/revisions\/24097"}],"wp:featuredmedia":[{"embeddable":true,"href":"https:\/\/akdenizolaygazetesi.com\/index.php?rest_route=\/wp\/v2\/media\/24096"}],"wp:attachment":[{"href":"https:\/\/akdenizolaygazetesi.com\/index.php?rest_route=%2Fwp%2Fv2%2Fmedia&parent=24095"}],"wp:term":[{"taxonomy":"category","embeddable":true,"href":"https:\/\/akdenizolaygazetesi.com\/index.php?rest_route=%2Fwp%2Fv2%2Fcategories&post=24095"},{"taxonomy":"post_tag","embeddable":true,"href":"https:\/\/akdenizolaygazetesi.com\/index.php?rest_route=%2Fwp%2Fv2%2Ftags&post=24095"}],"curies":[{"name":"wp","href":"https:\/\/api.w.org\/{rel}","templated":true}]}}