{"id":24098,"date":"2023-02-11T16:40:45","date_gmt":"2023-02-11T13:40:45","guid":{"rendered":"http:\/\/akdenizolaygazetesi.com\/?p=24098"},"modified":"2023-02-11T16:40:45","modified_gmt":"2023-02-11T13:40:45","slug":"toroslar-edas-deprem-bolgesinde-afet-haberlesme-sistemini-devreye-aldi","status":"publish","type":"post","link":"https:\/\/akdenizolaygazetesi.com\/?p=24098","title":{"rendered":"Toroslar EDA\u015e deprem b\u00f6lgesinde afet haberle\u015fme sistemini devreye ald\u0131"},"content":{"rendered":"<p>Y\u00fcksek noktalara kurulan ve g\u00fcne\u015f enerjisiyle \u00e7al\u0131\u015fan 3 mobil kule ve haberle\u015fme istasyonu ile y\u00fczlerce ekip arac\u0131na tak\u0131l\u0131 telsizler sayesinde onar\u0131m ekiplerinin ileti\u015fim ve koordinasyonu sa\u011fland\u0131. Saha \u00e7al\u0131\u015fan say\u0131s\u0131 2073\u2019e, jenerat\u00f6r say\u0131s\u0131 1716\u2019ya \u00e7\u0131kar\u0131ld\u0131.<\/p>\n<p>Toroslar Elektrik Da\u011f\u0131t\u0131m A\u015e (Toroslar EDA\u015e) deprem b\u00f6lgesinde ya\u015fanan mobil telekom\u00fcnikasyon problemine kar\u015f\u0131, onar\u0131m ekiplerinin daha etkili bir ileti\u015fimle \u00e7al\u0131\u015fabilmesi i\u00e7in sekt\u00f6rde bir ilk olan Afet Haberle\u015fme Sistemi\u2019ni devreye ald\u0131.<\/p>\n<p>Ge\u00e7mi\u015fte, Anadolu Yakas\u0131 Elektrik Da\u011f\u0131t\u0131m A\u015e (Ayeda\u015f) taraf\u0131ndan \u0130stanbul\u2019da beklenen depreme y\u00f6nelik geli\u015ftirilen sistem, Kahramanmara\u015f merkezli ger\u00e7ekle\u015fen ve baz\u0131 illerde halen giderilemeyen ileti\u015fim problemi nedeniyle depremi takiben \u0130stanbul\u2019dan deprem b\u00f6lgesine g\u00f6t\u00fcr\u00fcld\u00fc.<\/p>\n<p>Sistem sayesinde onar\u0131m ekipleri, y\u00fcksek noktalara kurulan 3 mobil kule ve haberle\u015fme istasyonu ile y\u00fczlerce ekip arac\u0131na tak\u0131l\u0131 telsizleri kullanarak, \u015firketin afet y\u00f6netim merkezi ve Merkezi Uzaktan Kontrol ve Veri \u0130zleme Merkezi (SCADA) ile ileti\u015fim ve koordinasyonu sa\u011flad\u0131.<\/p>\n<p>Sistem kuruldu\u011fu alanda g\u00fcne\u015f enerjisini kul3lanarak kendi elektrik ihtiyac\u0131n\u0131 sa\u011flayabiliyor. B\u00f6ylece \u015febekeye ba\u011flanmaya veya jenerat\u00f6rden destek almaya ihtiya\u00e7 duymuyor.<\/p>\n<p>Saha \u00e7al\u0131\u015fan\u0131 say\u0131s\u0131 2073\u2019e y\u00fckseldi<\/p>\n<p>Toroslar EDA\u015e\u2019\u0131n depremden etkilendi\u011fi b\u00f6lgelerde \u015fu an toplam 2073 elektrik da\u011f\u0131t\u0131m \u00e7al\u0131\u015fan\u0131 ihtiya\u00e7 duyulan enerji i\u00e7in g\u00f6rev yap\u0131yor.<\/p>\n<p>Enerjisa Da\u011f\u0131t\u0131m \u015eirketlerinin, Toroslar EDA\u015e ile birlikte 3 da\u011f\u0131t\u0131m \u015firketinden di\u011fer 2\u2019si olan Ba\u015fkent EDA\u015e ve Ayeda\u015f\u2019a ek olarak y\u00fcklenici ve di\u011fer da\u011f\u0131t\u0131m \u015firketlerinden gelen \u00e7al\u0131\u015fanlarla ilk g\u00fcn 350 seviyesinde olan saha \u00e7al\u0131\u015fan\u0131 say\u0131s\u0131 3. G\u00fcn itibariyle 1011\u2019e 5. G\u00fcn itibariyle ise 2073\u2019e \u00e7\u0131kar\u0131ld\u0131.<\/p>\n<p>S\u00f6z konusu faaliyetler i\u00e7in 141 sepetli ara\u00e7, 229 pick-up ara\u00e7, 48 vin\u00e7, 34 TIR, 19 kep\u00e7e, 60 kamyon, 392 binek ara\u00e7 ekipler taraf\u0131ndan kullan\u0131lmaktad\u0131r.<\/p>\n<p>1716 jenerat\u00f6r hizmet veriyor<\/p>\n<p>Ayr\u0131ca arama kurtarma ekipleriyle, hastanelerin, enkaz yak\u0131nlar\u0131ndaki projekt\u00f6rlerin ve cadde ile sokak ayd\u0131nlatmalar\u0131n\u0131n enerjilendirilmesi i\u00e7in kullan\u0131lan jenerat\u00f6rlerin say\u0131s\u0131 h\u0131zla art\u0131r\u0131l\u0131yor.<\/p>\n<p>Bu ama\u00e7la, 129\u2019u kamyon veya TIR ile ta\u015f\u0131nabilen b\u00fcy\u00fck mobil jenerat\u00f6re ek olarak, farkl\u0131 b\u00fcy\u00fckl\u00fcklerde \u00e7anta tip olarak adland\u0131r\u0131lan 1587 jenerat\u00f6rle birlikte toplam 1716 jenerat\u00f6r g\u00f6rev yap\u0131yor.<\/p>\n<p>\u0130lgili noktalar \u015febekeden beslendi\u011fi zaman bu jenerat\u00f6rler ba\u015fka noktalara kayd\u0131r\u0131l\u0131yor. Bu jenerat\u00f6rlerin yak\u0131t ikmalleri de \u015firketimizce temin edilen yak\u0131t depolar\u0131ndan \u00e7al\u0131\u015fanlar\u0131m\u0131zca sa\u011flan\u0131yor.<\/p>\n<p>Onar\u0131m\u0131 tamamlanmas\u0131na ra\u011fmen, g\u00fcvenlik nedeniyle enerji verilmeyen yerler bulunmakta olup, yeniden enerji verme faaliyetleri arama kurtarma \u00e7al\u0131\u015fmalar\u0131nda g\u00fcvenlik risklerini \u00f6nlemek ad\u0131na ilgili kamu kurumlar\u0131yla y\u00fcr\u00fct\u00fclen koordinasyon \u00e7er\u00e7evesinde s\u00fcrd\u00fcr\u00fcl\u00fcyor.<\/p>\n","protected":false},"excerpt":{"rendered":"<p>Y\u00fcksek noktalara kurulan ve g\u00fcne\u015f enerjisiyle \u00e7al\u0131\u015fan 3 mobil kule ve haberle\u015fme istasyonu ile y\u00fczlerce ekip arac\u0131na tak\u0131l\u0131 telsizler sayesinde onar\u0131m ekiplerinin ileti\u015fim ve koordinasyonu sa\u011fland\u0131. Saha \u00e7al\u0131\u015fan say\u0131s\u0131 2073\u2019e, &hellip; <a href=\"https:\/\/akdenizolaygazetesi.com\/?p=24098\" class=\"more-link\">Devam\u0131n\u0131 Oku&#8230;<\/a><\/p>\n","protected":false},"author":2,"featured_media":24099,"comment_status":"open","ping_status":"open","sticky":false,"template":"","format":"standard","meta":[],"categories":[1,2,3,5],"tags":[],"_links":{"self":[{"href":"https:\/\/akdenizolaygazetesi.com\/index.php?rest_route=\/wp\/v2\/posts\/24098"}],"collection":[{"href":"https:\/\/akdenizolaygazetesi.com\/index.php?rest_route=\/wp\/v2\/posts"}],"about":[{"href":"https:\/\/akdenizolaygazetesi.com\/index.php?rest_route=\/wp\/v2\/types\/post"}],"author":[{"embeddable":true,"href":"https:\/\/akdenizolaygazetesi.com\/index.php?rest_route=\/wp\/v2\/users\/2"}],"replies":[{"embeddable":true,"href":"https:\/\/akdenizolaygazetesi.com\/index.php?rest_route=%2Fwp%2Fv2%2Fcomments&post=24098"}],"version-history":[{"count":1,"href":"https:\/\/akdenizolaygazetesi.com\/index.php?rest_route=\/wp\/v2\/posts\/24098\/revisions"}],"predecessor-version":[{"id":24100,"href":"https:\/\/akdenizolaygazetesi.com\/index.php?rest_route=\/wp\/v2\/posts\/24098\/revisions\/24100"}],"wp:featuredmedia":[{"embeddable":true,"href":"https:\/\/akdenizolaygazetesi.com\/index.php?rest_route=\/wp\/v2\/media\/24099"}],"wp:attachment":[{"href":"https:\/\/akdenizolaygazetesi.com\/index.php?rest_route=%2Fwp%2Fv2%2Fmedia&parent=24098"}],"wp:term":[{"taxonomy":"category","embeddable":true,"href":"https:\/\/akdenizolaygazetesi.com\/index.php?rest_route=%2Fwp%2Fv2%2Fcategories&post=24098"},{"taxonomy":"post_tag","embeddable":true,"href":"https:\/\/akdenizolaygazetesi.com\/index.php?rest_route=%2Fwp%2Fv2%2Ftags&post=24098"}],"curies":[{"name":"wp","href":"https:\/\/api.w.org\/{rel}","templated":true}]}}