{"id":24101,"date":"2023-02-11T16:44:05","date_gmt":"2023-02-11T13:44:05","guid":{"rendered":"http:\/\/akdenizolaygazetesi.com\/?p=24101"},"modified":"2023-02-11T16:44:05","modified_gmt":"2023-02-11T13:44:05","slug":"kadinlar-sogukla-da-mucadele-eden-depremzedeler-icin-iclik-ve-fanila-dikiyor","status":"publish","type":"post","link":"https:\/\/akdenizolaygazetesi.com\/?p=24101","title":{"rendered":"KADINLAR, SO\u011eUKLA DA M\u00dcCADELE EDEN DEPREMZEDELER \u0130\u00c7\u0130N \u0130\u00c7L\u0130K VE FAN\u0130LA D\u0130K\u0130YOR"},"content":{"rendered":"<p>Akdeniz Belediyesi \u00d6zg\u00fcrl\u00fck Mahallesi K\u00fclt\u00fcr ve Sanat Evi kursiyeri kad\u0131nlar, so\u011fuk havalarla da m\u00fccadele eden deprem ma\u011fduru vatanda\u015flara ula\u015ft\u0131r\u0131lmak \u00fczere, seri \u015fekilde i\u00e7lik ve fanila \u00fcretimine ba\u015flad\u0131. <\/p>\n<p>Akdeniz Belediyesi, deprem ma\u011fduru vatanda\u015flar i\u00e7in ba\u015flatt\u0131\u011f\u0131 yard\u0131m seferberli\u011fine aral\u0131ks\u0131z devam ediyor. Hatay ve Gaziantep\u2019e kurtarma ekipleri ile birlikte onlarca i\u015f makinesi, seyyar WC, jenerat\u00f6r, bak\u0131m-onar\u0131m ara\u00e7lar\u0131, yard\u0131m TIR\u2019lar\u0131, i\u00e7me suyu, g\u0131da \u00fcr\u00fcnleri, k\u0131yafet ve hijyen malzemeleri ula\u015ft\u0131ran Akdeniz Belediyesi, so\u011fuklarla da m\u00fccadele eden depremzede vatanda\u015flar\u0131 unutmad\u0131.<\/p>\n<p>\u0130\u00e7lik ve fanila \u00fcretildi, \u00fcretim devam ediyor<\/p>\n<p>Akdeniz\u2019de aral\u0131ks\u0131z s\u00fcren yard\u0131m ve dayan\u0131\u015fma seferberli\u011fi kapsam\u0131nda, \u00d6zg\u00fcrl\u00fck Mahallesi K\u00fclt\u00fcr ve Sanat Evi\u2019nin giyim s\u0131n\u0131f\u0131 kursiyeri kad\u0131nlar\u0131, e\u011fitmenleri ile birlikte k\u0131sa s\u00fcre i\u00e7inde 150 adet i\u00e7lik ile fanila \u00fcretti. \u00dcretilen bu \u00e7ama\u015f\u0131rlar ekiplere teslim edilerek, en k\u0131sa s\u00fcrede felaketten etkilenen kentlerde, so\u011fuk ve dondurucu havalarla da m\u00fccadele eden depremzede vatanda\u015flara ula\u015fmas\u0131 sa\u011flanacak. Yeterli kuma\u015f temin edildik\u00e7e \u00fcretim devam edecek ve di\u011fer k\u00fclt\u00fcr evlerinde de dikimler yap\u0131lacak.<\/p>\n<p>\u201cKalbimiz, deprem ma\u011fduru insanlar\u0131m\u0131zla birlikte at\u0131yor\u201d<\/p>\n<p>Depremler sonucu ya\u015fanan can kay\u0131plar\u0131 nedeniyle ac\u0131 ve \u00fcz\u00fcnt\u00fclerini dile getiren kursiyer kad\u0131nlar; \u201cT\u00fcm T\u00fcrkiye\u2019nin, milletimizin ba\u015f\u0131 sa\u011f olsun. Allah, bir daha b\u00f6yle felaketleri bizlere ya\u015fatmas\u0131n. Depremden zarar g\u00f6ren insanlar\u0131m\u0131z\u0131n yan\u0131nday\u0131z, kalbimiz onlarla birlikte at\u0131yor. Ma\u011fdur insanlar\u0131m\u0131z\u0131 yaln\u0131z b\u0131rakmayaca\u011f\u0131z, elimizden gelen her t\u00fcrl\u00fc deste\u011fi ve dayan\u0131\u015fmay\u0131 g\u00f6stermeye devam edece\u011fiz\u201d s\u00f6zleriyle duygular\u0131n\u0131 dile getirdiler. <\/p>\n<p>Depremzede aileler belediyeye ait tesislerde a\u011f\u0131rlan\u0131yor<\/p>\n<p>Akdeniz Belediyesi\u2019nin, depremin y\u0131kt\u0131\u011f\u0131 kentlerde ya\u015fayan vatanda\u015flar yarar\u0131na ba\u015flatt\u0131\u011f\u0131 yard\u0131m seferberli\u011fi de gece g\u00fcnd\u00fcz demeden devam ediyor. Bir yandan belediye imk\u00e2nlar\u0131, hay\u0131rsever i\u015f insanlar\u0131 ve yard\u0131m severlerin deste\u011fiyle toplanan temel ya\u015fam malzemeleri b\u00f6lgeye ula\u015ft\u0131r\u0131l\u0131rken, depremin y\u0131kt\u0131\u011f\u0131 kentlerden Mersin\u2019e gelen aileler de belediyeye ait k\u00fclt\u00fcr evleri ile sosyal tesislerde a\u011f\u0131rlan\u0131yor ve ihtiya\u00e7lar\u0131 kar\u015f\u0131lan\u0131yor. <\/p>\n","protected":false},"excerpt":{"rendered":"<p>Akdeniz Belediyesi \u00d6zg\u00fcrl\u00fck Mahallesi K\u00fclt\u00fcr ve Sanat Evi kursiyeri kad\u0131nlar, so\u011fuk havalarla da m\u00fccadele eden deprem ma\u011fduru vatanda\u015flara ula\u015ft\u0131r\u0131lmak \u00fczere, seri \u015fekilde i\u00e7lik ve fanila \u00fcretimine ba\u015flad\u0131. Akdeniz Belediyesi, deprem &hellip; <a href=\"https:\/\/akdenizolaygazetesi.com\/?p=24101\" class=\"more-link\">Devam\u0131n\u0131 Oku&#8230;<\/a><\/p>\n","protected":false},"author":2,"featured_media":24102,"comment_status":"open","ping_status":"open","sticky":false,"template":"","format":"standard","meta":[],"categories":[34,1,2,3],"tags":[],"_links":{"self":[{"href":"https:\/\/akdenizolaygazetesi.com\/index.php?rest_route=\/wp\/v2\/posts\/24101"}],"collection":[{"href":"https:\/\/akdenizolaygazetesi.com\/index.php?rest_route=\/wp\/v2\/posts"}],"about":[{"href":"https:\/\/akdenizolaygazetesi.com\/index.php?rest_route=\/wp\/v2\/types\/post"}],"author":[{"embeddable":true,"href":"https:\/\/akdenizolaygazetesi.com\/index.php?rest_route=\/wp\/v2\/users\/2"}],"replies":[{"embeddable":true,"href":"https:\/\/akdenizolaygazetesi.com\/index.php?rest_route=%2Fwp%2Fv2%2Fcomments&post=24101"}],"version-history":[{"count":1,"href":"https:\/\/akdenizolaygazetesi.com\/index.php?rest_route=\/wp\/v2\/posts\/24101\/revisions"}],"predecessor-version":[{"id":24103,"href":"https:\/\/akdenizolaygazetesi.com\/index.php?rest_route=\/wp\/v2\/posts\/24101\/revisions\/24103"}],"wp:featuredmedia":[{"embeddable":true,"href":"https:\/\/akdenizolaygazetesi.com\/index.php?rest_route=\/wp\/v2\/media\/24102"}],"wp:attachment":[{"href":"https:\/\/akdenizolaygazetesi.com\/index.php?rest_route=%2Fwp%2Fv2%2Fmedia&parent=24101"}],"wp:term":[{"taxonomy":"category","embeddable":true,"href":"https:\/\/akdenizolaygazetesi.com\/index.php?rest_route=%2Fwp%2Fv2%2Fcategories&post=24101"},{"taxonomy":"post_tag","embeddable":true,"href":"https:\/\/akdenizolaygazetesi.com\/index.php?rest_route=%2Fwp%2Fv2%2Ftags&post=24101"}],"curies":[{"name":"wp","href":"https:\/\/api.w.org\/{rel}","templated":true}]}}