{"id":24108,"date":"2023-02-12T15:50:29","date_gmt":"2023-02-12T12:50:29","guid":{"rendered":"http:\/\/akdenizolaygazetesi.com\/?p=24108"},"modified":"2023-02-12T15:50:29","modified_gmt":"2023-02-12T12:50:29","slug":"yenisehir-belediyesi-hatayda-cevre-temizligi-calismalarina-destek-veriyor","status":"publish","type":"post","link":"https:\/\/akdenizolaygazetesi.com\/?p=24108","title":{"rendered":"Yeni\u015fehir Belediyesi Hatay\u2019da \u00e7evre temizli\u011fi \u00e7al\u0131\u015fmalar\u0131na destek veriyor"},"content":{"rendered":"<p>Depremin yaralar\u0131n\u0131 sarmak i\u00e7in seferber olan Mersin Yeni\u015fehir Belediyesi,  hem Mersin\u2019e gelen hem de deprem b\u00f6lgesindeki yurtta\u015flara ihtiya\u00e7 malzemesi ula\u015ft\u0131r\u0131rken, b\u00f6lgedeki temizlik \u00e7al\u0131\u015fmalar\u0131na destek veriyor. Hatay\u2019\u0131n Samanda\u011f il\u00e7esine 2 \u00e7\u00f6p toplama kamyonu ve temizlik ekipleri g\u00f6nderen Yeni\u015fehir Belediyesi, il\u00e7ede temizlik \u00e7al\u0131\u015fmalar\u0131n\u0131 yo\u011fun olarak s\u00fcrd\u00fcr\u00fcyor.<br \/>\nYeni\u015fehir Belediyesi, deprem b\u00f6lgesindeki olumsuzluklar\u0131 en aza indirmek ve yurtta\u015flar\u0131n sa\u011fl\u0131\u011f\u0131n\u0131 korumak amac\u0131yla \u00e7evre temizli\u011fi \u00e7al\u0131\u015fmalar\u0131na ekipleriyle destek veriyor. B\u00f6lgedeki salg\u0131n ve hastal\u0131k riskine kar\u015f\u0131 harekete ge\u00e7en Yeni\u015fehir Belediyesi Temizlik \u0130\u015fleri M\u00fcd\u00fcrl\u00fc\u011f\u00fc ekipleri Samanda\u011f\u2019da yo\u011fun mesaiyle \u00e7al\u0131\u015f\u0131yor.<br \/>\n\u0130l\u00e7ede devam eden temizlik \u00e7al\u0131\u015fmalar\u0131n\u0131 sosyal medya hesaplar\u0131ndan payla\u015fan ve dayan\u0131\u015fmaya dikkat \u00e7eken Yeni\u015fehir Belediye Ba\u015fkan\u0131 Abdullah \u00d6zyi\u011fit, \u201cTemizlik i\u015fleri ekiplerimiz ve \u00e7\u00f6p toplama ara\u00e7lar\u0131m\u0131zla Hatay Samanda\u011f&#8217;day\u0131z. Personelinin b\u00fcy\u00fck b\u00f6l\u00fcm\u00fc depremden etkilenen Samanda\u011f Belediyesi ile dayan\u0131\u015fma i\u00e7erisindeyiz. B\u00f6lgedeki yurtta\u015flar\u0131m\u0131z\u0131n yararlar\u0131n\u0131 sarmak i\u00e7in \u00f6zveriyle g\u00f6rev yapan Yeni\u015fehir&#8217;in emek\u00e7ilerine kolayl\u0131klar diliyorum.\u201d ifadelerini kulland\u0131.<\/p>\n","protected":false},"excerpt":{"rendered":"<p>Depremin yaralar\u0131n\u0131 sarmak i\u00e7in seferber olan Mersin Yeni\u015fehir Belediyesi, hem Mersin\u2019e gelen hem de deprem b\u00f6lgesindeki yurtta\u015flara ihtiya\u00e7 malzemesi ula\u015ft\u0131r\u0131rken, b\u00f6lgedeki temizlik \u00e7al\u0131\u015fmalar\u0131na destek veriyor. Hatay\u2019\u0131n Samanda\u011f il\u00e7esine 2 \u00e7\u00f6p &hellip; <a href=\"https:\/\/akdenizolaygazetesi.com\/?p=24108\" class=\"more-link\">Devam\u0131n\u0131 Oku&#8230;<\/a><\/p>\n","protected":false},"author":2,"featured_media":24109,"comment_status":"open","ping_status":"open","sticky":false,"template":"","format":"standard","meta":[],"categories":[2,3],"tags":[],"_links":{"self":[{"href":"https:\/\/akdenizolaygazetesi.com\/index.php?rest_route=\/wp\/v2\/posts\/24108"}],"collection":[{"href":"https:\/\/akdenizolaygazetesi.com\/index.php?rest_route=\/wp\/v2\/posts"}],"about":[{"href":"https:\/\/akdenizolaygazetesi.com\/index.php?rest_route=\/wp\/v2\/types\/post"}],"author":[{"embeddable":true,"href":"https:\/\/akdenizolaygazetesi.com\/index.php?rest_route=\/wp\/v2\/users\/2"}],"replies":[{"embeddable":true,"href":"https:\/\/akdenizolaygazetesi.com\/index.php?rest_route=%2Fwp%2Fv2%2Fcomments&post=24108"}],"version-history":[{"count":1,"href":"https:\/\/akdenizolaygazetesi.com\/index.php?rest_route=\/wp\/v2\/posts\/24108\/revisions"}],"predecessor-version":[{"id":24110,"href":"https:\/\/akdenizolaygazetesi.com\/index.php?rest_route=\/wp\/v2\/posts\/24108\/revisions\/24110"}],"wp:featuredmedia":[{"embeddable":true,"href":"https:\/\/akdenizolaygazetesi.com\/index.php?rest_route=\/wp\/v2\/media\/24109"}],"wp:attachment":[{"href":"https:\/\/akdenizolaygazetesi.com\/index.php?rest_route=%2Fwp%2Fv2%2Fmedia&parent=24108"}],"wp:term":[{"taxonomy":"category","embeddable":true,"href":"https:\/\/akdenizolaygazetesi.com\/index.php?rest_route=%2Fwp%2Fv2%2Fcategories&post=24108"},{"taxonomy":"post_tag","embeddable":true,"href":"https:\/\/akdenizolaygazetesi.com\/index.php?rest_route=%2Fwp%2Fv2%2Ftags&post=24108"}],"curies":[{"name":"wp","href":"https:\/\/api.w.org\/{rel}","templated":true}]}}