{"id":24114,"date":"2023-02-12T15:53:40","date_gmt":"2023-02-12T12:53:40","guid":{"rendered":"http:\/\/akdenizolaygazetesi.com\/?p=24114"},"modified":"2023-02-12T15:53:40","modified_gmt":"2023-02-12T12:53:40","slug":"secer-depremin-6-gununde-de-depremzedeleri-yalniz-birakmadi","status":"publish","type":"post","link":"https:\/\/akdenizolaygazetesi.com\/?p=24114","title":{"rendered":"SE\u00c7ER DEPREM\u0130N 6. G\u00dcN\u00dcNDE DE DEPREMZEDELER\u0130 YALNIZ BIRAKMADI"},"content":{"rendered":"<p>Kahramanmara\u015f merkezli ilk depremin ard\u0131ndan belediyenin t\u00fcm imkanlar\u0131 ile depremzedelere yard\u0131ma ko\u015fulmas\u0131n\u0131 sa\u011flayan Mersin B\u00fcy\u00fck\u015fehir Belediye Ba\u015fkan\u0131 Vahap Se\u00e7er, CHP Lideri Kemal K\u0131l\u0131\u00e7daro\u011flu ve B\u00fcy\u00fck\u015fehir Belediye Ba\u015fkanlar\u0131 ile birlikte yeniden deprem b\u00f6lgesine giderek incelemelerde bulundu.<\/p>\n<p>Mersin B\u00fcy\u00fck\u015fehir Belediye Ba\u015fkan\u0131 Vahap Se\u00e7er, 10 ilde y\u0131k\u0131ma neden olan depremlerin 6. g\u00fcn\u00fcnde de depremzedeleri yaln\u0131z b\u0131rakmad\u0131.<\/p>\n<p>CHP Lideri Kemal K\u0131l\u0131\u00e7daro\u011flu ile birlikte deprem b\u00f6lgelerine giderek incelemelerde bulunan Ba\u015fkan Se\u00e7er&#8217;e, CHP S\u00f6zc\u00fcs\u00fc Faik \u00d6ztrak, CHP Genel Ba\u015fkan Yard\u0131mc\u0131s\u0131 ve Malatya Milletvekili Veli A\u011fbaba, \u0130stanbul B\u00fcy\u00fck\u015fehir Belediye Ba\u015fkan\u0131 Ekrem \u0130mamo\u011flu, Ankara B\u00fcy\u00fck\u015fehir Belediye Ba\u015fkan\u0131 Mansur Yava\u015f, \u0130zmir B\u00fcy\u00fck\u015fehir Belediye Ba\u015fkan\u0131 Tun\u00e7 Soyer, Antalya B\u00fcy\u00fck\u015fehir Belediye Ba\u015fkan\u0131 Muhittin B\u00f6cek, Mu\u011fla B\u00fcy\u00fck\u015fehir Belediye Ba\u015fkan\u0131 Osman G\u00fcr\u00fcn, Tekirda\u011f B\u00fcy\u00fck\u015fehir Belediye Ba\u015fkan\u0131 Kadir Albayrak ile CHP&#8217;li milletvekilleri e\u015flik etti.<\/p>\n<p>\u0130lk olarak Malatya&#8217;ya giden heyet, depremden etkilenen yurtta\u015flar\u0131n sorunlar\u0131n\u0131 dinledi, ge\u00e7mi\u015f olsun dileklerinde bulundu. Yurtta\u015flar\u0131n dert yand\u0131\u011f\u0131 K\u0131l\u0131\u00e7daro\u011flu, depremzedelere, CHP&#8217;li B\u00fcy\u00fck\u015fehir Belediye Ba\u015fkanlar\u0131n\u0131n b\u00f6lgede olduklar\u0131n\u0131 ve ellerinden geleni yapt\u0131klar\u0131n\u0131 s\u00f6yledi.<\/p>\n<p>K\u0131l\u0131\u00e7daro\u011flu&#8217;ndan \u00e7ad\u0131r \u00e7a\u011fr\u0131s\u0131<\/p>\n<p>B\u00f6lgede yap\u0131lan incelemelerin ard\u0131ndan a\u00e7\u0131klama yapan CHP Lideri K\u0131l\u0131\u00e7daro\u011flu, &#8220;Malatya&#8217;day\u0131z. Ba\u015fka bir ac\u0131 ortamday\u0131z. B\u00fcy\u00fck s\u0131k\u0131nt\u0131lar var. \u015eu ana kadar bize aktar\u0131lan temel sorun \u00e7ad\u0131r. \u00c7ad\u0131r konusunda buradan a\u00e7\u0131k \u00e7a\u011fr\u0131 yap\u0131yorum. B\u00fct\u00fcn deprem b\u00f6lgelerine g\u00f6nderilmesi laz\u0131m.  Ben buradan T\u00fcrkiye&#8217;de \u00e7ad\u0131r \u00fcreten b\u00fct\u00fcn firmalara sesleniyorum. Sizin elinizde \u00e7ad\u0131r stokunuz varsa l\u00fctfen bizim B\u00fcy\u00fck\u015fehir Belediye Ba\u015fkanlar\u0131na ula\u015f\u0131n. Biz bunlar\u0131 sat\u0131n alaca\u011f\u0131z ve deprem b\u00f6lgelerine g\u00f6nderece\u011fiz. Nas\u0131l oluyor da bu kadar haz\u0131rl\u0131ks\u0131z davranabilirler ak\u0131l al\u0131r de\u011fil. T\u00fcrkiye b\u00fct\u00fcn sorunlar\u0131n\u0131 \u00e7\u00f6zebilecek kapasitede bir \u00fclke. Koordinasyonsuzluk sorunlar\u0131 birlikte getiriyor. K\u0131z\u0131lay&#8217;\u0131n, AFAD&#8217;\u0131n \u00e7ad\u0131r stoku nerede? Buradan tekrar h\u00fck\u00fcmete \u00e7a\u011fr\u0131 yap\u0131yoruz. L\u00fctfen bu sorunu \u00e7\u00f6z\u00fcn. Elinde \u00e7ad\u0131r olan i\u015fletmeler bize bildirsin, biz alaca\u011f\u0131z ve deprem b\u00f6lgelerine g\u00f6nderece\u011fiz&#8221; dedi.<\/p>\n<p>Malatya&#8217;n\u0131n ard\u0131ndan depremin vurdu\u011fu bir di\u011fer il olan Diyarbak\u0131r&#8217;a giden heyet, ilk olarak taziye evinde depremde hayat\u0131n\u0131 kaybeden vatanda\u015flar\u0131n yak\u0131nlar\u0131yla bir araya geldi.<br \/>\nDaha sonra ge\u00e7ici bar\u0131nma yerinde konaklayan vatanda\u015flar\u0131 ziyaret ederek &#8216;ge\u00e7mi\u015f olsun&#8217; dile\u011finde bulunan heyet, yurtta\u015flar\u0131n sorun ve taleplerini dinledi. K\u0131l\u0131\u00e7daro\u011flu ve beraberindekiler  ard\u0131ndan buradan Diyarbak\u0131r ve Ticaret Sanayi Odas\u0131&#8217;nda kurulan Kriz Masas\u0131&#8217;n\u0131 ziyaret ederek \u00e7al\u0131\u015fmalar hakk\u0131nda bilgi ald\u0131.<br \/>\n&#8220;Belediye Ba\u015fkanlar\u0131m\u0131z, b\u00fct\u00fcn depremzedelerin emrinde&#8221;<br \/>\nDiyarbak\u0131r Ticaret ve Sanayi Odas\u0131&#8217;nda a\u00e7\u0131klama yapan K\u0131l\u0131\u00e7daro\u011flu, &#8220;B\u00fcy\u00fck\u015fehir Belediye Ba\u015fkan\u0131 arkada\u015flar\u0131mla beraber geldik. Benim ta\u015f\u0131d\u0131\u011f\u0131m duyarl\u0131l\u0131\u011f\u0131 do\u011fal olarak onlar da ta\u015f\u0131yorlar. Di\u011fer belediye ba\u015fkan\u0131 arkada\u015flar\u0131m gibi. Sonu\u00e7ta ya\u015fanan felaketi bir \u015fekliyle telafi etmek zorunday\u0131z. \u00d6lenleri geri getiremeyiz ama en az\u0131ndan hayatta kalanlar\u0131n daha sa\u011fl\u0131kl\u0131, g\u00fczel bir ortamda hayatlar\u0131n\u0131 s\u00fcrd\u00fcrebilmeleri i\u00e7in \u00e7aba harcamak zorunday\u0131z. \u00d6lenlere Allah&#8217;tan rahmet diliyoruz. Hepimizin ba\u015f\u0131 sa\u011f olsun. T\u00fcrkiye b\u00fcy\u00fck bir felaket ile kar\u015f\u0131 kar\u015f\u0131ya. Ama \u00e7\u00f6z\u00fclemeyecek hi\u00e7bir sorun yoktur. Sa\u011fl\u0131kl\u0131, tutarl\u0131, emin ad\u0131mlarla yola \u00e7\u0131kt\u0131\u011f\u0131m\u0131zda b\u00fct\u00fcn sorunlar\u0131 a\u015fabiliriz. B\u00fcy\u00fck\u015fehir Belediye Ba\u015fkanlar\u0131m\u0131z T\u00fcrkiye&#8217;nin, b\u00fct\u00fcn depremzedelerin emrinde. Ellerinden gelen b\u00fct\u00fcn \u00e7abalar\u0131 g\u00f6steriyorlar. Var olan bir talep kendilerine ula\u015ft\u0131\u011f\u0131 zaman o talebi s\u00fcratle yerine getiriyorlar. Hi\u00e7bir ayr\u0131mc\u0131l\u0131k yap\u0131yoruz. Zaten bizim felsefemiz, k\u00fclt\u00fcr\u00fcm\u00fczde b\u00f6yle bir \u015fey yoktur. Biz ihtiya\u00e7 duyan her vatanda\u015fa ko\u015far\u0131z. Onun ihtiya\u00e7lar\u0131n\u0131 gidermeye \u00e7al\u0131\u015f\u0131r\u0131z&#8221; ifadelerine yer verdi.<br \/>\nBa\u015fkan Se\u00e7er, geceyi \u015eanl\u0131urfa&#8217;da depremzedelerle birlikte ge\u00e7irdi<br \/>\nCHP Lideri K\u0131l\u0131\u00e7daro\u011flu daha sonras\u0131nda ise beraberindekilerle \u015eanl\u0131urfa&#8217;ya ge\u00e7erek b\u00f6lgede incelemelerde bulundu. Depremzede yurtta\u015flarla bir araya gelen K\u0131l\u0131\u00e7daro\u011flu ve CHP heyeti, arama kurtarma \u00e7al\u0131\u015fmalar\u0131n\u0131 takip etti ve kentteki son durumla ilgili bilgi ald\u0131.<br \/>\n\u0130ncelemenin ard\u0131ndan bas\u0131n mensuplar\u0131na a\u00e7\u0131klama yapan K\u0131l\u0131\u00e7daro\u011flu, B\u00fcy\u00fck\u015fehir Belediye Ba\u015fkanlar\u0131yla  beraber t\u00fcm b\u00f6lgeleri gezdiklerini, ya\u015fanan sorunlar\u0131 do\u011frudan vatanda\u015ftan dinlediklerini ve kendilerinin de sorunlara \u00e7\u00f6z\u00fcm \u00fcretmek i\u00e7in \u00e7aba harcad\u0131klar\u0131n\u0131 belirtti. K\u0131l\u0131\u00e7daro\u011flu, &#8220;Umuyoruz ve diliyoruz, art\u0131k kentlere gerekli \u00f6nem, de\u011fer verilir. Binalar sa\u011fl\u0131kl\u0131 ve sa\u011flam yap\u0131l\u0131r. Her elini kolunu sallayan\u0131n m\u00fcteahhit olmad\u0131\u011f\u0131, in\u015faat yapmad\u0131\u011f\u0131 bu i\u015fte yetkin insanlar\u0131n \u00e7al\u0131\u015ft\u0131r\u0131ld\u0131\u011f\u0131, belediyelerin daha dikkatli, g\u00f6revlerine daha fazla \u00f6zen verdi\u011fi bir T\u00fcrkiye istiyoruz. Art\u0131k deprem e\u011fer olacaksa kentlerde dayan\u0131kl\u0131 binalar olmal\u0131. Kentler, ya\u015fanabilir olmal\u0131. Hepimiz bu kentlerde huzur i\u00e7inde ya\u015fayabilmeliyiz. Ben tekrar \u015eanl\u0131urfal\u0131 karde\u015flerime hem iyi ak\u015famlar diliyorum hem morallerini bozmamalar\u0131n\u0131 diliyorum. T\u00fcrkiye b\u00fcy\u00fck, g\u00fczel ve zengin bir \u00fclke. Bu zenginlik, b\u00fcy\u00fckl\u00fck i\u00e7inde hepimiz g\u00f6revimizi yapt\u0131\u011f\u0131m\u0131z zaman g\u00f6receksiniz daha g\u00fczel bir T\u00fcrkiye&#8217;de hep beraber, birlikte ya\u015fayaca\u011f\u0131z&#8221; diye konu\u015ftu.<br \/>\nBa\u015fkan Se\u00e7er: &#8220;Hala \u00e7ad\u0131r sorunu \u00e7\u00f6z\u00fclemedi, insanlar so\u011fukta peri\u015fan&#8221;<br \/>\nDeprem felaketinin ilk g\u00fcn\u00fcnden itibaren etkilenen t\u00fcm b\u00f6lgelere giden ve yurtta\u015flar\u0131n sorunlar\u0131n\u0131 dinleyen Ba\u015fkan Se\u00e7er, son durumla ilgili sosyal medya hesab\u0131 \u00fczerinden bir a\u00e7\u0131klama yaparak, &#8220;Deprem b\u00f6lgesindeki y\u0131k\u0131m\u0131n b\u00fcy\u00fck oldu\u011fu illerin tamam\u0131na ve baz\u0131 il\u00e7elere gittim. Felaketin 6. g\u00fcn\u00fcnde hala \u00e7ad\u0131r sorunu \u00e7\u00f6z\u00fclemedi, insanlar so\u011fukta peri\u015fan. Bar\u0131nma sorunu devam ediyor. \u0130yi ki belediyelerimiz ve alicenap milletimiz var. Yine ne yap\u0131yorsa onlar yap\u0131yor&#8221; ifadelerini kulland\u0131.<\/p>\n","protected":false},"excerpt":{"rendered":"<p>Kahramanmara\u015f merkezli ilk depremin ard\u0131ndan belediyenin t\u00fcm imkanlar\u0131 ile depremzedelere yard\u0131ma ko\u015fulmas\u0131n\u0131 sa\u011flayan Mersin B\u00fcy\u00fck\u015fehir Belediye Ba\u015fkan\u0131 Vahap Se\u00e7er, CHP Lideri Kemal K\u0131l\u0131\u00e7daro\u011flu ve B\u00fcy\u00fck\u015fehir Belediye Ba\u015fkanlar\u0131 ile birlikte yeniden &hellip; <a href=\"https:\/\/akdenizolaygazetesi.com\/?p=24114\" class=\"more-link\">Devam\u0131n\u0131 Oku&#8230;<\/a><\/p>\n","protected":false},"author":2,"featured_media":24115,"comment_status":"open","ping_status":"open","sticky":false,"template":"","format":"standard","meta":[],"categories":[1,2,3,5],"tags":[],"_links":{"self":[{"href":"https:\/\/akdenizolaygazetesi.com\/index.php?rest_route=\/wp\/v2\/posts\/24114"}],"collection":[{"href":"https:\/\/akdenizolaygazetesi.com\/index.php?rest_route=\/wp\/v2\/posts"}],"about":[{"href":"https:\/\/akdenizolaygazetesi.com\/index.php?rest_route=\/wp\/v2\/types\/post"}],"author":[{"embeddable":true,"href":"https:\/\/akdenizolaygazetesi.com\/index.php?rest_route=\/wp\/v2\/users\/2"}],"replies":[{"embeddable":true,"href":"https:\/\/akdenizolaygazetesi.com\/index.php?rest_route=%2Fwp%2Fv2%2Fcomments&post=24114"}],"version-history":[{"count":1,"href":"https:\/\/akdenizolaygazetesi.com\/index.php?rest_route=\/wp\/v2\/posts\/24114\/revisions"}],"predecessor-version":[{"id":24116,"href":"https:\/\/akdenizolaygazetesi.com\/index.php?rest_route=\/wp\/v2\/posts\/24114\/revisions\/24116"}],"wp:featuredmedia":[{"embeddable":true,"href":"https:\/\/akdenizolaygazetesi.com\/index.php?rest_route=\/wp\/v2\/media\/24115"}],"wp:attachment":[{"href":"https:\/\/akdenizolaygazetesi.com\/index.php?rest_route=%2Fwp%2Fv2%2Fmedia&parent=24114"}],"wp:term":[{"taxonomy":"category","embeddable":true,"href":"https:\/\/akdenizolaygazetesi.com\/index.php?rest_route=%2Fwp%2Fv2%2Fcategories&post=24114"},{"taxonomy":"post_tag","embeddable":true,"href":"https:\/\/akdenizolaygazetesi.com\/index.php?rest_route=%2Fwp%2Fv2%2Ftags&post=24114"}],"curies":[{"name":"wp","href":"https:\/\/api.w.org\/{rel}","templated":true}]}}