{"id":24127,"date":"2023-02-13T13:27:00","date_gmt":"2023-02-13T10:27:00","guid":{"rendered":"http:\/\/akdenizolaygazetesi.com\/?p=24127"},"modified":"2023-02-13T13:27:00","modified_gmt":"2023-02-13T10:27:00","slug":"kolayli-depremde-15-gazeteci-yasamini-yitirdi","status":"publish","type":"post","link":"https:\/\/akdenizolaygazetesi.com\/?p=24127","title":{"rendered":"KOLAYLI:  DEPREMDE 15 GAZETEC\u0130 YA\u015eAMINI Y\u0130T\u0130RD\u0130"},"content":{"rendered":"<p>Bas\u0131n \u00e7al\u0131\u015fanlar\u0131na destek olmak amac\u0131yla yakla\u015f\u0131k be\u015f g\u00fcnd\u00fcr deprem b\u00f6lgesinde bulunan TGK Genel Ba\u015fkan\u0131 Nuri Kolayl\u0131, bug\u00fcne kadar 15 gazetecinin ya\u015fam\u0131n\u0131 yitirdi\u011fini a\u00e7\u0131klad\u0131.<\/p>\n<p>B\u00f6lgede b\u00fcy\u00fck bir y\u0131k\u0131m ya\u015fand\u0131\u011f\u0131n\u0131 ve t\u00fcm \u00e7abalara ra\u011fmen yaralar\u0131n k\u0131sa s\u00fcrede sar\u0131lmayaca\u011f\u0131n\u0131 ifade eden TGK Genel Ba\u015fkan\u0131 Kolayl\u0131, &#8220;\u00c7ok \u00fczg\u00fcn\u00fcz. Duygular\u0131m\u0131z\u0131 s\u00f6zc\u00fcklerle anlatmakta yetersiz kal\u0131yoruz. B\u00f6lgede b\u00fcy\u00fck bir ac\u0131 ya\u015fan\u0131yor. Bug\u00fcne kadar g\u00f6r\u00fclmemi\u015f bir y\u0131k\u0131mla kar\u015f\u0131 kar\u015f\u0131yay\u0131z. Depremde \u015fu ana kadar 15 meslekta\u015f\u0131m\u0131z\u0131 kaybettik. En b\u00fcy\u00fck kay\u0131p 7 gazeteci ile Ad\u0131yaman&#8217;da.  Dualar\u0131m\u0131z onlar i\u00e7in&#8221; dedi.<\/p>\n<p>Nuri Kolayl\u0131&#8217;n\u0131n verdi\u011fi bilgiye g\u00f6re depremde enkaz alt\u0131nda kalarak ya\u015fam\u0131n\u0131 yitiren gazetecilerin isimleri ve \u015fehirleri \u015f\u00f6yle:<\/p>\n<p>Ay\u015fe Figen Arl\u0131 (\u0130skenderun Ses), Aziz \u00c7evlik (Man\u015fet \/ K. Mara\u015f), Burak Alku\u015f (Ad\u0131yaman Ses), Burak Milli (AA \/ Hatay), G\u00f6khan Aklan (\u0130HA \/ Hatay), Hidayet \u00d6zdemir (Gazeteci -Yazar\/Ad\u0131yaman), \u0130skender Korkut (Mercan TV\/Ad\u0131yaman), \u0130zzet Nazl\u0131 (DHA\/Hatay), Kemal \u00d6ner (Ad\u0131yaman Telgraf), Meltem \u00d6zgen (TV sunucu\/Adana), Muhammed Akan (Ad\u0131yaman Haber) Mustafa Y\u00fczba\u015f\u0131o\u011flu (Bug\u00fcn \/ K. Mara\u015f), Ne\u015fet Alkan (Haber Ekspres\/Hatay), Ruhi Akan (Jet Haber\/Ad\u0131yaman), Yunus Emre Do\u011fan (Mercan TV\/Ad\u0131yaman).<\/p>\n<p>Bas\u0131n Ilan Kurumu Gazete Sahipleri Temsilcisi Mehmet Erg\u00fcn ve Konya Yenig\u00fcn Gazetesi Sahibi Mustafa Arslan ile birlikte b\u00f6lgedeki \u00e7al\u0131\u015fmalara destek olmaya devam edeceklerini ifade eden T\u00fcrkiye Gazeteciler Konfederasyonu Genel Ba\u015fkan\u0131 Nuri Kolayl\u0131, a\u00e7\u0131klamalar\u0131n\u0131 \u015f\u00f6yle tamamlad\u0131:<\/p>\n<p>&#8220;Deprem b\u00f6lgesine gerekli yard\u0131m\u0131 ula\u015ft\u0131rmak ve yaralar\u0131 sarmak en b\u00fcy\u00fck g\u00f6revimiz. Meslekta\u015flar\u0131m\u0131z, kurtarma ve yard\u0131m ekipleriyle birlikte fedakarca g\u00f6rev yap\u0131yor. Biz de t\u00fcm olanaklar\u0131m\u0131zla yanlar\u0131nday\u0131z. Deprem felaketini yard\u0131mla\u015fma bilinciyle, daha b\u00fcy\u00fck ac\u0131lar ya\u015famadan atlatmak \u00fcmidiyle t\u00fcm milletimize ba\u015fsa\u011fl\u0131\u011f\u0131 diliyorum.&#8221;<\/p>\n","protected":false},"excerpt":{"rendered":"<p>Bas\u0131n \u00e7al\u0131\u015fanlar\u0131na destek olmak amac\u0131yla yakla\u015f\u0131k be\u015f g\u00fcnd\u00fcr deprem b\u00f6lgesinde bulunan TGK Genel Ba\u015fkan\u0131 Nuri Kolayl\u0131, bug\u00fcne kadar 15 gazetecinin ya\u015fam\u0131n\u0131 yitirdi\u011fini a\u00e7\u0131klad\u0131. B\u00f6lgede b\u00fcy\u00fck bir y\u0131k\u0131m ya\u015fand\u0131\u011f\u0131n\u0131 ve t\u00fcm &hellip; <a href=\"https:\/\/akdenizolaygazetesi.com\/?p=24127\" class=\"more-link\">Devam\u0131n\u0131 Oku&#8230;<\/a><\/p>\n","protected":false},"author":2,"featured_media":24128,"comment_status":"open","ping_status":"open","sticky":false,"template":"","format":"standard","meta":[],"categories":[1,2,3,5],"tags":[],"_links":{"self":[{"href":"https:\/\/akdenizolaygazetesi.com\/index.php?rest_route=\/wp\/v2\/posts\/24127"}],"collection":[{"href":"https:\/\/akdenizolaygazetesi.com\/index.php?rest_route=\/wp\/v2\/posts"}],"about":[{"href":"https:\/\/akdenizolaygazetesi.com\/index.php?rest_route=\/wp\/v2\/types\/post"}],"author":[{"embeddable":true,"href":"https:\/\/akdenizolaygazetesi.com\/index.php?rest_route=\/wp\/v2\/users\/2"}],"replies":[{"embeddable":true,"href":"https:\/\/akdenizolaygazetesi.com\/index.php?rest_route=%2Fwp%2Fv2%2Fcomments&post=24127"}],"version-history":[{"count":1,"href":"https:\/\/akdenizolaygazetesi.com\/index.php?rest_route=\/wp\/v2\/posts\/24127\/revisions"}],"predecessor-version":[{"id":24129,"href":"https:\/\/akdenizolaygazetesi.com\/index.php?rest_route=\/wp\/v2\/posts\/24127\/revisions\/24129"}],"wp:featuredmedia":[{"embeddable":true,"href":"https:\/\/akdenizolaygazetesi.com\/index.php?rest_route=\/wp\/v2\/media\/24128"}],"wp:attachment":[{"href":"https:\/\/akdenizolaygazetesi.com\/index.php?rest_route=%2Fwp%2Fv2%2Fmedia&parent=24127"}],"wp:term":[{"taxonomy":"category","embeddable":true,"href":"https:\/\/akdenizolaygazetesi.com\/index.php?rest_route=%2Fwp%2Fv2%2Fcategories&post=24127"},{"taxonomy":"post_tag","embeddable":true,"href":"https:\/\/akdenizolaygazetesi.com\/index.php?rest_route=%2Fwp%2Fv2%2Ftags&post=24127"}],"curies":[{"name":"wp","href":"https:\/\/api.w.org\/{rel}","templated":true}]}}