{"id":24142,"date":"2023-02-13T13:37:57","date_gmt":"2023-02-13T10:37:57","guid":{"rendered":"http:\/\/akdenizolaygazetesi.com\/?p=24142"},"modified":"2023-02-13T13:37:57","modified_gmt":"2023-02-13T10:37:57","slug":"baskan-gultak-kultur-ve-sanat-evlerinde-konaklayan-misafirleri-ziyaret-etti","status":"publish","type":"post","link":"https:\/\/akdenizolaygazetesi.com\/?p=24142","title":{"rendered":"Ba\u015fkan G\u00fcltak, k\u00fclt\u00fcr ve sanat evlerinde konaklayan misafirleri ziyaret etti"},"content":{"rendered":"<p>Akdeniz Belediyesi\u2019nin, depremzede vatanda\u015flar i\u00e7in haz\u0131rlad\u0131\u011f\u0131 bar\u0131nma yerlerine yerle\u015fimler ba\u015flad\u0131. Ya\u015fad\u0131klar\u0131 kentlerden ayr\u0131l\u0131p Mersin\u2019e gelen deprem ma\u011fduru y\u00fczlerce vatanda\u015f ekiplerce kar\u015f\u0131lan\u0131yor, mahalle k\u00fclt\u00fcr ve sanat evlerine yerle\u015ftirilip a\u011f\u0131rlan\u0131yor. Burada da kendilerine yemek, su ve s\u0131cak i\u00e7ecek ikram ediliyor. Akdeniz Belediye Ba\u015fkan\u0131 M. Mustafa G\u00fcltak, depremzede vatanda\u015flar\u0131n a\u011f\u0131rland\u0131\u011f\u0131 k\u00fclt\u00fcr evlerini ziyaret etti, afetzede vatanda\u015flar\u0131n ac\u0131s\u0131n\u0131 payla\u015ft\u0131, moral vermeye \u00e7al\u0131\u015ft\u0131.<br \/>\nKahramanmara\u015f merkezli 7,7 ve 7,6 \u015fiddetindeki y\u0131k\u0131c\u0131 depremler sonucu ma\u011fdur olan afetzede vatanda\u015flara kap\u0131lar\u0131n\u0131 sonuna kadar a\u00e7an Akdeniz Belediyesi, kurum envanterinde bulunan servis ara\u00e7lar\u0131, otob\u00fcsler veya kendi imk\u00e2nlar\u0131yla Hatay ve Gaziantep\u2019ten Mersin\u2019e gelen y\u00fczlerce depremzede vatanda\u015f, belediyeye ait 12 K\u00fclt\u00fcr ve Sanat Evi\u2019nde a\u011f\u0131rl\u0131yor. Belediye personeli, merkez binaya gelen afetzede vatanda\u015flara da yard\u0131mc\u0131 olup yol g\u00f6steriyor, konaklayacaklar\u0131 yere ula\u015f\u0131m\u0131n\u0131 sa\u011fl\u0131yor.<br \/>\nTemel ihtiya\u00e7 malzemeleri de kar\u015f\u0131lan\u0131yor<br \/>\nFelaketin vurdu\u011fu vatanda\u015flar\u0131n yatak, yorgan, battaniye, \u00e7ar\u015faf, nevresim, giyecek, ayakkab\u0131 ve soba gibi temel ihtiya\u00e7lar\u0131 da belediye ekipleri taraf\u0131ndan konaklad\u0131klar\u0131 bu yerlerde kar\u015f\u0131lan\u0131yor. \u00d6rnek bir imece sergileyen hay\u0131rsever i\u015f insanlar\u0131 ve vatanda\u015flar\u0131n destekleri de aral\u0131ks\u0131z devam ediyor.<br \/>\nVatanda\u015flar da evlerinden yemek ve ihtiya\u00e7 malzemesi getiriyor<br \/>\nB\u00fcy\u00fck bir dayan\u0131\u015fma \u00f6rne\u011fi ile ilk g\u00fcnden itibaren yard\u0131m kampanyas\u0131n\u0131 s\u00fcrd\u00fcren Akdeniz Belediyesi ekipleri, deprem b\u00f6lgesinde ya\u015famaya devam eden vatanda\u015flar\u0131n yan\u0131 s\u0131ra kente g\u00f6\u00e7 edenler i\u00e7in ba\u015fta g\u0131da, su, giysi, \u0131s\u0131t\u0131c\u0131 olmak \u00fczere temel ihtiya\u00e7 malzemelerini toplay\u0131p afetzedelere ula\u015ft\u0131rmaya devam ediyor.<br \/>\nDepremzede vatanda\u015flar\u0131n a\u011f\u0131rland\u0131\u011f\u0131 mahalle k\u00fclt\u00fcr evlerinin civar\u0131nda ikamet eden vatanda\u015flar da kendi pi\u015firdikleri yemeklerin yan\u0131 s\u0131ra, battaniye, havlu ve giysi gibi temel ihtiya\u00e7lar\u0131 getirip g\u00f6revlilere teslim ediyor. Ya\u015fad\u0131klar\u0131 \u015foku atlatmaya \u00e7al\u0131\u015fan deprem ma\u011fduru vatanda\u015flar, kendilerine bu imk\u00e2n\u0131 sa\u011flayan Akdeniz Belediyesi\u2019ne ve gece g\u00fcnd\u00fcz demeden yard\u0131mc\u0131 olan personele te\u015fekk\u00fcr etti.<br \/>\nBa\u015fkan G\u00fcltak; \u201cMillet olarak kenetlenece\u011fiz, yaralar\u0131m\u0131z\u0131 birlikte saraca\u011f\u0131z\u201d<br \/>\nAkdeniz Belediye Ba\u015fkan\u0131 M. Mustafa G\u00fcltak, depremzede vatanda\u015flar\u0131n a\u011f\u0131rland\u0131\u011f\u0131 k\u00fclt\u00fcr ve sanat evlerini ziyaret etti, afetten etkilenen vatanda\u015flar\u0131n ac\u0131s\u0131n\u0131 payla\u015f\u0131p, onlara moral vermeye \u00e7al\u0131\u015ft\u0131. Ba\u015fkan G\u00fcltak; \u201cMaalesef \u00fclkemiz, tarihte g\u00f6r\u00fclmemi\u015f bir afetle kar\u015f\u0131 kar\u015f\u0131ya kalm\u0131\u015ft\u0131r. Deprem, \u00fclkemizin ka\u00e7amayaca\u011f\u0131m\u0131z bir ger\u00e7e\u011fi ne yaz\u0131k ki. \u0130n\u015fallah t\u00fcm bu ac\u0131lar\u0131n ve zorluklar\u0131n \u00fcstesinden de elbirli\u011fiyle kalkaca\u011f\u0131z.<br \/>\nMillet olarak kenetlenmemizin, birlik olmam\u0131z\u0131n zaman\u0131d\u0131r. Siz de\u011ferli vatanda\u015flar\u0131m\u0131z i\u00e7in elimizden gelen her t\u00fcrl\u00fc imk\u00e2n\u0131 hizmetinize sunmaya devam edece\u011fiz. Ba\u015f\u0131m\u0131z\u0131n \u00fcst\u00fcnde yeriniz var. Biz g\u00fc\u00e7l\u00fc bir milletiz. \u00dclke olarak en k\u0131sa zamanda yaralar\u0131m\u0131z\u0131, ac\u0131lar\u0131m\u0131z\u0131 hep birlikte saraca\u011f\u0131z\u201d ifadelerini kulland\u0131.<\/p>\n","protected":false},"excerpt":{"rendered":"<p>Akdeniz Belediyesi\u2019nin, depremzede vatanda\u015flar i\u00e7in haz\u0131rlad\u0131\u011f\u0131 bar\u0131nma yerlerine yerle\u015fimler ba\u015flad\u0131. Ya\u015fad\u0131klar\u0131 kentlerden ayr\u0131l\u0131p Mersin\u2019e gelen deprem ma\u011fduru y\u00fczlerce vatanda\u015f ekiplerce kar\u015f\u0131lan\u0131yor, mahalle k\u00fclt\u00fcr ve sanat evlerine yerle\u015ftirilip a\u011f\u0131rlan\u0131yor. Burada da &hellip; <a href=\"https:\/\/akdenizolaygazetesi.com\/?p=24142\" class=\"more-link\">Devam\u0131n\u0131 Oku&#8230;<\/a><\/p>\n","protected":false},"author":2,"featured_media":24143,"comment_status":"open","ping_status":"open","sticky":false,"template":"","format":"standard","meta":[],"categories":[2,3,5],"tags":[],"_links":{"self":[{"href":"https:\/\/akdenizolaygazetesi.com\/index.php?rest_route=\/wp\/v2\/posts\/24142"}],"collection":[{"href":"https:\/\/akdenizolaygazetesi.com\/index.php?rest_route=\/wp\/v2\/posts"}],"about":[{"href":"https:\/\/akdenizolaygazetesi.com\/index.php?rest_route=\/wp\/v2\/types\/post"}],"author":[{"embeddable":true,"href":"https:\/\/akdenizolaygazetesi.com\/index.php?rest_route=\/wp\/v2\/users\/2"}],"replies":[{"embeddable":true,"href":"https:\/\/akdenizolaygazetesi.com\/index.php?rest_route=%2Fwp%2Fv2%2Fcomments&post=24142"}],"version-history":[{"count":1,"href":"https:\/\/akdenizolaygazetesi.com\/index.php?rest_route=\/wp\/v2\/posts\/24142\/revisions"}],"predecessor-version":[{"id":24144,"href":"https:\/\/akdenizolaygazetesi.com\/index.php?rest_route=\/wp\/v2\/posts\/24142\/revisions\/24144"}],"wp:featuredmedia":[{"embeddable":true,"href":"https:\/\/akdenizolaygazetesi.com\/index.php?rest_route=\/wp\/v2\/media\/24143"}],"wp:attachment":[{"href":"https:\/\/akdenizolaygazetesi.com\/index.php?rest_route=%2Fwp%2Fv2%2Fmedia&parent=24142"}],"wp:term":[{"taxonomy":"category","embeddable":true,"href":"https:\/\/akdenizolaygazetesi.com\/index.php?rest_route=%2Fwp%2Fv2%2Fcategories&post=24142"},{"taxonomy":"post_tag","embeddable":true,"href":"https:\/\/akdenizolaygazetesi.com\/index.php?rest_route=%2Fwp%2Fv2%2Ftags&post=24142"}],"curies":[{"name":"wp","href":"https:\/\/api.w.org\/{rel}","templated":true}]}}