{"id":24148,"date":"2023-02-13T16:06:55","date_gmt":"2023-02-13T13:06:55","guid":{"rendered":"http:\/\/akdenizolaygazetesi.com\/?p=24148"},"modified":"2023-02-13T16:06:55","modified_gmt":"2023-02-13T13:06:55","slug":"mersin-buyuksehir-yardima-kostu-minik-ali-eren-dunyaya-gozlerini-mersinde-acti","status":"publish","type":"post","link":"https:\/\/akdenizolaygazetesi.com\/?p=24148","title":{"rendered":"MERS\u0130N B\u00dcY\u00dcK\u015eEH\u0130R YARDIMA KO\u015eTU, M\u0130N\u0130K AL\u0130 EREN D\u00dcNYAYA G\u00d6ZLER\u0130N\u0130 MERS\u0130N&#8217;DE A\u00c7TI"},"content":{"rendered":"<p>Mersin B\u00fcy\u00fck\u015fehir Belediye Ba\u015fkan\u0131 Vahap Se\u00e7er ve Meral Se\u00e7er, ya\u015fanan deprem felaketinin ard\u0131ndan Mersin B\u00fcy\u00fck\u015fehir Belediyesi&#8217;nin destekleriyle Hatay&#8217;\u0131n Samanda\u011f il\u00e7esinden Mersin&#8217;e getirilen ve bebek mutlulu\u011fu ya\u015fayan \u00c7ak\u0131r \u00e7iftini hastanede ziyaret etti.  Ba\u015fkan Se\u00e7er ve Meral Se\u00e7er, bu an\u0131 4 y\u0131ld\u0131r bekleyen ve yeni do\u011fum yapan anne Sara \u00c7ak\u0131r ve baba Mahir \u00c7ak\u0131r ile \u00d6zel Yeni\u015fehir Hastanesi&#8217;nde bir araya gelerek mutluluklar\u0131n\u0131 payla\u015ft\u0131. Ba\u015fkan Se\u00e7er ve Meral Se\u00e7er, hem aileye &#8216;Ge\u00e7mi\u015f olsun&#8217; dile\u011finde bulundu hem de bebek sevin\u00e7lerine ortak oldu.<br \/>\nAnne Sara \u00c7ak\u0131r, baba Mahir \u00c7ak\u0131r ve d\u00fcnyaya yeni gelen minik Ali Eren \u00c7ak\u0131r&#8217;\u0131 ziyaret eden Ba\u015fkan Se\u00e7er ve Meral Se\u00e7er, aileye Mersinli bir hay\u0131rsever vatanda\u015f\u0131n da evlerini a\u00e7aca\u011f\u0131n\u0131n m\u00fcjdesini verdi. Ba\u015fkan Se\u00e7er, &#8220;Her zaman devletin kurumlar\u0131 olarak belediyelerimizle yan\u0131n\u0131zday\u0131z&#8221; dedi.<br \/>\nAilenin 4 y\u0131ll\u0131k bebek \u00f6zlemi Mersin&#8217;de sona erdi<br \/>\nZiyarette ayr\u0131ca; \u00d6zel Yeni\u015fehir Hastanesi Y\u00f6netim Kurulu Ba\u015fkan\u0131 Opr. Dr. Mehmet Deniz \u00d6rener ve \u00d6zel Yeni\u015fehir Hastanesi&#8217;nde Kad\u0131n Hastal\u0131klar\u0131 ve Do\u011fum Uzman\u0131 olarak g\u00f6rev yapan Opr. Dr. Haldun Canova da yer ald\u0131. Opr. Dr. Haldun Canova&#8217;n\u0131n ger\u00e7ekle\u015ftirdi\u011fi operasyonla sa\u011fl\u0131kl\u0131 bir \u015fekilde d\u00fcnyaya gelen minik Ali Eren&#8217;i seven Ba\u015fkan Se\u00e7er ve Meral Se\u00e7er, &#8216;\u0130smi ile ya\u015fas\u0131n&#8217; dile\u011finde bulundu.<br \/>\nMersin B\u00fcy\u00fck\u015fehir&#8217;in Deprem Koordinasyon Merkezi taraf\u0131ndan Hatay&#8217;dan Mersin&#8217;e getirilen \u00c7ak\u0131r \u00e7ifti, 4 y\u0131ld\u0131r bekledikleri bebek \u00f6zlemine Mersin&#8217;de kavu\u015ftu. Hatay&#8217;\u0131n Samanda\u011f il\u00e7esinde felaketi ya\u015fayan depremzede aile, B\u00fcy\u00fck\u015fehir Belediyesi ekiplerince Mersin&#8217;e getirilerek Yeni\u015fehir Fuar Alan\u0131&#8217;nda haz\u0131rlanan konaklama merkezinde misafir edildi. Fuarda g\u00f6revli bir yetkilinin fark etmesi \u00fczerine anne Sara \u00c7ak\u0131r, \u00d6zel Yeni\u015fehir Hastanesi&#8217;ne kald\u0131r\u0131ld\u0131 ve do\u011fumu burada yapt\u0131. Bebeklerine ya\u015fad\u0131klar\u0131 ac\u0131 olay sonras\u0131 kavu\u015fan depremzede aile, duygular\u0131n\u0131 ve ya\u015fad\u0131klar\u0131n\u0131 da Ba\u015fkan Se\u00e7er ve Meral Se\u00e7er ile payla\u015ft\u0131. Aile, Mersin B\u00fcy\u00fck\u015fehir Belediye Ba\u015fkan\u0131 Vahap Se\u00e7er&#8217;e ve ekibine de te\u015fekk\u00fcr etti.<br \/>\nBa\u015fkan Se\u00e7er: &#8220;\u0130smi ile ya\u015fas\u0131n&#8221;<br \/>\nBa\u015fkan Se\u00e7er, ger\u00e7ekle\u015ftirdikleri ziyarette minik Ali Eren&#8217;i severek , &#8220;\u0130smi ile ya\u015fas\u0131n. B\u00fcy\u00fck ge\u00e7mi\u015f olsun. Mersin&#8217;e Samanda\u011f&#8217;dan geldiniz de\u011fil mi? Ben 2. g\u00fcn, Sal\u0131 g\u00fcn\u00fc oradayd\u0131m. Ak\u015fam biraz ge\u00e7 vakitti. \u00c7ok hasar g\u00f6ren yerlerden bir tanesi sizin Samanda\u011f. \u00d6zellikle o giri\u015fte bakt\u0131m sa\u011fl\u0131 sollu inan\u0131lmaz hi\u00e7bir \u015fey kalmam\u0131\u015f&#8221; dedi. Anne Sara \u00c7ak\u0131r da, &#8220;Hi\u00e7 ev diye bir \u015fey kalmam\u0131\u015f&#8221; diye ya\u015fananlar\u0131 aktard\u0131. Ba\u015fkan Se\u00e7er, ailenin Mersin&#8217;e ne zaman geldiklerini sordu ve Baba Mahir \u00c7ak\u0131r da Mersin&#8217;e nas\u0131l geldiklerini anlat\u0131rken, &#8220;Mersin halk\u0131 \u00e7ok duyarl\u0131&#8221; diye konu\u015ftu.<br \/>\nBa\u015fkan Se\u00e7er, Yeni\u015fehir Fuar Alan\u0131&#8217;nda ka\u00e7 g\u00fcn kald\u0131klar\u0131n\u0131 sorarken, baba Mahir \u00c7ak\u0131r da konaklama yerinde 2 g\u00fcn ikamet ettiklerini s\u00f6yledi. Hastane y\u00f6netimine de te\u015fekk\u00fcr eden Ba\u015fkan Se\u00e7er hem Opr. Dr. Haldun Canova&#8217;ya hem de Yeni\u015fehir Hastanesi y\u00f6netimine te\u015fekk\u00fcr etti. Aileye konuyla ilgili de bilgi veren Se\u00e7er, &#8220;Ger\u00e7ekten onlar\u0131n size \u00e7ok b\u00fcy\u00fck bir katk\u0131s\u0131, deste\u011fi oldu. Kendilerine te\u015fekk\u00fcr ediyoruz. Durumu hastaneye bildirmi\u015f arkada\u015flar. Hemen kabul etmi\u015fler. &#8216;Herhangi bir \u00fccretleme de yapmay\u0131z, tabi ki bu ac\u0131l\u0131 g\u00fcnde esas olan milletimize sahip \u00e7\u0131kmak, yard\u0131mla\u015fmak&#8217; dediler telefonda. Ger\u00e7ekten biz de \u00e7ok duyguland\u0131k. Hemen sizi buraya getirmi\u015fler ve sa\u011fl\u0131kl\u0131 bir bebe\u011fimiz olmu\u015f. Sizin de s\u0131hhatiniz iyi. Haldun hocamla konu\u015ftum; &#8216;anne de, bebe\u011fimiz de iyi&#8217; dedi&#8221; ifadelerini kulland\u0131.<br \/>\n&#8220;Herkese kap\u0131m\u0131z a\u00e7\u0131k&#8221;<br \/>\nAnne Sara \u00c7ak\u0131r da duygular\u0131n\u0131 payla\u015f\u0131rken, &#8220;\u0130yi ki sizin gibi insanlarla kar\u015f\u0131la\u015ft\u0131k.  \u0130nan\u0131n o kadar yard\u0131m ettiler ki. Yani kiminle kar\u015f\u0131la\u015ft\u0131ysam o kadar b\u00fcy\u00fck yard\u0131m\u0131 oldu ki. \u00c7ok te\u015fekk\u00fcr ederim&#8221; derken, Ba\u015fkan Se\u00e7er de \u015funlar\u0131 kaydetti:<br \/>\n&#8220;Mersinliler b\u00f6yle. Mersin halk\u0131 b\u00f6yle \u00e7ok duyarl\u0131. Buran\u0131n \u00f6zelli\u011fi \u015fu; T\u00fcrkiye&#8217;nin her yan\u0131ndan gelen insanlar var. Onlar\u0131n her birinin ayr\u0131 bir hikayesi, mazisi var. Bu ac\u0131lar\u0131n\u0131z\u0131 onlar \u00e7ok iyi anlayabiliyor. Neden bir insan do\u011fdu\u011fu yeri b\u0131rak\u0131p bir ba\u015fka kente gelsin? \u0130\u015fte b\u00f6yle ac\u0131lar ya\u015fayabilir, orada k\u00f6t\u00fc olaylar ya\u015fayabilir, ekonomik s\u0131k\u0131nt\u0131lar ya\u015far. &#8216;Gideyim \u00e7olu\u011fuma \u00e7ocu\u011fuma daha g\u00fczel bir gelecek kuray\u0131m&#8217; diye gelir. Ac\u0131l\u0131 insan gelir ya da daha \u00e7ok &#8216;g\u00fczel hayat ya\u015fayay\u0131m&#8217; diyen gelir. Ama ac\u0131lar \u00e7eken, sorunlar ya\u015fayan, sizler gibi b\u00f6yle hi\u00e7 hesapta olmayan badireler ge\u00e7iren insanlar tabi ki do\u011fald\u0131r&#8230; Buras\u0131, her k\u00f6\u015fesi sizin, T\u00fcrkiye&#8217;nindir. Mersin&#8217;imize herkesin gelmesini isteriz, herkese de kap\u0131m\u0131z a\u00e7\u0131k. O anlamda da milletimizin ba\u011fr\u0131na basar\u0131z.&#8221;<br \/>\n\u00c7ok \u00fcz\u00fcld\u00fc\u011f\u00fcn\u00fc ve 5 g\u00fcn boyunca deprem b\u00f6lgesinde oldu\u011funu vurgulayan Ba\u015fkan Se\u00e7er,, &#8220;D\u00fcn yine Hatay&#8217;\u0131n merkezindeydim. Per\u015fembe g\u00fcn\u00fc yine Hatay merkezdeydim. Sal\u0131 g\u00fcn\u00fc yine oradayd\u0131k. Ad\u0131yaman, Mara\u015f; b\u00fct\u00fcn b\u00f6lgeyi dola\u015ft\u0131k, b\u00fct\u00fcn il\u00e7eleri dola\u015ft\u0131k. Diyarbak\u0131r, \u015eanl\u0131urfa Gaziantep&#8217;in \u0130slahiyesi&#8217;ni, Nurda\u011f\u0131&#8217;n\u0131&#8230; \u00c7ok b\u00fcy\u00fck hasarlar var ama 3 ilimiz, ba\u015fta sizin Hatay&#8217;\u0131n Samanda\u011f, Defne ve Antakya&#8230; B\u00fcy\u00fck ge\u00e7mi\u015f olsun&#8221; dedi.<br \/>\n&#8220;Her zaman devletin kurumlar\u0131 olarak belediyelerimizle yan\u0131n\u0131zday\u0131z&#8221;<br \/>\nAileye m\u00fcjdeli bir haber veren Meral Se\u00e7er de, &#8220;Hastaneden \u00e7\u0131k\u0131nca hay\u0131rsever bir vatanda\u015f\u0131m\u0131z evinde konaklatacak&#8221; \u015feklinde konu\u015ftu. Ba\u015fkan Se\u00e7er de bu m\u00fcjdenin \u00fczerine &#8220;Harika. Bunu da yeni duyuyorum. Bana da s\u00fcrpriz oldu. O vatanda\u015f\u0131m\u0131z\u0131n da g\u00f6nl\u00fcnden \u00f6yle gelmi\u015f. Sizi dinlendirir birka\u00e7 g\u00fcn. Ondan sonra Allah kerim. Her zaman devletin kurumlar\u0131 olarak belediyelerimizle yan\u0131n\u0131zday\u0131z&#8221; diye konu\u015ftu.   Anne Sara \u00c7ak\u0131r da te\u015fekk\u00fcrlerini ileterek, &#8220;Allah raz\u0131 olsun sizden, hepinizden, hocam\u0131zdan&#8221; diye duygular\u0131n\u0131 ifade etti.  Baba Mahir \u00c7ak\u0131r ise, &#8220;Say\u0131n Ba\u015fkan\u0131m ben sana \u00e7ok te\u015fekk\u00fcr ederim. \u00c7ok duyarl\u0131 bir beysin. Allah raz\u0131 olsun, Allah \u00e7ocuklar\u0131na ba\u011f\u0131\u015flas\u0131n. T\u00fcrk halk\u0131 kenetli. Zor g\u00fcnlerinde, ac\u0131 g\u00fcnlerinde T\u00fcrk halk\u0131n\u0131 kimse y\u0131kamaz. Ben g\u00f6n\u00fcll\u00fc arkada\u015flar\u0131 g\u00f6rd\u00fcm, herkes birbirine yard\u0131m etmek i\u00e7in u\u011fra\u015f\u0131yor. T\u00fcrk halk\u0131 \u00e7ok duyarl\u0131. Zor g\u00fcnde birbirini tutuyor&#8221; dedi. Ba\u015fkan Se\u00e7er de, &#8220;Allah memleketimizi korusun. Milletimizi korusun&#8221; dedi.<br \/>\n&#8220;Milletimizi b\u00fcy\u00fck yapan da bu&#8221;<br \/>\nAnne Sara \u00c7ak\u0131r, &#8220;\u0130nan\u0131n ben art\u0131k unutuyorum derdimi&#8221; \u015feklinde ya\u015fad\u0131klar\u0131n\u0131 ifade ederken, &#8220;O kadar ki, sar\u0131yorlar, sarmal\u0131yorlar. Yani a\u011fl\u0131yorum, bazen niye a\u011fl\u0131yorsun, a\u011flama diyorlar. Hepsi o kadar yard\u0131m ediyorlar ki, yani Allah raz\u0131 olsun&#8221; dedi.<br \/>\nBa\u015fkan Se\u00e7er ise, &#8220;Milletimizi b\u00fcy\u00fck yapan da bu. Bu deprem \u00e7ok b\u00fcy\u00fck bir felaket, ger\u00e7ekten \u00e7ok \u00fcz\u00fcnt\u00fcl\u00fcy\u00fcz. \u00c7ok kay\u0131plar\u0131m\u0131z var, \u00e7ok \u00fcz\u00fcnt\u00fcler var. Ancak milletimizin de bu konuda ne kadar alicenap bir millet oldu\u011fu, duyarl\u0131 oldu\u011fu, ger\u00e7ekten insani vas\u0131flar\u0131n\u0131n ne kadar \u00f6n planda oldu\u011funu herkes de g\u00f6r\u00fcyor. T\u00fcm d\u00fcnyadan da yard\u0131m geldi&#8221; diye aktard\u0131.<br \/>\nBaba Mahir \u00c7ak\u0131r, &#8220;T\u00fcrk milleti d\u00fcnyan\u0131n en b\u00fcy\u00fck devleti. Birbiriyle kenetli oldu\u011fu i\u00e7in birbirini b\u0131rakmaz&#8221; diye konu\u015furken, Ba\u015fkan Se\u00e7er &#8220;\u0130n\u015fallah hep b\u00f6yle devam edecek. Katk\u0131 sunan \u00e7ok da farkl\u0131 milletler oldu. Hepsine m\u00fcte\u015fekkiriz&#8221; dedi ve e\u015fi Meral Se\u00e7er ile birlikte minik Ali Eren&#8217;i sevdiler.<br \/>\n&#8220;Kendi can\u0131m\u0131 hi\u00e7e sayd\u0131m&#8221;<br \/>\nAnne Sara \u00c7ak\u0131r, deprem felaketi s\u0131ras\u0131nda ya\u015fad\u0131klar\u0131n\u0131 anlatt\u0131. B\u00fcy\u00fck\u015fehir Belediyesi&#8217;nden b\u00fcy\u00fck destek g\u00f6rd\u00fcklerini ve bebeklerine kavu\u015ftuklar\u0131n\u0131 s\u00f6yleyen Sara \u00c7ak\u0131r, &#8220;Hi\u00e7bir \u015fekilde evimize gidilemez. \u00c7ok \u015f\u00fck\u00fcr ki biz kendimizi kurtarabildik, bebe\u011fimizi de \u00f6yle. Mersin B\u00fcy\u00fck\u015fehir Belediyesi ara\u00e7lar g\u00f6nderiyordu Hatay Samanda\u011f&#8217;a. Onlarla geldik. \u00c7ok \u015f\u00fck\u00fcr hepsi yard\u0131m etti&#8221; dedi.<br \/>\nDo\u011fum s\u00fcrecinde ya\u015fad\u0131klar\u0131n\u0131 da s\u00f6zlerine ekleyen Anne \u00c7ak\u0131r, &#8220;Ba\u015fkan\u0131m\u0131z bize hastaneyi ayarlad\u0131, hastaneye geldik. Do\u011fum oldu, \u00e7ok \u015f\u00fck\u00fcr bebe\u011fimize kavu\u015ftuk. Ali Eren do\u011fdu. Uzun zaman bekledik. T\u00fcp bebek tedavisiyle hamile kald\u0131m. Sonra da 9 ay zaten zor bir s\u00fcre\u00e7ti. O son g\u00fcn\u00fc asla unutamam. O kadar korktum ki kendi can\u0131m\u0131 hi\u00e7e sayd\u0131m. Sadece bebe\u011fime bir \u015fey olmas\u0131n, en az\u0131ndan onu g\u00f6reyim, en az\u0131ndan ona kavu\u015fay\u0131m istedim. Ne olacaksa sonra olsun diye d\u00fc\u015f\u00fcnd\u00fcm. Anlat\u0131lmaz duygular i\u00e7indeyim. \u00c7ok \u015f\u00fck\u00fcr Allah bizi kavu\u015fturdu. E\u015fimin yard\u0131m\u0131 olmasa kesinlikle biz oradan \u00e7\u0131kamazd\u0131k. E\u015fime &#8216;\u00f6leceksen birlikte sar\u0131l\u0131p beraber \u00f6lelim&#8217; dedim. O kadar k\u00f6t\u00fcyd\u00fc ki duvar \u00fcst\u00fcm\u00fcze \u00e7\u00f6kt\u00fc. Kap\u0131 a\u00e7\u0131lacak gibi de\u011fildi. Biz nas\u0131l \u00e7\u0131kt\u0131k, nas\u0131l geldik inan\u0131n bilmiyorum. E\u015fim bu kadar direnmeseydi o evden \u00e7\u0131kamazd\u0131k. Allah raz\u0131 olsun hepinizden. Ben buraya gelirken \u00e7ok \u00e7eli\u015fki ya\u015fad\u0131m. Zaten psikolojimiz yerinde de\u011fil. Zaten her \u015feyimiz orada kald\u0131. Terliklerimizle \u00e7\u0131kt\u0131k geldik. O kadar berbat bir haldeydik. Kom\u015fular \u00e7orap giydirmeye \u00e7al\u0131\u015ft\u0131lar. Tedirgin geldim ama \u00e7ok \u015f\u00fck\u00fcr ki Mersin&#8217;e geldim ve sizler gibi insanlarla tan\u0131\u015ft\u0131m. O kadar merhametli insanlar ki bazen o kadar duygulan\u0131yorum ki&#8230; Ger\u00e7ekten \u00e7ok duyarl\u0131 insanlar. Bazen insan\u0131n ailesinin yapmad\u0131\u011f\u0131 \u015feyleri bile d\u0131\u015far\u0131dan g\u00f6rebiliyorsun&#8221; dedi.<br \/>\nBaba Mahir \u00c7ak\u0131r ise &#8220;Mersin ara\u00e7lar\u0131n\u0131 Samanda\u011f&#8217;a g\u00f6nderdi, \u00f6yle geldik. Evimiz \u00fc\u00e7 katl\u0131yd\u0131. \u0130lk katta annem oturuyordu. O 10 metre a\u015fa\u011f\u0131 indi. A\u015fa\u011f\u0131 inince ikinci sallant\u0131da sallansa d\u00fc\u015fmek \u00fczereydi. Rahmetli babam \u00fc\u00e7 tane dut a\u011fac\u0131 ekmi\u015f. Ev dut a\u011fa\u00e7lar\u0131na yasland\u0131. Yasland\u0131\u011f\u0131 zaman kurtulduk. Ondan sonra 2. kat 1. kat oldu, \u00f6yle indik. E\u015fim d\u00fc\u015ft\u00fc. Ben \u00e7ok korktum. Ayaklar\u0131 kan\u0131yordu. Mersin halk\u0131 \u00e7ok duyarl\u0131. Belediye Ba\u015fkan\u0131m\u0131z olsun, g\u00f6n\u00fcll\u00fc arkada\u015flar olsun hepsi birbirinden de\u011ferli insanlar&#8221; diye konu\u015ftu.<\/p>\n","protected":false},"excerpt":{"rendered":"<p>Mersin B\u00fcy\u00fck\u015fehir Belediye Ba\u015fkan\u0131 Vahap Se\u00e7er ve Meral Se\u00e7er, ya\u015fanan deprem felaketinin ard\u0131ndan Mersin B\u00fcy\u00fck\u015fehir Belediyesi&#8217;nin destekleriyle Hatay&#8217;\u0131n Samanda\u011f il\u00e7esinden Mersin&#8217;e getirilen ve bebek mutlulu\u011fu ya\u015fayan \u00c7ak\u0131r \u00e7iftini hastanede ziyaret &hellip; <a href=\"https:\/\/akdenizolaygazetesi.com\/?p=24148\" class=\"more-link\">Devam\u0131n\u0131 Oku&#8230;<\/a><\/p>\n","protected":false},"author":2,"featured_media":24149,"comment_status":"open","ping_status":"open","sticky":false,"template":"","format":"standard","meta":[],"categories":[2,3,5,9],"tags":[],"_links":{"self":[{"href":"https:\/\/akdenizolaygazetesi.com\/index.php?rest_route=\/wp\/v2\/posts\/24148"}],"collection":[{"href":"https:\/\/akdenizolaygazetesi.com\/index.php?rest_route=\/wp\/v2\/posts"}],"about":[{"href":"https:\/\/akdenizolaygazetesi.com\/index.php?rest_route=\/wp\/v2\/types\/post"}],"author":[{"embeddable":true,"href":"https:\/\/akdenizolaygazetesi.com\/index.php?rest_route=\/wp\/v2\/users\/2"}],"replies":[{"embeddable":true,"href":"https:\/\/akdenizolaygazetesi.com\/index.php?rest_route=%2Fwp%2Fv2%2Fcomments&post=24148"}],"version-history":[{"count":1,"href":"https:\/\/akdenizolaygazetesi.com\/index.php?rest_route=\/wp\/v2\/posts\/24148\/revisions"}],"predecessor-version":[{"id":24150,"href":"https:\/\/akdenizolaygazetesi.com\/index.php?rest_route=\/wp\/v2\/posts\/24148\/revisions\/24150"}],"wp:featuredmedia":[{"embeddable":true,"href":"https:\/\/akdenizolaygazetesi.com\/index.php?rest_route=\/wp\/v2\/media\/24149"}],"wp:attachment":[{"href":"https:\/\/akdenizolaygazetesi.com\/index.php?rest_route=%2Fwp%2Fv2%2Fmedia&parent=24148"}],"wp:term":[{"taxonomy":"category","embeddable":true,"href":"https:\/\/akdenizolaygazetesi.com\/index.php?rest_route=%2Fwp%2Fv2%2Fcategories&post=24148"},{"taxonomy":"post_tag","embeddable":true,"href":"https:\/\/akdenizolaygazetesi.com\/index.php?rest_route=%2Fwp%2Fv2%2Ftags&post=24148"}],"curies":[{"name":"wp","href":"https:\/\/api.w.org\/{rel}","templated":true}]}}