{"id":24157,"date":"2023-02-14T13:08:35","date_gmt":"2023-02-14T10:08:35","guid":{"rendered":"http:\/\/akdenizolaygazetesi.com\/?p=24157"},"modified":"2023-02-14T13:08:35","modified_gmt":"2023-02-14T10:08:35","slug":"mersin-buyuksehir-depremzedeleri-susuz-birakmamak-icin-tum-gucuyle-calismalarini-surduruyor","status":"publish","type":"post","link":"https:\/\/akdenizolaygazetesi.com\/?p=24157","title":{"rendered":"MERS\u0130N B\u00dcY\u00dcK\u015eEH\u0130R, DEPREMZEDELER\u0130 SUSUZ BIRAKMAMAK \u0130\u00c7\u0130N T\u00dcM G\u00dcC\u00dcYLE \u00c7ALI\u015eMALARINI S\u00dcRD\u00dcR\u00dcYOR"},"content":{"rendered":"<p>Depremin yaralar\u0131n\u0131 sarmak i\u00e7in ilk anlardan beri seferber olan Mersin B\u00fcy\u00fck\u015fehir Belediyesi, deprem b\u00f6lgelerindeki \u00e7al\u0131\u015fmalar\u0131na her ge\u00e7en g\u00fcn yenilerini ekliyor. Mersin B\u00fcy\u00fck\u015fehir Belediye Ba\u015fkan\u0131 Vahap Se\u00e7er&#8217;in \u00f6nc\u00fcl\u00fc\u011f\u00fcnde \u00e7al\u0131\u015fmalar\u0131n\u0131 s\u00fcrd\u00fcren Mersin Su ve Kanalizasyon \u0130daresi (MESK\u0130) Genel M\u00fcd\u00fcrl\u00fc\u011f\u00fc ekipleri, depremden etkilenen b\u00f6lgelerden biri olan Ad\u0131yaman G\u00f6lba\u015f\u0131 \u0130l\u00e7esinde i\u00e7mesuyu ve kanalizasyon hatlar\u0131ndaki ar\u0131zalar\u0131 gidermek i\u00e7in b\u00fcy\u00fck bir \u00f6zveriyle \u00e7al\u0131\u015f\u0131yor. \u0130htiya\u00e7 duyulan her alanda vatanda\u015flar\u0131n yan\u0131nda olan B\u00fcy\u00fck\u015fehir, bir yandan depremzedelerin i\u00e7mesuyu ihtiyac\u0131n\u0131 giderirken bir yandan da salg\u0131n hastal\u0131klar\u0131n \u00f6n\u00fcne ge\u00e7mek i\u00e7in kanalizasyon hatlar\u0131n\u0131 temizliyor.<br \/>\nB\u00fcy\u00fck\u015fehir, vatanda\u015flar\u0131n susuz kalmas\u0131n\u0131n \u00f6n\u00fcne ge\u00e7iyor<br \/>\nDepremin 8. g\u00fcn\u00fcnde afet b\u00f6lgelerinde depremzedelerin en \u00e7ok ihtiya\u00e7 duydu\u011fu \u015feylerin ba\u015f\u0131nda i\u00e7mesuyu, yemek, bar\u0131nma ve temizlik geliyor. Depremin ilk anlar\u0131ndan itibaren b\u00fct\u00fcn imk\u00e2nlar\u0131yla seferber olan B\u00fcy\u00fck\u015fehir Belediyesi, depremzedeleri ma\u011fdur etmeyecek \u00e7al\u0131\u015fmalar\u0131 hayata ge\u00e7iriyor.<br \/>\nMESK\u0130 Genel M\u00fcd\u00fcrl\u00fc\u011f\u00fc, Ad\u0131yaman G\u00f6lba\u015f\u0131 il\u00e7esinde i\u00e7mesuyu ve kanalizasyon hatlar\u0131nda olu\u015fan ar\u0131zalar\u0131n tespiti ve onar\u0131lmas\u0131 i\u00e7in i\u00e7mesuyu bak\u0131m-onar\u0131m arac\u0131, s\u0131z\u0131nt\u0131 tespit arac\u0131, vidanj\u00f6r ve kanal a\u00e7ma arac\u0131yla birlikte ekiplerini g\u00f6revlendirdi. \u00d6ncelik olarak il\u00e7enin i\u00e7mesuyu ihtiyac\u0131n\u0131 \u00e7\u00f6zmek ve vatanda\u015flar\u0131 susuz b\u0131rakmamak i\u00e7in seferber olan ekipler, depremde zarar g\u00f6ren hatlar\u0131n tespitinin ard\u0131ndan onar\u0131m \u00e7al\u0131\u015fmalar\u0131na da h\u0131zl\u0131ca ba\u015flad\u0131. Kanalizasyon hatlar\u0131ndaki t\u0131kan\u0131klar\u0131n titizlikle temizli\u011fini sa\u011flayan ekipler, fosseptik \u00e7ukurlar\u0131n\u0131 da \u00e7ekerek, ta\u015fmalar\u0131n \u00f6n\u00fcne ge\u00e7iyor.<\/p>\n","protected":false},"excerpt":{"rendered":"<p>Depremin yaralar\u0131n\u0131 sarmak i\u00e7in ilk anlardan beri seferber olan Mersin B\u00fcy\u00fck\u015fehir Belediyesi, deprem b\u00f6lgelerindeki \u00e7al\u0131\u015fmalar\u0131na her ge\u00e7en g\u00fcn yenilerini ekliyor. Mersin B\u00fcy\u00fck\u015fehir Belediye Ba\u015fkan\u0131 Vahap Se\u00e7er&#8217;in \u00f6nc\u00fcl\u00fc\u011f\u00fcnde \u00e7al\u0131\u015fmalar\u0131n\u0131 s\u00fcrd\u00fcren Mersin &hellip; <a href=\"https:\/\/akdenizolaygazetesi.com\/?p=24157\" class=\"more-link\">Devam\u0131n\u0131 Oku&#8230;<\/a><\/p>\n","protected":false},"author":2,"featured_media":24158,"comment_status":"open","ping_status":"open","sticky":false,"template":"","format":"standard","meta":[],"categories":[1,2,3,5],"tags":[],"_links":{"self":[{"href":"https:\/\/akdenizolaygazetesi.com\/index.php?rest_route=\/wp\/v2\/posts\/24157"}],"collection":[{"href":"https:\/\/akdenizolaygazetesi.com\/index.php?rest_route=\/wp\/v2\/posts"}],"about":[{"href":"https:\/\/akdenizolaygazetesi.com\/index.php?rest_route=\/wp\/v2\/types\/post"}],"author":[{"embeddable":true,"href":"https:\/\/akdenizolaygazetesi.com\/index.php?rest_route=\/wp\/v2\/users\/2"}],"replies":[{"embeddable":true,"href":"https:\/\/akdenizolaygazetesi.com\/index.php?rest_route=%2Fwp%2Fv2%2Fcomments&post=24157"}],"version-history":[{"count":1,"href":"https:\/\/akdenizolaygazetesi.com\/index.php?rest_route=\/wp\/v2\/posts\/24157\/revisions"}],"predecessor-version":[{"id":24159,"href":"https:\/\/akdenizolaygazetesi.com\/index.php?rest_route=\/wp\/v2\/posts\/24157\/revisions\/24159"}],"wp:featuredmedia":[{"embeddable":true,"href":"https:\/\/akdenizolaygazetesi.com\/index.php?rest_route=\/wp\/v2\/media\/24158"}],"wp:attachment":[{"href":"https:\/\/akdenizolaygazetesi.com\/index.php?rest_route=%2Fwp%2Fv2%2Fmedia&parent=24157"}],"wp:term":[{"taxonomy":"category","embeddable":true,"href":"https:\/\/akdenizolaygazetesi.com\/index.php?rest_route=%2Fwp%2Fv2%2Fcategories&post=24157"},{"taxonomy":"post_tag","embeddable":true,"href":"https:\/\/akdenizolaygazetesi.com\/index.php?rest_route=%2Fwp%2Fv2%2Ftags&post=24157"}],"curies":[{"name":"wp","href":"https:\/\/api.w.org\/{rel}","templated":true}]}}