{"id":24160,"date":"2023-02-14T13:10:14","date_gmt":"2023-02-14T10:10:14","guid":{"rendered":"http:\/\/akdenizolaygazetesi.com\/?p=24160"},"modified":"2023-02-14T13:10:14","modified_gmt":"2023-02-14T10:10:14","slug":"baskan-secer-3-bin-39-vatandasimizi-kanatlarimizin-altina-aldik","status":"publish","type":"post","link":"https:\/\/akdenizolaygazetesi.com\/?p=24160","title":{"rendered":"BA\u015eKAN SE\u00c7ER: &#8220;3 B\u0130N 39 VATANDA\u015eIMIZI KANATLARIMIZIN ALTINA ALDIK&#8221;"},"content":{"rendered":"<p>Mersin B\u00fcy\u00fck\u015fehir Belediye Ba\u015fkan\u0131 Vahap Se\u00e7er ve Meral Se\u00e7er, kentte Mersin B\u00fcy\u00fck\u015fehir Belediyesi taraf\u0131ndan kurulan ge\u00e7ici bar\u0131nma alanlar\u0131n\u0131 ziyaret etti, depremzedelere &#8220;Ge\u00e7mi\u015f olsun&#8221; dile\u011finde bulundu. Ba\u015fkan Se\u00e7er ac\u0131 felaketi ya\u015fayan ve farkl\u0131 illerden Mersin&#8217; e gelen afetzedelere, bu s\u00fcreci el birli\u011fi i\u00e7erisinde hep birlikte atlatacaklar\u0131n\u0131 s\u00f6yledi.<\/p>\n<p>\u0130lk olarak Yeni\u015fehir Seyfi Alanya Spor Salonu&#8217;nda misafir edilen depremzedeler ile bir araya gelen Ba\u015fkan Se\u00e7er ve Meral Se\u00e7er, ard\u0131ndan Mersin B\u00fcy\u00fck\u015fehir Belediyesi Y\u00fcksek\u00f6\u011frenim Erkek \u00d6\u011frenci Yurdu&#8217;nu ziyaret etti, deprem b\u00f6lgelerinden Mersin&#8217;e gelen vatanda\u015flarla sohbet etti. Son olarak ise Yeni\u015fehir Fuar Alan\u0131&#8217;na ge\u00e7en Ba\u015fkan Se\u00e7er ve Meral Se\u00e7er&#8217; e Cumhuriyet Halk Partisi (CHP) Mersin Milletvekili Cengiz G\u00f6k\u00e7el de e\u015flik etti.<\/p>\n<p>Ba\u015fkan Se\u00e7er, ziyaret etti\u011fi ge\u00e7ici bar\u0131nma alanlar\u0131nda vatanda\u015flara ge\u00e7mi\u015f olsun dileklerini iletirken, Mersin B\u00fcy\u00fck\u015fehir Belediyesi olarak da hem deprem b\u00f6lgelerinde hem de Mersin&#8217;de afetzedeler i\u00e7in yap\u0131lan hizmetler hakk\u0131nda bilgi verdi. Ba\u015fkan Se\u00e7er ayr\u0131ca CHP Lideri Kemal K\u0131l\u0131\u00e7daro\u011flu ile birlikte de g\u00fcnlerdir afet b\u00f6lgelerinde bulunduklar\u0131n\u0131 anlatt\u0131.<\/p>\n<p>&#8220;Sizler bizim emanetimizsiniz&#8221;<br \/>\nY\u00fcksek \u00d6\u011frenim Erkek \u00d6\u011frenci Yurdu ziyaretinde depremzedelerle sohbet eden Ba\u015fkan Se\u00e7er, b\u00f6lgedeki 10 ilin tamam\u0131ndan insanlar\u0131 misafir ettiklerini s\u00f6yledi. Yak\u0131nlar\u0131n\u0131 kaybedenlere &#8216;Ba\u015fsa\u011fl\u0131\u011f\u0131&#8217; dileyen Ba\u015fkan Se\u00e7er &#8220;Allah gani gani rahmet eylesin yak\u0131nlar\u0131n\u0131za. Biz de bu hengamede oradan h\u0131zl\u0131 bir \u015fekilde buraya transfer olan vatanda\u015flar\u0131m\u0131za nas\u0131l bir ortam haz\u0131rlar\u0131z onun tela\u015f\u0131 i\u00e7indeydik. Sizler bizim emanetimizsiniz. Bizim can\u0131m\u0131z kadar de\u011ferlisiniz. Hatta daha \u00f6te, bize emanetsiniz. Bundan sonras\u0131 bizim i\u00e7in teferruat. Mersin&#8217;de huzurlu olun. Buras\u0131 hem g\u00fcvenlidir hem bak\u0131n her yerden insan var. Mara\u015fl\u0131, Hatayl\u0131, Malatyal\u0131; deprem b\u00f6lgesinden 10 ilin tamam\u0131ndan burada insanlar var&#8221; diye konu\u015ftu.<br \/>\nDepremzede ailelere, Mersin&#8217;de huzurlu olmalar\u0131n\u0131 da s\u00f6yleyen Ba\u015fkan Se\u00e7er, &#8220;Biz buraday\u0131z. Biz de sizin huzurunuz i\u00e7in, dirli\u011fimiz i\u00e7in, beraberli\u011fimiz i\u00e7in gecemizi g\u00fcnd\u00fcz\u00fcm\u00fcze katar\u0131z. Her \u015feyi de feda ederiz kendi ad\u0131m\u0131za. Rahat edin. Bizim arkada\u015flar zaten gerekli ihtiya\u00e7lar\u0131n\u0131z\u0131 kar\u015f\u0131lar. S\u00fcre\u00e7 i\u00e7erisinde olay\u0131n tela\u015f\u0131 ge\u00e7tikten sonra Merkezi Y\u00f6netim de tabi baz\u0131 tedbirler a\u00e7\u0131klayacak. \u00c7\u00fcnk\u00fc evlerini kaybeden insanlar var. Mutlaka yaralar tedavi edilecek. Umut ediyorum yap\u0131lan \u00e7al\u0131\u015fmalar sonucunda vatanda\u015flar\u0131m\u0131z\u0131n hem ma\u011fduriyetini giderici hem onlar\u0131 en az\u0131ndan ya\u015fam a\u00e7\u0131s\u0131ndan rahatlat\u0131c\u0131 kararlar al\u0131n\u0131r. \u015eimdilik siz bize emanetsiniz. D\u00fczene girene kadar buradas\u0131n\u0131z. Zaten yeriniz de uygun. Ac\u0131 b\u00fcy\u00fck, mutlaka kay\u0131plar var ama hep beraber a\u015faca\u011f\u0131z, hi\u00e7 merak etmeyin&#8221; dedi ve depremzede vatanda\u015flar da kendilerine yap\u0131lan destekler i\u00e7in Ba\u015fkan Se\u00e7er&#8217;e te\u015fekk\u00fcr etti.<br \/>\n&#8220;Biz buraday\u0131z, rahat olun&#8221;<br \/>\nBa\u015fkan Se\u00e7er, bir depremzede vatanda\u015f\u0131n yurtta ne zamana kadar kalabileceklerini de sormas\u0131 \u00fczerine &#8220;Biz burada hemen vaziyet ald\u0131k. 3 binden fazla insan\u0131 da yerle\u015ftirdik buraya. \u015eu anda yer sorunumuz da yok, yeni yerler de haz\u0131rlad\u0131k ama orada da hem \u00e7ad\u0131r kent hem konteyner kent kuruyoruz. 11 B\u00fcy\u00fck\u015fehir Belediyesi olarak d\u00fcn bir toplant\u0131 yapt\u0131k Hatay&#8217;da, g\u00f6rev da\u011f\u0131l\u0131m\u0131.  Hatay Belediyesi&#8217;nin b\u00fct\u00fcn bilgi i\u015flem sistemini buraya getirdik, b\u00fct\u00fcn mali i\u015fleri buraya geldi. Belediye&#8217;yi de devreye alaca\u011f\u0131z ki hemen oralar imar olsun.  Fakat as\u0131l \u00f6nemli olan Merkezi H\u00fck\u00fcmet bir paket a\u00e7\u0131klayacak. Yani deprem b\u00f6lgesindeki yurtta\u015flara ne yapacak? Yani belirli bir katk\u0131 yapacak, ev verecek, bir \u015feyler yapmak zorunda. Biz buraday\u0131z, rahat olun&#8221; ifadelerine yer verdi.<\/p>\n<p>Ziyaretlerinin ard\u0131ndan Sun TV, \u0130\u00e7el TV ve Kanal 33 ortak canl\u0131 yay\u0131n\u0131nda Gazeteci Ahmet \u00d6zdemir&#8217;in sorular\u0131n\u0131 yan\u0131tlayan Ba\u015fkan Se\u00e7er,  depremin ard\u0131ndan t\u00fcm ekip ve ekipmanlar ile b\u00f6lgelere giderek gerekli yard\u0131mlar\u0131 ger\u00e7ekle\u015ftirdiklerini s\u00f6yledi. CHP Lideri Kemal K\u0131l\u0131\u00e7daro\u011flu ve B\u00fcy\u00fck\u015fehir Belediye Ba\u015fkanlar\u0131 ile yapt\u0131klar\u0131 incelemelerde y\u0131k\u0131m ve tahribat\u0131n \u00e7ok b\u00fcy\u00fck oldu\u011funu g\u00f6rd\u00fcklerini s\u00f6yleyen Ba\u015fkan Se\u00e7er, &#8220;Mersin B\u00fcy\u00fck\u015fehir Belediyesi olarak hem \u00e7ap\u0131m\u0131za hem birikimimize yara\u015f\u0131r bir katk\u0131 sunmam\u0131z gerekiyordu. B\u00f6lgede bir tahribat, y\u0131k\u0131m var, katk\u0131 sunman\u0131z gerekiyor. Biz imkanlar\u0131m\u0131z\u0131 hemen seferber ederek onlar\u0131 kar\u015f\u0131layaca\u011f\u0131m\u0131z bar\u0131nma alanlar\u0131 olu\u015fturduk. Yeni\u015fehir Fuar Merkezi&#8217;nde, Yeni\u015fehir Spor Salonu&#8217;nda olu\u015fturduk. \u00d6\u011frenci yurdumuzda \u015fu anda 140 vatanda\u015f\u0131m\u0131z kal\u0131yor.  Erdemli&#8217;de ve Anamur&#8217;da da var. Bunlar haz\u0131r, \u015fimdi bir yurt haz\u0131rlan\u0131yor Davultepe&#8217;de, \u015fu anda herhangi bir s\u0131k\u0131nt\u0131m\u0131z yok&#8221; dedi.<\/p>\n<p>&#8220;\u015eu ana kadar 3 bin 39 vatanda\u015f\u0131m\u0131z\u0131 kanatlar\u0131m\u0131z\u0131n alt\u0131na ald\u0131k&#8221;<\/p>\n<p>Mersin&#8217;e deprem b\u00f6lgelerinden \u015fu ana kadar 3 bin 39 ki\u015finin geldi\u011fi bilgisini aktaran Ba\u015fkan Se\u00e7er, &#8220;Tabi devletin di\u011fer kurumlar\u0131n\u0131n da yurtlar\u0131n\u0131n da bu vatanda\u015flar\u0131m\u0131z\u0131 kabul etti\u011fini d\u00fc\u015f\u00fcn\u00fcrsek, bir de akrabalar\u0131n\u0131n yan\u0131nda olan \u00e7ok say\u0131da insan var. Bir di\u011fer grup da yazl\u0131klarda kal\u0131yor. Buras\u0131 sayfiye b\u00f6lgesi; insanlar deniz kenar\u0131nda dairelerine geldiler; Adana&#8217;dan, Hatay&#8217;dan, Malatya&#8217;dan, Mara\u015f&#8217;tan geldiler. Buras\u0131 daha g\u00fcvenli. Belki bundan sonra Mersinli olacaklar, Mersinli hem\u015ferilerimiz olacaklar. Biz \u015fu ana kadar 3 bin 39 vatanda\u015f\u0131m\u0131z\u0131 kanatlar\u0131m\u0131z\u0131n alt\u0131na ald\u0131k. Burada mutlular, bug\u00fcn birka\u00e7 yeri gezdim insanlar durumundan memnun, temel ihtiya\u00e7lar\u0131 da kar\u015f\u0131lan\u0131yor&#8221; dedi.<\/p>\n<p>&#8220;Ba\u015f\u0131na bu felaket gelmi\u015f her vatanda\u015f\u0131m\u0131z bizim ba\u015f\u0131m\u0131z\u0131n tac\u0131d\u0131r&#8221;<\/p>\n<p>Ya\u015fanan deprem sonras\u0131 Mersin&#8217;e ba\u015flayan g\u00f6\u00e7lerin artarak devam edece\u011fine dikkat \u00e7eken Ba\u015fkan Se\u00e7er, kentin bu n\u00fcfus yo\u011funlu\u011funu kald\u0131rabilmesi i\u00e7in bir eylem plan\u0131n\u0131n haz\u0131rlanmas\u0131 gerekti\u011fini vurgulad\u0131. Ba\u015fkan Se\u00e7er, &#8220;Vatanda\u015flar\u0131m\u0131za ge\u00e7ici olarak ba\u015flar\u0131n\u0131 sokacak bir yer bulduk ama bundan sonra hayat devam ediyor, bu insanlar nereye gidecek? Evleri ne olacak? \u0130mk\u00e2nlar\u0131 ne olacak? Her \u015feylerini yitirmi\u015f bu insanlar. Merkezi h\u00fck\u00fcmet yapaca\u011f\u0131 bir \u00e7al\u0131\u015fma sonucu, eylem plan\u0131 haz\u0131rlayacak ve bunu da uygulayacak. Zamanla bir k\u0131sm\u0131 belki geri d\u00f6necek, bir k\u0131sm\u0131 belki ba\u015fka yerlere gidecek, bir k\u0131sm\u0131 burada kalacak. Burada kalanlar ba\u015f\u0131m\u0131z\u0131n tac\u0131, T\u00fcrkiye&#8217;nin neresinden olursa olsun ba\u015f\u0131na bu felaket gelmi\u015f her vatanda\u015f\u0131m\u0131z bizim ba\u015f\u0131m\u0131z\u0131n tac\u0131d\u0131r. Bundan sonra hayat\u0131n\u0131 burada idame ettirecek&#8221; ifadelerine yer verdi.<\/p>\n<p>&#8220;Kenti n\u00fcfus yo\u011funlu\u011funa haz\u0131rlamam\u0131z laz\u0131m&#8221;<\/p>\n<p>Mersin&#8217;in bu n\u00fcfus hareketlili\u011fine haz\u0131r olmas\u0131 gerekti\u011finin alt\u0131n\u0131 \u00e7izen Ba\u015fkan Se\u00e7er, \u015f\u00f6yle devam etti: &#8220;Birka\u00e7 y\u00fcz bin vatanda\u015f\u0131m\u0131z buraya g\u00f6\u00e7 edecek, &#8216;Buras\u0131 daha g\u00fcvenli&#8217; diyecek, &#8216;Deprem b\u00f6lgesi de\u011fil&#8217; diyecek. Belki psikolojik olarak gitmek istemeyecek ve burada gelip ya\u015fayacak. Bunun bir \u00e7al\u0131\u015fmas\u0131n\u0131 yapmam\u0131z laz\u0131m, \u00f6ng\u00f6r\u00fcyle bir planlama yapmam\u0131z laz\u0131m ki kenti buna haz\u0131rlamam\u0131z laz\u0131m. Ben bunu g\u00f6r\u00fcyorum. Buran\u0131n n\u00fcfusu \u00e7ok k\u0131sa s\u00fcrede belki 100, 300, 500 bin artacak, \u015fu anda bir \u015fey s\u00f6ylemek m\u00fcmk\u00fcn de\u011fil.&#8221;<\/p>\n<p>Depremde y\u0131k\u0131lan binalar\u0131n sorumlular\u0131 hakk\u0131nda kamuoyunda g\u00fcndeme gelen tart\u0131\u015fmalar hakk\u0131nda da g\u00f6r\u00fc\u015flerini beyan eden Ba\u015fkan Se\u00e7er, bu konunun detayl\u0131 olarak ileriki g\u00fcnlerde konu\u015fulaca\u011f\u0131n\u0131 belirterek &#8220;\u015eimdi bir yaram\u0131z\u0131 tedavi edelim, bir s\u00fcre ge\u00e7sin. Mutlaka biz devletiz, do\u011fru yapmak zorunday\u0131z. Bizler devletin siyasi makamlar\u0131n\u0131 me\u015fgul eden o mekanizma i\u00e7erisindeki y\u00f6neticileriyiz. Bizim hesap verece\u011fimiz merci e\u011fer hukuksuz bir i\u015f yapm\u0131\u015fsak, yarg\u0131d\u0131r. Di\u011ferinde de sand\u0131\u011fa gitti\u011fimiz zaman halkt\u0131r. Onlar bizden hesab\u0131n\u0131 soracakt\u0131r. B\u00fcrokrat\u0131n da yarg\u0131 soracakt\u0131r. Kim nerede ne yanl\u0131\u015f yapm\u0131\u015f? O binalar neden \u00e7\u00f6km\u00fc\u015f? \u0130n\u015faat\u0131n\u0131 kim yapm\u0131\u015f? Ruhsat\u0131n\u0131 kim imzalam\u0131\u015f, denetimini kim yapm\u0131\u015f? Bunlar\u0131n sorgulanmas\u0131 laz\u0131m. Siyaseti sonra konu\u015faca\u011f\u0131z. Ben \u015fu anda bir Belediye Ba\u015fkan\u0131 olarak bunu erken buluyorum ama Say\u0131n Genel Ba\u015fkan\u0131m\u0131z da Hatay&#8217;da yapt\u0131\u011f\u0131m\u0131z MYK toplant\u0131s\u0131ndaki sunu\u015f konu\u015fmas\u0131nda bunu dile getirdi. Siz birka\u00e7 y\u0131la bir politik kayg\u0131larla imar aff\u0131 getirirseniz maalesef b\u00f6yle tablolarla kar\u015f\u0131la\u015fma ihtimaliniz y\u00fcksek olur. Hataya sevk ediyorsunuz insanlar\u0131. Nas\u0131l olsa af \u00e7\u0131kar dedi\u011finiz zaman &#8216;Ben buray\u0131, \u015fimdilik g\u00fcn\u00fc kurtaray\u0131m, yapay\u0131m. Daha sonra zaten bunu legalle\u015ftiririm, bir af \u00e7\u0131kar gayri hukuki olan bir konu hukuki hale gelir&#8217; dedi\u011finiz noktada zaten hatalar\u0131n g\u00fcnahlar\u0131n \u00f6n\u00fcn\u00fc alamazs\u0131n\u0131z&#8221; diye konu\u015ftu.<\/p>\n<p>&#8220;\u00c7ok h\u0131zl\u0131 eyleme ge\u00e7tik&#8221;<\/p>\n<p>Deprem felaketinin ya\u015fand\u0131\u011f\u0131 ilk g\u00fcnler b\u00fcy\u00fck hasar alan il ve il\u00e7elere gitmenin ihtiya\u00e7lar\u0131 belirlemede b\u00fcy\u00fck fayda sa\u011flad\u0131\u011f\u0131n\u0131 ifade eden Ba\u015fkan Se\u00e7er, &#8220;\u00c7ok h\u0131zl\u0131 eyleme ge\u00e7tik. Ekmek yok, su yok. Biz, di\u011fer belediyeler de gitti\u011fimiz ilk g\u00fcnlerde bunu tespit ettik. \u0130lk etapta 4 belediye ba\u015fkan\u0131 ve Say\u0131n Genel Ba\u015fkan&#8217;la gittik o b\u00f6lgeye. Burada bizim MER-EK \u00fcretiminin tamam\u0131n\u0131 oraya y\u00f6nlendirdik, Ekmek B\u00fcfelerini kapatt\u0131k. \u0130vedi olarak su g\u00f6nderdik, g\u0131da g\u00f6nderdik. \u00c7ocuk bezi, mama; bunlar \u00e7ok \u00f6nemliydi. \u0130lk etapta olmazsa olmaz ihtiya\u00e7 maddelerini alana g\u00f6nderdik. Tabi ki i\u015f makinalar\u0131m\u0131z, destek ekiplerimiz orada. \u015eimdi belediyenin hizmetlerinin art\u0131k normale d\u00f6n\u00fc\u015fmesi i\u00e7in \u00e7al\u0131\u015fmalar yap\u0131l\u0131yor. \u00d6rne\u011fin MESK\u0130 ekibimiz Ad\u0131yaman G\u00f6lba\u015f\u0131&#8217;nda. Kanalizasyon sistemi \u00e7\u00f6km\u00fc\u015f, i\u00e7me suyu \u015febekesi \u00e7\u00f6km\u00fc\u015f, onu aya\u011fa kald\u0131r\u0131yor. Geni\u015f bir ekibimiz Hatay&#8217;da. Di\u011fer belediyelerimiz de. Herkes bir \u015fey yap\u0131yor. Definde \u00e7ok b\u00fcy\u00fck s\u0131k\u0131nt\u0131 vard\u0131. 3 g\u00fcn \u00f6nce 100 ki\u015filik bir ekip Hatay&#8217;a gitti, \u015fu anda oradalar ve s\u00fcratle defin i\u015flemleri ger\u00e7ekle\u015ftirdiler&#8221; dedi.<\/p>\n<p>Kira art\u0131\u015flar\u0131 hakk\u0131nda : &#8220;Mersinliye yak\u0131\u015fan\u0131 yaps\u0131nlar&#8221;<\/p>\n<p>Gazeteci Ahmet \u00d6zdemir&#8217;in kira fiyatlar\u0131ndaki art\u0131\u015flar\u0131 sordu\u011fu Ba\u015fkan Se\u00e7er, bu durumu f\u0131rsat\u00e7\u0131l\u0131k olarak de\u011ferlendirdi\u011fini s\u00f6yledi. Ba\u015fkan Se\u00e7er \u015funlar\u0131 kaydetti:<br \/>\n&#8220;Ya\u011fmac\u0131l\u0131ktan fark\u0131 yoktur. Ya\u011fmac\u0131lar\u0131 lanetliyoruz ama burada bir rayi\u00e7 vard\u0131r. Fiyatlar\u0131n artmas\u0131 farkl\u0131 nedenlerden olur; y\u00fckselir, d\u00fc\u015fer ona m\u00fcdahale etmeyiz ya da herhangi bir yorum yapmay\u0131z ama ortada bir felaket var, insan ac\u0131s\u0131 var. Felaket ve insan ac\u0131s\u0131 \u00fczerinden nemalanmak, insan olan kimseye yak\u0131\u015fmaz. Bu Mersinliye hi\u00e7 yak\u0131\u015fmaz. Ben bu konuda vatanda\u015flar\u0131ma \u00e7a\u011fr\u0131da bulunmak istiyorum. Sak\u0131n b\u00f6yle bir k\u00fc\u00e7\u00fck d\u00fc\u015f\u00fcnceye kap\u0131lmas\u0131nlar. Onlar\u0131n da g\u00f6revi; bu felakette millet olarak hep beraber bu yaralar\u0131 sarmak i\u00e7in birlik olmakt\u0131r. Mersinliye yak\u0131\u015fan\u0131 yaps\u0131nlar. Buradaki hem\u015fehrilerim neyse makul fiyat\u0131, o fiyatlar \u00fczerinden kiralar\u0131n\u0131 devam ettirsinler. Zaten \u00f6n\u00fcm\u00fczdeki g\u00fcnlerde de H\u00fck\u00fcmet Program\u0131 ortaya \u00e7\u0131kacak ve neler olacak hep beraber g\u00f6rece\u011fiz. B\u00fcy\u00fck ge\u00e7mi\u015f olsun, ba\u015f sa\u011fl\u0131\u011f\u0131 diliyorum. G\u00fc\u00e7l\u00fc bir \u00fclkeyiz, g\u00fc\u00e7l\u00fc bir milletiz, bunlar\u0131 da a\u015far\u0131z. Bu toplum \u00e7ok badireler atlatt\u0131, \u00e7ok ac\u0131lar atlatt\u0131. Bu badireyi de atlataca\u011f\u0131z, bu yaray\u0131 da hep beraber tedavi edece\u011fiz.&#8221;<\/p>\n<p>Meral Se\u00e7er: &#8220;Kendi yuvalar\u0131ndan ayr\u0131lmalar\u0131 \u00e7ok g\u00fc\u00e7, \u00e7ok ac\u0131 bir olay&#8221;<\/p>\n<p>B\u00f6lgede depremzedeleri yaln\u0131z b\u0131rakmayan ve depremin b\u00fcy\u00fck bir felaket oldu\u011funu s\u00f6yleyen Meral Se\u00e7er de, &#8220;10 ilde olan bu deprem sonras\u0131 bu ge\u00e7ici yerle\u015fim yerinde hepsinin ayr\u0131 bir hikayesi var. \u00c7ocuklar, anneler; kendi yuvalar\u0131ndan ayr\u0131lmalar\u0131 \u00e7ok g\u00fc\u00e7, kendi ya\u015fad\u0131\u011f\u0131, nefes ald\u0131\u011f\u0131 memleketinden ayr\u0131lmas\u0131 \u00e7ok zor bir olay. Bunlar\u0131n hepsini g\u00f6zlerinin i\u00e7inde g\u00f6r\u00fcyoruz. Umar\u0131m en k\u0131sa s\u00fcrede buradaki depremzedeler, ba\u015fka illerdeki depremzedeler daha rahat edebilecekleri veya kendilerini mutlu hissedebilecekleri kentlerine d\u00f6nebilsinler, burada kals\u0131nlar. \u00c7ok ge\u00e7mi\u015f olsun, \u00e7ok ac\u0131 bir olay&#8221; dedi.<\/p>\n<p>&#8220;T\u00fcm Mersin halk\u0131 olarak biz her zaman onlar\u0131n yan\u0131nday\u0131z&#8221;<\/p>\n<p>Meral Se\u00e7er&#8217;in k\u00f6y\u00fcn\u00fcn de depremde yok oldu\u011funu aktaran Ba\u015fkan Se\u00e7er, insanlar\u0131n hat\u0131ralar\u0131n\u0131n yok oldu\u011funu, bunun da atlat\u0131lmas\u0131 zor bir olay oldu\u011funu ifade ederek, &#8220;Meral Han\u0131m&#8217;\u0131n Mara\u015f Pazarc\u0131k&#8217;ta k\u00f6y\u00fc yok oldu. O anda san\u0131r\u0131m k\u00f6yde 41 vatanda\u015f\u0131m\u0131z varm\u0131\u015f. K\u0131\u015f g\u00fcnleri oldu\u011fu i\u00e7in k\u00f6yde pek vatanda\u015f yok. 5&#8217;i d\u0131\u015f\u0131nda hepsi maalesef vefat etmi\u015f. Bu b\u00fcy\u00fck bir travma. Az \u00f6nce s\u00f6yledi\u011fi gibi herkesin bir hikayesi var. Orada, bu depremle beraber sizin ge\u00e7mi\u015fe dair t\u00fcm an\u0131lar\u0131n\u0131z gidiyor. Hayat alt\u00fcst oluyor. Bu insanlar\u0131 anlamak laz\u0131m. T\u00fcm Mersin halk\u0131 olarak biz her zaman onlar\u0131n yan\u0131nday\u0131z. Ben Ba\u015fkan olarak bunu \u00e7ok emin bir \u015fekilde Mersin halk ad\u0131na s\u00f6yl\u00fcyorum. Ben Mersin halk\u0131n\u0131 \u00e7ok iyi tan\u0131yorum, bu anlamda muazzam insanlar. Biz hepsine sahip \u00e7\u0131kaca\u011f\u0131z&#8221; diye konu\u015ftu.<\/p>\n","protected":false},"excerpt":{"rendered":"<p>Mersin B\u00fcy\u00fck\u015fehir Belediye Ba\u015fkan\u0131 Vahap Se\u00e7er ve Meral Se\u00e7er, kentte Mersin B\u00fcy\u00fck\u015fehir Belediyesi taraf\u0131ndan kurulan ge\u00e7ici bar\u0131nma alanlar\u0131n\u0131 ziyaret etti, depremzedelere &#8220;Ge\u00e7mi\u015f olsun&#8221; dile\u011finde bulundu. Ba\u015fkan Se\u00e7er ac\u0131 felaketi ya\u015fayan &hellip; <a href=\"https:\/\/akdenizolaygazetesi.com\/?p=24160\" class=\"more-link\">Devam\u0131n\u0131 Oku&#8230;<\/a><\/p>\n","protected":false},"author":2,"featured_media":24161,"comment_status":"open","ping_status":"open","sticky":false,"template":"","format":"standard","meta":[],"categories":[2,3,5],"tags":[],"_links":{"self":[{"href":"https:\/\/akdenizolaygazetesi.com\/index.php?rest_route=\/wp\/v2\/posts\/24160"}],"collection":[{"href":"https:\/\/akdenizolaygazetesi.com\/index.php?rest_route=\/wp\/v2\/posts"}],"about":[{"href":"https:\/\/akdenizolaygazetesi.com\/index.php?rest_route=\/wp\/v2\/types\/post"}],"author":[{"embeddable":true,"href":"https:\/\/akdenizolaygazetesi.com\/index.php?rest_route=\/wp\/v2\/users\/2"}],"replies":[{"embeddable":true,"href":"https:\/\/akdenizolaygazetesi.com\/index.php?rest_route=%2Fwp%2Fv2%2Fcomments&post=24160"}],"version-history":[{"count":1,"href":"https:\/\/akdenizolaygazetesi.com\/index.php?rest_route=\/wp\/v2\/posts\/24160\/revisions"}],"predecessor-version":[{"id":24162,"href":"https:\/\/akdenizolaygazetesi.com\/index.php?rest_route=\/wp\/v2\/posts\/24160\/revisions\/24162"}],"wp:featuredmedia":[{"embeddable":true,"href":"https:\/\/akdenizolaygazetesi.com\/index.php?rest_route=\/wp\/v2\/media\/24161"}],"wp:attachment":[{"href":"https:\/\/akdenizolaygazetesi.com\/index.php?rest_route=%2Fwp%2Fv2%2Fmedia&parent=24160"}],"wp:term":[{"taxonomy":"category","embeddable":true,"href":"https:\/\/akdenizolaygazetesi.com\/index.php?rest_route=%2Fwp%2Fv2%2Fcategories&post=24160"},{"taxonomy":"post_tag","embeddable":true,"href":"https:\/\/akdenizolaygazetesi.com\/index.php?rest_route=%2Fwp%2Fv2%2Ftags&post=24160"}],"curies":[{"name":"wp","href":"https:\/\/api.w.org\/{rel}","templated":true}]}}