{"id":24166,"date":"2023-02-14T13:14:18","date_gmt":"2023-02-14T10:14:18","guid":{"rendered":"http:\/\/akdenizolaygazetesi.com\/?p=24166"},"modified":"2023-02-14T13:14:18","modified_gmt":"2023-02-14T10:14:18","slug":"akdenizde-gonuller-bir-oldu","status":"publish","type":"post","link":"https:\/\/akdenizolaygazetesi.com\/?p=24166","title":{"rendered":"AKDEN\u0130Z\u2019DE G\u00d6N\u00dcLLER B\u0130R OLDU"},"content":{"rendered":"<p>Akdeniz Belediyesi \u00d6zg\u00fcrl\u00fck Mahallesi K\u00fclt\u00fcr ve Sanat Evi kad\u0131n kursiyerleri, bu zorlu g\u00fcnlerde evlerinde oturmad\u0131; belediyeye ba\u011fl\u0131 k\u00fclt\u00fcr ve sanat evlerine yerle\u015fen y\u00fczlerce depremzede aile i\u00e7in seferberlik halinde seri halde giysi \u00fcretimine ge\u00e7ti.<br \/>\nAkdenizli kad\u0131nlar, so\u011fukla m\u00fccadele eden deprem ma\u011fduru vatanda\u015flar i\u00e7in i\u00e7lik ve fanila, \u00e7ocuk ve yeti\u015fkinler i\u00e7in polar kazaklar ve e\u015fofman tak\u0131mlar\u0131 \u00fcretimini s\u00fcrd\u00fcr\u00fcyor. Kursiyer kad\u0131nlar, \u00e7ar\u015faf, yorgan ve nevresimler de dikip, depremzede vatanda\u015flara ula\u015ft\u0131r\u0131lmak \u00fczere haz\u0131r hale getirirken, k\u00fclt\u00fcr evi kursiyerleri, kuma\u015f tedariki ve deste\u011fi s\u00fcrd\u00fck\u00e7e seri \u00fcretime devam edecek.<br \/>\nAkdeniz Belediye Ba\u015fkan\u0131 M. Mustafa G\u00fcltak, Mersin\u2019e gelen depremzede vatanda\u015flara ula\u015ft\u0131r\u0131lmak \u00fczere seri \u015fekilde y\u00fczlerce i\u00e7lik ve fanila, \u00e7ocuk ve yeti\u015fkinler i\u00e7in polar kazaklar ve e\u015fofman tak\u0131mlar\u0131 \u00fcretimini s\u00fcrd\u00fcren \u00d6zg\u00fcrl\u00fck Mahallesi K\u00fclt\u00fcr ve Sanat Evi kursiyerlerini ziyaret etti. Depremzedelerin bir yandan so\u011fuk havalarla m\u00fccadele etti\u011fini ifade eden Ba\u015fkan G\u00fcltak, bu nedenle \u00f6rnek bir dayan\u0131\u015fma \u00f6rne\u011fi sergileyip \u00e7e\u015fitli k\u0131yafetler \u00fcreten Akdenizli kad\u0131nlara te\u015fekk\u00fcr etti.<br \/>\nBa\u015fkan G\u00fcltak, \u201cD\u00fcnya tarihine ge\u00e7ecek bir afet ya\u015fad\u0131k\u201d<br \/>\nResmi kay\u0131tlara g\u00f6re 15 bin civar\u0131nda depremzede vatanda\u015f\u0131n Mersin\u2019e g\u00f6\u00e7 etti\u011fini belirten Ba\u015fkan G\u00fcltak, T\u00fcrkiye\u2019nin bir deprem \u00fclkesi oldu\u011funu vurgulad\u0131, g\u00f6reve geldi\u011fi ilk g\u00fcnden beri kentsel d\u00f6n\u00fc\u015f\u00fcm\u00fcn projelerinin \u00f6nemini vurgulad\u0131\u011f\u0131n\u0131n alt\u0131n\u0131 \u00e7izdi. \u201cD\u00fcnya tarihine ge\u00e7en b\u00fcy\u00fck bir afet ya\u015fad\u0131k. Bilim insanlar\u0131n\u0131n a\u00e7\u0131klamalar\u0131na g\u00f6re de\u011fil sadece y\u00fcz y\u0131l\u0131n, bin y\u0131l\u0131n afetler kar\u015f\u0131la\u015ft\u0131k\u201d diyen Ba\u015fkan G\u00fcltak, \u201cDeprem b\u00f6lgesini, Hatay ve Gaziantep\u2019e il\u00e7elerine gidip g\u00f6rd\u00fcm, burada depremin ilk g\u00fcn\u00fc yollad\u0131\u011f\u0131m\u0131z i\u015f makineleri yard\u0131m\u0131yla arama ve kurtarma faaliyeti y\u00fcr\u00fcten ekiplerimizden bilgi ald\u0131m, afetzede vatanda\u015flar\u0131m\u0131z\u0131 da dinledim. Hem depremzede halk\u0131m\u0131za hem de b\u00f6lgede \u00e7al\u0131\u015fan arkada\u015flar\u0131m\u0131za moral vermeye \u00e7al\u0131\u015ft\u0131m\u201d \u015feklinde konu\u015ftu.<br \/>\n\u201cMahalle k\u00fclt\u00fcr evlerine yerle\u015fen vatanda\u015flar\u0131n say\u0131s\u0131 bini buldu\u201d<br \/>\nBa\u015fkan G\u00fcltak; T\u00fcrk Milleti\u2019nin, zor g\u00fcnlerde bir araya gelmesini bilen necip bir millet oldu\u011funu dile getirdi; \u201cBizler de belediye olarak depremin ilk g\u00fcn\u00fcnden itibaren seferberlik ilan edip yard\u0131m kampanyas\u0131 ba\u015flatt\u0131k, hay\u0131rsever insanlar\u0131m\u0131z\u0131n da deste\u011fiyle toplad\u0131\u011f\u0131m\u0131z ya\u015fam malzemelerini b\u00f6lgeye ula\u015ft\u0131rd\u0131k. Son 2 g\u00fcnd\u00fcr de il\u00e7emize gelen depremzede ailelerimiz i\u00e7in seferberli\u011fimizi s\u00fcrd\u00fcr\u00fcyoruz. Mahalle k\u00fclt\u00fcr evlerimize gelen misafirlerimizin say\u0131s\u0131 zaman zaman bini buluyor. Kimi aileler bir s\u00fcre sonra Mersin veya di\u011fer illerdeki yak\u0131nlar\u0131n\u0131n yan\u0131na yerle\u015fiyor. B\u00fct\u00fcn mahalle evlerimizi ve belediyemize ait ancak daha \u00f6nce kullan\u0131lmayan tesislerimizi de a\u00e7\u0131p depremzede vatanda\u015flar\u0131m\u0131z i\u00e7in konaklayabilecekleri hale getirdik\u201d dedi.<br \/>\nK\u00fclt\u00fcr sanat evlerine yerle\u015fimler devam ediyor<br \/>\nT\u00fcm T\u00fcrkiye\u2019yi yasa bo\u011fan, 10 ili ve milyonlarca insan\u0131 etkileyen depremler sonras\u0131 harekete ge\u00e7en Akdeniz Belediyesi, deprem sonras\u0131 Mersin\u2019e g\u00f6\u00e7 eden vatanda\u015flar\u0131 yaln\u0131z b\u0131rakm\u0131yor. Bir yandan depremzede aileleri belediyenin k\u00fclt\u00fcr ve sanat evlerine yerle\u015ftirip a\u011f\u0131rlayan ve g\u00fcnde 3 \u00f6\u011f\u00fcn yemek ikram eden Akdeniz Belediyesi, hay\u0131rseverlerin de deste\u011fiyle g\u0131da \u00fcr\u00fcnleri, battaniye, yorgan, yast\u0131k, hal\u0131, k\u0131yafet, havlu, temizlik malzemeleri ile \u0131s\u0131t\u0131c\u0131 gibi ihtiya\u00e7lar\u0131 kar\u015f\u0131lamaya devam ediyor. Ekipler, depremzede vatanda\u015flara kuaf\u00f6rl\u00fck ve berberlik hizmeti de sunuyor. <\/p>\n","protected":false},"excerpt":{"rendered":"<p>Akdeniz Belediyesi \u00d6zg\u00fcrl\u00fck Mahallesi K\u00fclt\u00fcr ve Sanat Evi kad\u0131n kursiyerleri, bu zorlu g\u00fcnlerde evlerinde oturmad\u0131; belediyeye ba\u011fl\u0131 k\u00fclt\u00fcr ve sanat evlerine yerle\u015fen y\u00fczlerce depremzede aile i\u00e7in seferberlik halinde seri halde &hellip; <a href=\"https:\/\/akdenizolaygazetesi.com\/?p=24166\" class=\"more-link\">Devam\u0131n\u0131 Oku&#8230;<\/a><\/p>\n","protected":false},"author":2,"featured_media":24167,"comment_status":"open","ping_status":"open","sticky":false,"template":"","format":"standard","meta":[],"categories":[1,2,3,5],"tags":[],"_links":{"self":[{"href":"https:\/\/akdenizolaygazetesi.com\/index.php?rest_route=\/wp\/v2\/posts\/24166"}],"collection":[{"href":"https:\/\/akdenizolaygazetesi.com\/index.php?rest_route=\/wp\/v2\/posts"}],"about":[{"href":"https:\/\/akdenizolaygazetesi.com\/index.php?rest_route=\/wp\/v2\/types\/post"}],"author":[{"embeddable":true,"href":"https:\/\/akdenizolaygazetesi.com\/index.php?rest_route=\/wp\/v2\/users\/2"}],"replies":[{"embeddable":true,"href":"https:\/\/akdenizolaygazetesi.com\/index.php?rest_route=%2Fwp%2Fv2%2Fcomments&post=24166"}],"version-history":[{"count":1,"href":"https:\/\/akdenizolaygazetesi.com\/index.php?rest_route=\/wp\/v2\/posts\/24166\/revisions"}],"predecessor-version":[{"id":24168,"href":"https:\/\/akdenizolaygazetesi.com\/index.php?rest_route=\/wp\/v2\/posts\/24166\/revisions\/24168"}],"wp:featuredmedia":[{"embeddable":true,"href":"https:\/\/akdenizolaygazetesi.com\/index.php?rest_route=\/wp\/v2\/media\/24167"}],"wp:attachment":[{"href":"https:\/\/akdenizolaygazetesi.com\/index.php?rest_route=%2Fwp%2Fv2%2Fmedia&parent=24166"}],"wp:term":[{"taxonomy":"category","embeddable":true,"href":"https:\/\/akdenizolaygazetesi.com\/index.php?rest_route=%2Fwp%2Fv2%2Fcategories&post=24166"},{"taxonomy":"post_tag","embeddable":true,"href":"https:\/\/akdenizolaygazetesi.com\/index.php?rest_route=%2Fwp%2Fv2%2Ftags&post=24166"}],"curies":[{"name":"wp","href":"https:\/\/api.w.org\/{rel}","templated":true}]}}